{"id":4420,"date":"2012-12-16T18:00:09","date_gmt":"2012-12-16T15:00:09","guid":{"rendered":"https:\/\/www.enerjigazetesi.ist\/?p=4420"},"modified":"2012-12-16T19:38:25","modified_gmt":"2012-12-16T16:38:25","slug":"ocakta-dogalgaza-elektrige-zam-yok","status":"publish","type":"post","link":"https:\/\/www.enerjigazetesi.ist\/en\/ocakta-dogalgaza-elektrige-zam-yok\/","title":{"rendered":"(Turkish) Ocakta Do\u011falgaza Elektri\u011fe Zam Yok"},"content":{"rendered":"<p class=\"qtranxs-available-languages-message qtranxs-available-languages-message-en\">Sorry, this entry is only available in <a href=\"https:\/\/www.enerjigazetesi.ist\/tr\/wp-json\/wp\/v2\/posts\/4420\" class=\"qtranxs-available-language-link qtranxs-available-language-link-tr\" title=\"Turkish\">Turkish<\/a>. For the sake of viewer convenience, the content is shown below in the alternative language. You may click the link to switch the active language.<\/p><p><strong>Vatanda\u015fa &#8220;oh&#8221; dedirtecek haber Enerji Bakanl\u0131\u011f\u0131 M\u00fcste\u015far\u0131 Metin Kilci&#8217;den geldi.. M\u00fcste\u015far Kilci, 1 Ocak&#8217;ta elektrik ve do\u011falgaza zam yap\u0131lmayaca\u011f\u0131n\u0131 a\u00e7\u0131klad\u0131.<\/strong><\/p>\n<p>&nbsp;<\/p>\n<div><img loading=\"lazy\" class=\"alignright size-medium wp-image-2383\" title=\"dogalgaz_ve_elektrige_nisan_1_zammi_h7409\" src=\"https:\/\/www.enerjigazetesi.ist\/wp-content\/uploads\/2012\/09\/dogalgaz_ve_elektrige_nisan_1_zammi_h7409-300x158.jpg\" alt=\"\" width=\"300\" height=\"158\" srcset=\"https:\/\/www.enerjigazetesi.ist\/wp-content\/uploads\/2012\/09\/dogalgaz_ve_elektrige_nisan_1_zammi_h7409-300x158.jpg 300w, https:\/\/www.enerjigazetesi.ist\/wp-content\/uploads\/2012\/09\/dogalgaz_ve_elektrige_nisan_1_zammi_h7409-500x263.jpg 500w, https:\/\/www.enerjigazetesi.ist\/wp-content\/uploads\/2012\/09\/dogalgaz_ve_elektrige_nisan_1_zammi_h7409-80x42.jpg 80w, https:\/\/www.enerjigazetesi.ist\/wp-content\/uploads\/2012\/09\/dogalgaz_ve_elektrige_nisan_1_zammi_h7409.jpg 550w\" sizes=\"(max-width: 300px) 100vw, 300px\" \/>Enerji ve Tabii Kaynaklar Bakanl\u0131\u011f\u0131 M\u00fcste\u015far\u0131 Metin Kilci, Ekonomi Muhabirleri Derne\u011fi \u00fcyeleri ile biraraya geldi&#8230;<br \/>\nM\u00fcste\u015far Kilci&#8217;ye, merak edilen &#8220;Do\u011falgaza zam var m\u0131&#8221; sorusu da soruldu. Kilci, &#8220;1 Ocak 2013 tarihinde elektrik ve do\u011falgaza zam gerektirecek bir bask\u0131 \u00f6ng\u00f6rm\u00fcyoruz&#8221; dedi.<\/div>\n<div>Do\u011falgaz t\u00fcketimi hakk\u0131nda da bilgi veren Kilci, 2012 y\u0131l\u0131nda 48,5 milyar metrek\u00fcp do\u011falgaz t\u00fcketilmi\u015f olaca\u011f\u0131n\u0131 s\u00f6yledi. 2013 y\u0131l\u0131nda bu rakam\u0131n k\u00fc\u00e7\u00fck bir miktar artaca\u011f\u0131n\u0131 \u00f6ng\u00f6rd\u00fcklerini kaydeden Kilci, &#8220;Mevcut kontratlar ihtiyac\u0131m\u0131z olan gaz\u0131 kar\u015f\u0131lamaya yeterli, yeni uzun vadeli kontrat ihtiyac\u0131m\u0131z yok&#8221; de\u011ferlendirmesi yapt\u0131.<\/div>\n<div>Enerji ve Tabii Kaynaklar Bakanl\u0131\u011f\u0131 M\u00fcste\u015far\u0131 Kilci, ikinci n\u00fckleer projede ellerini ta\u015f\u0131n alt\u0131na koymak istediklerini belirterek, bu projede kamunun ve T\u00fcrk \u00f6zel sekt\u00f6r\u00fcn\u00fcn olmas\u0131 gerekti\u011fini vurgulad\u0131.<\/div>\n<div><\/div>\n<div>Kaynak: <a href=\"http:\/\/www.kanalb.com.tr\/haber.php?HaberNo=46129\" target=\"_blank\">Kanal B<\/a><\/div>\n<p><\/p>","protected":false},"excerpt":{"rendered":"<p>Sorry, this entry is only available in Turkish. For the sake of viewer convenience, the content is shown below in the alternative language. You may click the link to switch the active language.Vatanda\u015fa &#8220;oh&#8221; dedirtecek haber Enerji Bakanl\u0131\u011f\u0131 M\u00fcste\u015far\u0131 Metin Kilci&#8217;den geldi.. M\u00fcste\u015far Kilci, 1 Ocak&#8217;ta elektrik ve do\u011falgaza zam yap\u0131lmayaca\u011f\u0131n\u0131 a\u00e7\u0131klad\u0131. &nbsp; Enerji ve [&hellip;]<\/p>\n","protected":false},"author":1,"featured_media":2383,"comment_status":"open","ping_status":"open","sticky":false,"template":"","format":"standard","meta":[],"categories":[46,51,53],"tags":[656,657,1393,67,1394,1392],"views":811,"_links":{"self":[{"href":"https:\/\/www.enerjigazetesi.ist\/en\/wp-json\/wp\/v2\/posts\/4420"}],"collection":[{"href":"https:\/\/www.enerjigazetesi.ist\/en\/wp-json\/wp\/v2\/posts"}],"about":[{"href":"https:\/\/www.enerjigazetesi.ist\/en\/wp-json\/wp\/v2\/types\/post"}],"author":[{"embeddable":true,"href":"https:\/\/www.enerjigazetesi.ist\/en\/wp-json\/wp\/v2\/users\/1"}],"replies":[{"embeddable":true,"href":"https:\/\/www.enerjigazetesi.ist\/en\/wp-json\/wp\/v2\/comments?post=4420"}],"version-history":[{"count":3,"href":"https:\/\/www.enerjigazetesi.ist\/en\/wp-json\/wp\/v2\/posts\/4420\/revisions"}],"predecessor-version":[{"id":4446,"href":"https:\/\/www.enerjigazetesi.ist\/en\/wp-json\/wp\/v2\/posts\/4420\/revisions\/4446"}],"wp:featuredmedia":[{"embeddable":true,"href":"https:\/\/www.enerjigazetesi.ist\/en\/wp-json\/wp\/v2\/media\/2383"}],"wp:attachment":[{"href":"https:\/\/www.enerjigazetesi.ist\/en\/wp-json\/wp\/v2\/media?parent=4420"}],"wp:term":[{"taxonomy":"category","embeddable":true,"href":"https:\/\/www.enerjigazetesi.ist\/en\/wp-json\/wp\/v2\/categories?post=4420"},{"taxonomy":"post_tag","embeddable":true,"href":"https:\/\/www.enerjigazetesi.ist\/en\/wp-json\/wp\/v2\/tags?post=4420"}],"curies":[{"name":"wp","href":"https:\/\/api.w.org\/{rel}","templated":true}]}}