{"id":44118,"date":"2015-09-10T17:45:13","date_gmt":"2015-09-10T14:45:13","guid":{"rendered":"https:\/\/www.enerjigazetesi.ist\/?p=44118"},"modified":"2015-09-10T18:49:56","modified_gmt":"2015-09-10T15:49:56","slug":"dunyanin-en-buyuk-yuvarlak-ve-ekolojik-binasi-teknokure","status":"publish","type":"post","link":"https:\/\/www.enerjigazetesi.ist\/en\/dunyanin-en-buyuk-yuvarlak-ve-ekolojik-binasi-teknokure\/","title":{"rendered":"(Turkish) D\u00fcnyan\u0131n En B\u00fcy\u00fck Yuvarlak ve Ekolojik Binas\u0131: Teknok\u00fcre&#8230;"},"content":{"rendered":"<p class=\"qtranxs-available-languages-message qtranxs-available-languages-message-en\">Sorry, this entry is only available in <a href=\"https:\/\/www.enerjigazetesi.ist\/tr\/wp-json\/wp\/v2\/posts\/44118\" class=\"qtranxs-available-language-link qtranxs-available-language-link-tr\" title=\"Turkish\">Turkish<\/a>. For the sake of viewer convenience, the content is shown below in the alternative language. You may click the link to switch the active language.<\/p><p><span style=\"color: #000000;\"><strong>Bir\u00e7ok a\u00e7\u0131dan me\u015fhur olan Dubai \u015fehri, bu sefer de d\u00fcnyan\u0131n en b\u00fcy\u00fck yuvarlak ekolojik binas\u0131 ile g\u00fcndemde.<a href=\"https:\/\/www.enerjigazetesi.ist\/wp-content\/uploads\/2015\/09\/Teknok\u00fcre-1-310x205.jpg\"><img loading=\"lazy\" class=\"alignleft size-medium wp-image-44119\" src=\"https:\/\/www.enerjigazetesi.ist\/wp-content\/uploads\/2015\/09\/Teknok\u00fcre-1-310x205-300x198.jpg\" alt=\"Teknok\u00fcre-1-310x205\" width=\"300\" height=\"198\" srcset=\"https:\/\/www.enerjigazetesi.ist\/wp-content\/uploads\/2015\/09\/Teknok\u00fcre-1-310x205-300x198.jpg 300w, https:\/\/www.enerjigazetesi.ist\/wp-content\/uploads\/2015\/09\/Teknok\u00fcre-1-310x205-75x50.jpg 75w, https:\/\/www.enerjigazetesi.ist\/wp-content\/uploads\/2015\/09\/Teknok\u00fcre-1-310x205.jpg 310w\" sizes=\"(max-width: 300px) 100vw, 300px\" \/><\/a><\/strong><\/span><\/p>\n<p><span style=\"color: #000000;\"> Mimar James Law\u2019un \u00e7al\u0131\u015fmas\u0131 olan Teknok\u00fcre, konsept a\u00e7\u0131s\u0131ndan d\u00fcnyan\u0131n bir replikas\u0131 olarak d\u00fc\u015f\u00fcn\u00fclm\u00fc\u015f.\u00a0<span style=\"color: #008000;\"><strong>800 bin metre kare \u00fczerine geli\u015ftirilen bina, \u00e7evreye zarar vermemek i\u00e7in do\u011fay\u0131 taklit ediyor.<\/strong><\/span><\/span><\/p>\n<p><span style=\"color: #000000;\"><span style=\"color: #008000;\"><strong>40 katl\u0131 bu futuristik kubbe, 40 bin ki\u015fiyi bar\u0131nd\u0131rabilecek ve kendi kendine yetecek k\u00fc\u00e7\u00fck bir gezegen olarak tasarland\u0131.<\/strong>\u00a0<\/span>Teknok\u00fcre yerel malzemeler kullan\u0131larak yap\u0131ld\u0131 ve malzemelerde\u00a0<span style=\"color: #008000;\"><strong>\u201cenerji ve \u00e7evre tasar\u0131m\u0131 liderlik sertifikas\u0131\u201d<\/strong>\u00a0<\/span>arand\u0131. S\u00fcrd\u00fcr\u00fclebilir teknolojiler \u00fczerine kurulu yap\u0131,\u00a0<span style=\"color: #008000;\"><strong>\u00e7\u00f6ldeki a\u015f\u0131r\u0131 s\u0131caklarda karbon ayak izini azaltmay\u0131 hedefliyor.<\/strong><\/span><\/span><\/p>\n<p><a style=\"color: #444444;\" href=\"https:\/\/gaiadergi.com\/wp-content\/uploads\/2015\/09\/D%C3%85nyan%C3%A7n-en-b%C3%85y%C3%85k-yuvarlak-ve-ekolojik-binas%C3%A7-Teknok%C3%85re-5.jpg\"><img loading=\"lazy\" class=\"aligncenter wp-image-24744 tie-appear\" src=\"https:\/\/gaiadergi.com\/wp-content\/uploads\/2015\/09\/D%C3%85nyan%C3%A7n-en-b%C3%85y%C3%85k-yuvarlak-ve-ekolojik-binas%C3%A7-Teknok%C3%85re-5.jpg\" alt=\"D\u00c5nyan\u00e7n en b\u00c5y\u00c5k yuvarlak ve ekolojik binas\u00e7 Teknok\u00c5re (5)\" width=\"665\" height=\"499\" \/><\/a><\/p>\n<p><span style=\"color: #000000;\"><span style=\"color: #008000;\"><strong>Yap\u0131, enerjisini g\u00fcne\u015f enerjisinden sa\u011flayacak ve kendi enerjisini tamamen sa\u011flayabilecek, suyu geri d\u00f6n\u00fc\u015f\u00fcml\u00fc kullanacak ve ye\u015fil alanlar bar\u0131nd\u0131racak.<\/strong><\/span>\u00a0Bina i\u00e7indeki bah\u00e7elerin yan\u0131 s\u0131ra, bitkilerin bir k\u0131sm\u0131 da \u00e7at\u0131da; hem g\u00fcne\u015ften korunma sa\u011fl\u0131yor, hem havay\u0131 filtreleyerek i\u00e7eriye temiz hava al\u0131nmas\u0131n\u0131 sa\u011fl\u0131yor.<span style=\"color: #008000;\"><strong>\u00a0Oksijenin yapay\u00a0ya\u011fmur ormanlar\u0131ndan geldi\u011fi binada, yap\u0131 klima ihtiyac\u0131 olmadan do\u011fal olarak havaland\u0131r\u0131l\u0131yor.<\/strong><\/span>\u00a0Teknok\u00fcre yap\u0131lan yapay\u00a0bir nehirle suyu geri d\u00f6n\u00fc\u015ft\u00fcr\u00fcyor ve verimli olarak kullan\u0131yor.\u00a0<span style=\"color: #008000;\"><strong>Binada g\u00fcne\u015f enerjisi jenerat\u00f6rleri ve at\u0131k yakma f\u0131r\u0131nlar\u0131 mevcut, ayr\u0131ca yap\u0131da her\u015fey yeniden kullan\u0131labilecek \u015fekilde\u00a0 tasarlan\u0131yor.<br \/>\n<\/strong><\/span><\/span><span style=\"color: #000000;\"><a style=\"color: #444444;\" href=\"https:\/\/gaiadergi.com\/wp-content\/uploads\/2015\/09\/D%C3%85nyan%C3%A7n-en-b%C3%85y%C3%85k-yuvarlak-ve-ekolojik-binas%C3%A7-Teknok%C3%85re-5.jpg\"><br \/>\n<\/a>B\u00f6lgenin y\u00fcksek hava s\u0131cakl\u0131klar\u0131yla (48\u00b0C),\u00a0 ba\u015f edebilecek \u00f6n cephesi d\u00fc\u015f\u00fck emisyonlu, izolasyonlu polarize camla kapl\u0131. Cam, fotovoltaik h\u00fccreler i\u00e7eriyor.<span style=\"color: #008000;\"><strong>Fotovoltaik h\u00fccrelerin olu\u015fturdu\u011fu paneller, fotosentezin bitkileri beslemesi gibi binay\u0131 enerjiyle besliyor. Bu camlar ayr\u0131ca zararl\u0131 ultraviyole \u0131\u015f\u0131nlar\u0131n\u0131 kesip, fazla \u0131s\u0131nmadan koruyor.<\/strong><\/span>\u00a0Bu sayede so\u011futmadan da tasarruf ediliyor. Camlar\u0131n \u00f6zel yap\u0131s\u0131 teknok\u00fcreyi ses kirlili\u011finden de koruyor.<\/span><\/p>\n<p><a style=\"color: #444444;\" href=\"https:\/\/gaiadergi.com\/wp-content\/uploads\/2015\/09\/D%C3%85nyan%C3%A7n-en-b%C3%85y%C3%85k-yuvarlak-ve-ekolojik-binas%C3%A7-Teknok%C3%85re-6.jpg\"><img loading=\"lazy\" class=\"aligncenter wp-image-24745 tie-appear\" src=\"https:\/\/gaiadergi.com\/wp-content\/uploads\/2015\/09\/D%C3%85nyan%C3%A7n-en-b%C3%85y%C3%85k-yuvarlak-ve-ekolojik-binas%C3%A7-Teknok%C3%85re-6.jpg\" alt=\"D\u00c5nyan\u00e7n en b\u00c5y\u00c5k yuvarlak ve ekolojik binas\u00e7 Teknok\u00c5re (6)\" width=\"665\" height=\"499\" \/><\/a><\/p>\n<p><span style=\"color: #000000;\">K\u00fcresel yap\u0131n\u0131n tercih edilme sebebi de, k\u00fcre \u015feklinin geleneksel a\u00e7\u0131l\u0131 binalara g\u00f6re daha geni\u015f y\u00fczeye sahip olmas\u0131 ve bu sebeple sistemin daha kolay kurulmas\u0131, daha iyi \u00e7al\u0131\u015fmas\u0131: Binan\u0131n e\u015fsiz yap\u0131s\u0131, binadaki her noktan\u0131n ayn\u0131 olmas\u0131, yap\u0131daki her ba\u011flant\u0131n\u0131n seri \u00fcretebilmesini sa\u011fl\u0131yor. 800 bin metre karelik alanda; evler, ofisler, odalar\u0131n yan\u0131 s\u0131ra ofisler, al\u0131\u015fveri\u015f yerleri, oteller, sergi salonlar\u0131 ve konferans salonlar\u0131 da mevcut.<\/span><\/p>\n<p><span style=\"color: #000000;\">\u0130leri teknoloji ve mimari i\u00e7eren yap\u0131, 2008 y\u0131l\u0131nda gelece\u011fin binalar\u0131n\u0131n tan\u0131t\u0131ld\u0131\u011f\u0131<span style=\"color: #008000;\"><strong>\u201cUltraFuture Konferans\u0131\u201dnda<\/strong><\/span>\u00a0tan\u0131t\u0131lm\u0131\u015ft\u0131. Halen in\u015fas\u0131 devam eden yap\u0131n\u0131n, biti\u015f tarihi 2015 \u2013 2016 gibi d\u00fc\u015f\u00fcn\u00fclse de tam olarak netle\u015fmemi\u015f durumda.<\/span><\/p>\n<p><a style=\"color: #444444;\" href=\"https:\/\/gaiadergi.com\/wp-content\/uploads\/2015\/09\/Teknok%C3%BCre-2.jpg\"><img loading=\"lazy\" class=\"aligncenter wp-image-24746 tie-appear\" src=\"https:\/\/gaiadergi.com\/wp-content\/uploads\/2015\/09\/Teknok%C3%BCre-2.jpg\" alt=\"Teknok\u00fcre 2\" width=\"665\" height=\"499\" \/><\/a><\/p>\n<p><span style=\"color: #000000;\">Ekolojik bir binan\u0131n bu kadar l\u00fcks olmas\u0131 insana ayk\u0131r\u0131 gelse ve g\u00f6n\u00fcl daha yere yak\u0131n, daha sade bir yap\u0131 istese de, yap\u0131 Dubai \u015fartlar\u0131 g\u00f6z \u00f6n\u00fcne al\u0131nd\u0131\u011f\u0131nda daha kabul edilebilir geliyor. Sonu\u00e7ta her ortamda ekolojik yap\u0131lar\u0131n d\u00fc\u015f\u00fcn\u00fcl\u00fcyor olmas\u0131 d\u00fcnya a\u00e7\u0131s\u0131ndan umut verici\u2026<\/span><\/p>\n<p><span style=\"color: #000000;\"><strong>Kaynak:<\/strong>\u00a0<\/span><span style=\"color: #008000;\"><a style=\"color: #008000;\" href=\"http:\/\/mexico.cnn.com\/planetacnn\/2011\/07\/25\/la-tecnoesfera-el-edificio-redondo-mas-grande-y-ecologico-del-mundo\">CNN<\/a><\/span>,\u00a0<span style=\"color: #008000;\"><a style=\"color: #008000;\" href=\"http:\/\/www.renovablesverdes.com\/tecnoesfera-el-edificio-redondo-mas-impresionante-del-mundo\/\" target=\"_blank\">Renovables Verdes<\/a><\/span>,\u00a0<span style=\"color: #008000;\"><a style=\"color: #008000;\" href=\"http:\/\/diarioecologia.com\/la-tecnoesfera-el-edificio-redondo-mas-grande-y-ecologico-del-mundo\/\" target=\"_blank\">Diario Ecologia<\/a><\/span>,\u00a0<span style=\"color: #008000;\"><a style=\"color: #008000;\" href=\"http:\/\/inhabitat.com\/james-laws-technosphere-is-a-benign-deathstar-for-dubai\/james-law-technosphere-3\/\" target=\"_blank\">Inhabitat<\/a><\/span><\/p>","protected":false},"excerpt":{"rendered":"<p>Sorry, this entry is only available in Turkish. For the sake of viewer convenience, the content is shown below in the alternative language. You may click the link to switch the active language.Bir\u00e7ok a\u00e7\u0131dan me\u015fhur olan Dubai \u015fehri, bu sefer de d\u00fcnyan\u0131n en b\u00fcy\u00fck yuvarlak ekolojik binas\u0131 ile g\u00fcndemde. Mimar James Law\u2019un \u00e7al\u0131\u015fmas\u0131 olan Teknok\u00fcre, [&hellip;]<\/p>\n","protected":false},"author":1,"featured_media":44119,"comment_status":"open","ping_status":"open","sticky":false,"template":"","format":"standard","meta":[],"categories":[53,157],"tags":[9827,25025,25601,25602,2403,24884,25603,23251,25604,25605,25606,25607,105],"views":2131,"_links":{"self":[{"href":"https:\/\/www.enerjigazetesi.ist\/en\/wp-json\/wp\/v2\/posts\/44118"}],"collection":[{"href":"https:\/\/www.enerjigazetesi.ist\/en\/wp-json\/wp\/v2\/posts"}],"about":[{"href":"https:\/\/www.enerjigazetesi.ist\/en\/wp-json\/wp\/v2\/types\/post"}],"author":[{"embeddable":true,"href":"https:\/\/www.enerjigazetesi.ist\/en\/wp-json\/wp\/v2\/users\/1"}],"replies":[{"embeddable":true,"href":"https:\/\/www.enerjigazetesi.ist\/en\/wp-json\/wp\/v2\/comments?post=44118"}],"version-history":[{"count":1,"href":"https:\/\/www.enerjigazetesi.ist\/en\/wp-json\/wp\/v2\/posts\/44118\/revisions"}],"predecessor-version":[{"id":44120,"href":"https:\/\/www.enerjigazetesi.ist\/en\/wp-json\/wp\/v2\/posts\/44118\/revisions\/44120"}],"wp:featuredmedia":[{"embeddable":true,"href":"https:\/\/www.enerjigazetesi.ist\/en\/wp-json\/wp\/v2\/media\/44119"}],"wp:attachment":[{"href":"https:\/\/www.enerjigazetesi.ist\/en\/wp-json\/wp\/v2\/media?parent=44118"}],"wp:term":[{"taxonomy":"category","embeddable":true,"href":"https:\/\/www.enerjigazetesi.ist\/en\/wp-json\/wp\/v2\/categories?post=44118"},{"taxonomy":"post_tag","embeddable":true,"href":"https:\/\/www.enerjigazetesi.ist\/en\/wp-json\/wp\/v2\/tags?post=44118"}],"curies":[{"name":"wp","href":"https:\/\/api.w.org\/{rel}","templated":true}]}}