{"id":44103,"date":"2015-09-10T17:25:08","date_gmt":"2015-09-10T14:25:08","guid":{"rendered":"https:\/\/www.enerjigazetesi.ist\/?p=44103"},"modified":"2015-09-10T17:25:08","modified_gmt":"2015-09-10T14:25:08","slug":"istanbulda-coplerden-elektrik-uretimi","status":"publish","type":"post","link":"https:\/\/www.enerjigazetesi.ist\/en\/istanbulda-coplerden-elektrik-uretimi\/","title":{"rendered":"(Turkish) \u0130stanbul\u2019da \u00c7\u00f6plerden Elektrik \u00dcretimi&#8230;"},"content":{"rendered":"<p class=\"qtranxs-available-languages-message qtranxs-available-languages-message-en\">Sorry, this entry is only available in <a href=\"https:\/\/www.enerjigazetesi.ist\/tr\/wp-json\/wp\/v2\/posts\/44103\" class=\"qtranxs-available-language-link qtranxs-available-language-link-tr\" title=\"Turkish\">Turkish<\/a>. For the sake of viewer convenience, the content is shown below in the alternative language. You may click the link to switch the active language.<\/p><p><\/p>\n<p style=\"color: #666666;\"><strong style=\"font-weight: bold; color: #222222;\">Avrupa ve Anadolu yakas\u0131ndan, \u00f6zel ta\u015f\u0131ma ara\u00e7lar\u0131yla g\u00fcnde 700 sefer yap\u0131larak toplanan 17 bin ton at\u0131k \u201c\u00e7\u00f6pe gitmiyor\u201d, elektrik, g\u00fcbre ve yak\u0131ta d\u00f6n\u00fc\u015ft\u00fcr\u00fcl\u00fcyor.<\/strong><\/p>\n<p style=\"color: #666666;\"><a href=\"https:\/\/www.enerjigazetesi.ist\/wp-content\/uploads\/2015\/09\/alternatif-enerji-cop-500x500_c.jpg\"><img loading=\"lazy\" class=\"alignleft  wp-image-44104\" src=\"https:\/\/www.enerjigazetesi.ist\/wp-content\/uploads\/2015\/09\/alternatif-enerji-cop-500x500_c-300x300.jpg\" alt=\"alternatif-enerji-cop-500x500_c\" width=\"300\" height=\"324\" \/><\/a>\u0130stanbul\u2019da Avrupa ve Anadolu yakas\u0131ndan, \u00f6zel ta\u015f\u0131ma ara\u00e7lar\u0131yla g\u00fcnde 700 sefer yap\u0131larak toplanan 17 bin ton at\u0131k \u201c\u00e7\u00f6pe gitmiyor\u201d,<strong style=\"font-weight: bold; color: #222222;\">elektrik, g\u00fcbre ve yak\u0131ta<\/strong>\u00a0d\u00f6n\u00fc\u015ft\u00fcr\u00fcl\u00fcyor. \u0130stanbul\u2019un \u00e7\u00f6p\u00fcnden y\u0131ll\u0131k 340 milyon kilowatt\/saat\u00a0<strong style=\"font-weight: bold; color: #222222;\">elektrik enerjisi \u00fcretilirken<\/strong>, bu rakam Trabzon b\u00fcy\u00fckl\u00fc\u011f\u00fcnde bir \u015fehrin hane ba\u015f\u0131na\u00a0<strong style=\"font-weight: bold; color: #222222;\">elektrik ihtiyac\u0131n\u0131<\/strong>\u00a0kar\u015f\u0131layabiliyor.<\/p>\n<p style=\"color: #666666;\">www.trthaber.com\u2019un haberine g\u00f6re, her g\u00fcn 17 bin ton at\u0131\u011f\u0131n olu\u015ftu\u011fu \u0130stanbul\u2019da, kaynakta ayr\u0131 toplama, geri d\u00f6n\u00fc\u015f\u00fcm ve geri kazan\u0131m alanlar\u0131nda \u00e7e\u015fitli \u00e7al\u0131\u015fmalar y\u00fcr\u00fct\u00fcl\u00fcyor.<\/p>\n<p style=\"color: #666666;\">Kentte olu\u015fan\u00a0<strong style=\"font-weight: bold; color: #222222;\">at\u0131klar\u0131n<\/strong>\u00a0tamam\u0131, 1994 y\u0131l\u0131nda \u0130stanbul B\u00fcy\u00fck\u015fehir Belediyesinin bir kuru\u015fu olarak faaliyetlerine ba\u015flayan \u0130STA\u00c7 A\u015e taraf\u0131ndan, Asya ve Avrupa yakalar\u0131nda bulunan d\u00fczenli depolama sahalar\u0131nda \u00e7evreye ve insan sa\u011fl\u0131\u011f\u0131na zarar gelmeyecek \u015fekilde bertaraf ediliyor.<\/p>\n<p style=\"color: #666666;\">20 y\u0131ld\u0131r d\u00fczenli depolama faaliyeti y\u00fcr\u00fcten \u0130STA\u00c7 A\u015e,\u00a0<strong style=\"font-weight: bold; color: #222222;\">entegre at\u0131k y\u00f6netimi\u00a0<\/strong>\u00e7er\u00e7evesinde d\u00fczenli depolama sahalar\u0131 kurulumu ve i\u015fletilmesi, \u00e7\u00f6p s\u0131z\u0131nt\u0131 sular\u0131n\u0131n ar\u0131t\u0131lmas\u0131,\u00a0<strong style=\"font-weight: bold; color: #222222;\">\u00e7\u00f6p gaz\u0131ndan elektrik \u00fcretimi<\/strong>, organik at\u0131klardan kompost \u00fcretimi ve geri kazan\u0131m\u0131, end\u00fcstriyel at\u0131klar\u0131n y\u00f6netimi, t\u0131bbi at\u0131klar\u0131n toplanmas\u0131, ta\u015f\u0131nmas\u0131 ve bertaraf\u0131, ambalaj at\u0131klar\u0131n\u0131n geri d\u00f6n\u00fc\u015f\u00fcm\u00fc, gemilerden ve deniz y\u00fczeyinden at\u0131klar\u0131n toplanmas\u0131, geri kazan\u0131m\u0131 ve bertaraf\u0131, dere a\u011fz\u0131 \u00e7amur tarama ve \u0131slah \u00e7al\u0131\u015fmalar\u0131, \u00e7evre laboratuvar\u0131 hizmetleri, projelendirme ve dan\u0131\u015fmanl\u0131k deste\u011fi gibi \u00e7al\u0131\u015fmalar ger\u00e7ekle\u015ftiriyor.<\/p>\n<p style=\"color: #666666;\">Haberin devam\u0131 i\u00e7in\u00a0<a style=\"color: #fc8d8d;\" href=\"http:\/\/www.trthaber.com\/haber\/yasam\/istanbulda-17-bin-ton-atik-cope-gitmiyor-202687.html\" target=\"_blank\">t\u0131klay\u0131n<\/a><\/p>\n<p><\/p>","protected":false},"excerpt":{"rendered":"<p>Sorry, this entry is only available in Turkish. For the sake of viewer convenience, the content is shown below in the alternative language. You may click the link to switch the active language. Avrupa ve Anadolu yakas\u0131ndan, \u00f6zel ta\u015f\u0131ma ara\u00e7lar\u0131yla g\u00fcnde 700 sefer yap\u0131larak toplanan 17 bin ton at\u0131k \u201c\u00e7\u00f6pe gitmiyor\u201d, elektrik, g\u00fcbre ve yak\u0131ta [&hellip;]<\/p>\n","protected":false},"author":1,"featured_media":44104,"comment_status":"open","ping_status":"open","sticky":false,"template":"","format":"standard","meta":[],"categories":[51,53],"tags":[3119,640,68],"views":1011,"_links":{"self":[{"href":"https:\/\/www.enerjigazetesi.ist\/en\/wp-json\/wp\/v2\/posts\/44103"}],"collection":[{"href":"https:\/\/www.enerjigazetesi.ist\/en\/wp-json\/wp\/v2\/posts"}],"about":[{"href":"https:\/\/www.enerjigazetesi.ist\/en\/wp-json\/wp\/v2\/types\/post"}],"author":[{"embeddable":true,"href":"https:\/\/www.enerjigazetesi.ist\/en\/wp-json\/wp\/v2\/users\/1"}],"replies":[{"embeddable":true,"href":"https:\/\/www.enerjigazetesi.ist\/en\/wp-json\/wp\/v2\/comments?post=44103"}],"version-history":[{"count":1,"href":"https:\/\/www.enerjigazetesi.ist\/en\/wp-json\/wp\/v2\/posts\/44103\/revisions"}],"predecessor-version":[{"id":44105,"href":"https:\/\/www.enerjigazetesi.ist\/en\/wp-json\/wp\/v2\/posts\/44103\/revisions\/44105"}],"wp:featuredmedia":[{"embeddable":true,"href":"https:\/\/www.enerjigazetesi.ist\/en\/wp-json\/wp\/v2\/media\/44104"}],"wp:attachment":[{"href":"https:\/\/www.enerjigazetesi.ist\/en\/wp-json\/wp\/v2\/media?parent=44103"}],"wp:term":[{"taxonomy":"category","embeddable":true,"href":"https:\/\/www.enerjigazetesi.ist\/en\/wp-json\/wp\/v2\/categories?post=44103"},{"taxonomy":"post_tag","embeddable":true,"href":"https:\/\/www.enerjigazetesi.ist\/en\/wp-json\/wp\/v2\/tags?post=44103"}],"curies":[{"name":"wp","href":"https:\/\/api.w.org\/{rel}","templated":true}]}}