{"id":44043,"date":"2015-09-09T10:00:02","date_gmt":"2015-09-09T07:00:02","guid":{"rendered":"https:\/\/www.enerjigazetesi.ist\/?p=44043"},"modified":"2015-09-09T10:15:47","modified_gmt":"2015-09-09T07:15:47","slug":"norvecteki-tum-araclar-10-yil-icinde-sifir-emisyonlu-olacak","status":"publish","type":"post","link":"https:\/\/www.enerjigazetesi.ist\/en\/norvecteki-tum-araclar-10-yil-icinde-sifir-emisyonlu-olacak\/","title":{"rendered":"(Turkish) Norve\u00e7\u2019teki T\u00fcm Ara\u00e7lar 10 Y\u0131l \u0130\u00e7inde S\u0131f\u0131r Emisyonlu Olacak!"},"content":{"rendered":"<p class=\"qtranxs-available-languages-message qtranxs-available-languages-message-en\">Sorry, this entry is only available in <a href=\"https:\/\/www.enerjigazetesi.ist\/tr\/wp-json\/wp\/v2\/posts\/44043\" class=\"qtranxs-available-language-link qtranxs-available-language-link-tr\" title=\"Turkish\">Turkish<\/a>. For the sake of viewer convenience, the content is shown below in the alternative language. You may click the link to switch the active language.<\/p><p><span style=\"color: #000000;\"><strong>\u0130klim de\u011fi\u015fikli\u011fi, k\u00fcresel \u0131s\u0131nma, d\u00fcnyay\u0131 koruma kavramlar\u0131 do\u011frultusunda \u00f6nem kazanan \u201ckarbon emisyonun azalt\u0131lmas\u0131 kavram\u0131\u201d \u00fclkeleri bu konuda yeni ad\u0131mlar atmaya y\u00f6nlendiriyor.<\/strong> <\/span><\/p>\n<p><span style=\"color: #000000;\">\u015eimdi de elektrikli arabalar\u0131 yayg\u0131nla\u015ft\u0131ran birka\u00e7 \u00fclkeden biri olan Norve\u00e7 elektri\u011fini\u00a0<span style=\"color: #800000;\"><strong>y\u00fczde 97 oran\u0131nda yenilenebilir kaynaklardan,<\/strong>\u00a0<\/span>\u00e7o\u011funlukla da hidro-elektrikten sa\u011fl\u0131yor.<\/span><\/p>\n<p><span style=\"color: #000000;\"><img loading=\"lazy\" class=\"wp-image-23996 aligncenter tie-appear\" src=\"https:\/\/gaiadergi.com\/wp-content\/uploads\/2015\/09\/Norve%C3%A7%E2%80%99teki-t%C3%BCm-ara%C3%A7lar-10-y%C4%B1l-i%C3%A7inde-s%C4%B1f%C4%B1r-emisyonlu-olacak.jpg\" alt=\"Norve\u00e7\u2019teki t\u00fcm ara\u00e7lar 10 y\u0131l i\u00e7inde s\u0131f\u0131r emisyonlu olacak\" width=\"665\" height=\"499\" \/><\/span><\/p>\n<p><span style=\"color: #000000;\">Emisyonu 1990\u2019lar\u0131n seviyesinden y\u00fczde 40 oran\u0131nda azaltmak 15 y\u0131l ald\u0131 ve bu azalman\u0131n b\u00fcy\u00fck bir \u00e7o\u011funlu\u011fu ula\u015f\u0131m ara\u00e7lar\u0131ndan kaynaklan\u0131yor. G\u00fcn\u00fcm\u00fczde ula\u015f\u0131m\u00a0Norve\u00e7\u2019te de \u00fc\u00e7\u00fcnc\u00fc s\u0131rada emisyon kayna\u011f\u0131 olarak g\u00f6steriliyor.<\/span><\/p>\n<p><span style=\"color: #000000;\">Ba\u015fkent Oslo, toplam n\u00fcfusu 5,1 milyon olan Norve\u00e7\u2019in 1,4 milyonunu i\u00e7eriyor ve d\u00fcnyaya\u00a0<span style=\"color: #800000;\"><strong>ula\u015f\u0131m ara\u00e7lar\u0131ndan kaynaklanan sera gazlar\u0131n\u0131 azaltan<\/strong><\/span>\u00a0ilk \u00f6rnek olma hedefinde.<\/span><\/p>\n<p><span style=\"color: #000000;\">\u00dclkede; y\u00fcr\u00fcmek, bisiklete binmek, toplu ta\u015f\u0131m kullanmak \u00f6ncelikli durumda, ancak ara\u00e7lardan kaynakl\u0131 emisyon h\u00e2l\u00e2 \u00e7\u00f6z\u00fcm istiyor.<\/span><\/p>\n<p><a style=\"color: #444444;\" href=\"https:\/\/gaiadergi.com\/wp-content\/uploads\/2015\/09\/Elektrikli-Araba-Norve%C3%A7-2.jpg\"><img loading=\"lazy\" class=\"aligncenter wp-image-24027 tie-appear\" src=\"https:\/\/gaiadergi.com\/wp-content\/uploads\/2015\/09\/Elektrikli-Araba-Norve%C3%A7-2.jpg\" alt=\"Elektrikli Araba Norve\u00e7 2\" width=\"665\" height=\"443\" \/><\/a><\/p>\n<p><span style=\"color: #000000;\">Norve\u00e7 Parlementosu \u00fcyesi ve Enerji ve \u00c7evre Komitesi Ba\u015fkan\u0131 Ola Elvestuen\u2019\u0131n bu konuda a\u00e7\u0131klad\u0131\u011f\u0131 \u00f6nlemler \u015f\u00f6yle:<\/span><\/p>\n<ul>\n<li><span style=\"color: #800000;\"><strong>2015\u2019in sonunda t\u00fcm ara\u00e7lar elektrikli olacak.<\/strong><\/span><\/li>\n<li><span style=\"color: #800000;\"><strong>T\u00fcm toplu ta\u015f\u0131ma ara\u00e7lar\u0131 2020 y\u0131l\u0131na kadar fosil yak\u0131ttan ar\u0131nacak.<\/strong><\/span><\/li>\n<li><span style=\"color: #800000;\"><strong>T\u00fcm taksiler 2022 y\u0131l\u0131na kadar s\u0131f\u0131r emisyonlu olacak.<\/strong><\/span><\/li>\n<li><span style=\"color: #800000;\"><strong>2025 y\u0131l\u0131na kadar sat\u0131lan arabalar\u0131n yakla\u015f\u0131k y\u00fczde 100\u2019\u00fc s\u0131f\u0131r emisyon olacak.<\/strong><\/span><\/li>\n<\/ul>\n<p><span style=\"color: #000000;\">Bu d\u00f6n\u00fc\u015f\u00fcm\u00fc olas\u0131 k\u0131lmak i\u00e7in elektrikli ara\u00e7lar b\u00fcy\u00fck \u00f6l\u00e7\u00fcde te\u015fvik edici role sahipler. Bunun yan\u0131 s\u0131ra, bu ara\u00e7lar mali ve vergi avantajlar\u0131na da sahip.<span style=\"color: #800000;\"><strong>\u00a0\u00dccretsiz park hizmetleri d\u0131\u015f\u0131nda, paral\u0131 yollar, k\u00f6pr\u00fcler, t\u00fcneller ve feribotla ta\u015f\u0131nma \u00fccretsiz. Elektrikli ara\u00e7lar, otob\u00fcslere ayr\u0131lm\u0131\u015f \u015feritleri kullanabilme ayr\u0131cal\u0131\u011f\u0131na sahipler.<\/strong><\/span>\u00a0Bu \u00f6nlemler i\u015fe yar\u0131yor g\u00f6r\u00fcn\u00fcyor. Norve\u00e7 h\u00e2lihaz\u0131rda ki\u015fi ba\u015f\u0131 en y\u00fcksek elektrikli araca sahip \u00fclke durumunda ve bu y\u0131l sat\u0131lan her be\u015f arabadan biri elektrikli.<\/span><\/p>\n<p><span style=\"color: #000000;\">T\u00fcrkiye\u2019de de yeni yeni ilgi \u00e7ekmeye ba\u015flayan elektrikli ara\u00e7lar\u0131n durumu merak uyand\u0131r\u0131yor. Yak\u0131n gelecekte yayg\u0131nla\u015ft\u0131rma te\u015fvik edilecek mi? Sormadan ge\u00e7emiyor insan\u2026<\/span><\/p>\n<p><span style=\"color: #000000;\"><strong>Kaynak:\u00a0<\/strong><span style=\"color: #800000;\"><a style=\"color: #800000;\" href=\"http:\/\/diarioecologia.com\/todos-los-autos-en-noruega-seran-cero-emisiones-dentro-de-solo-10-anos\/?doing_wp_cron=1441113943.7402269840240478515625\">Diarioecologia<\/a><\/span><\/span><\/p>","protected":false},"excerpt":{"rendered":"<p>Sorry, this entry is only available in Turkish. For the sake of viewer convenience, the content is shown below in the alternative language. You may click the link to switch the active language.\u0130klim de\u011fi\u015fikli\u011fi, k\u00fcresel \u0131s\u0131nma, d\u00fcnyay\u0131 koruma kavramlar\u0131 do\u011frultusunda \u00f6nem kazanan \u201ckarbon emisyonun azalt\u0131lmas\u0131 kavram\u0131\u201d \u00fclkeleri bu konuda yeni ad\u0131mlar atmaya y\u00f6nlendiriyor. \u015eimdi de [&hellip;]<\/p>\n","protected":false},"author":1,"featured_media":44044,"comment_status":"open","ping_status":"open","sticky":false,"template":"","format":"standard","meta":[],"categories":[51,53,52],"tags":[25542,1999,1471],"views":1299,"_links":{"self":[{"href":"https:\/\/www.enerjigazetesi.ist\/en\/wp-json\/wp\/v2\/posts\/44043"}],"collection":[{"href":"https:\/\/www.enerjigazetesi.ist\/en\/wp-json\/wp\/v2\/posts"}],"about":[{"href":"https:\/\/www.enerjigazetesi.ist\/en\/wp-json\/wp\/v2\/types\/post"}],"author":[{"embeddable":true,"href":"https:\/\/www.enerjigazetesi.ist\/en\/wp-json\/wp\/v2\/users\/1"}],"replies":[{"embeddable":true,"href":"https:\/\/www.enerjigazetesi.ist\/en\/wp-json\/wp\/v2\/comments?post=44043"}],"version-history":[{"count":1,"href":"https:\/\/www.enerjigazetesi.ist\/en\/wp-json\/wp\/v2\/posts\/44043\/revisions"}],"predecessor-version":[{"id":44045,"href":"https:\/\/www.enerjigazetesi.ist\/en\/wp-json\/wp\/v2\/posts\/44043\/revisions\/44045"}],"wp:featuredmedia":[{"embeddable":true,"href":"https:\/\/www.enerjigazetesi.ist\/en\/wp-json\/wp\/v2\/media\/44044"}],"wp:attachment":[{"href":"https:\/\/www.enerjigazetesi.ist\/en\/wp-json\/wp\/v2\/media?parent=44043"}],"wp:term":[{"taxonomy":"category","embeddable":true,"href":"https:\/\/www.enerjigazetesi.ist\/en\/wp-json\/wp\/v2\/categories?post=44043"},{"taxonomy":"post_tag","embeddable":true,"href":"https:\/\/www.enerjigazetesi.ist\/en\/wp-json\/wp\/v2\/tags?post=44043"}],"curies":[{"name":"wp","href":"https:\/\/api.w.org\/{rel}","templated":true}]}}