{"id":43995,"date":"2015-09-08T10:17:35","date_gmt":"2015-09-08T07:17:35","guid":{"rendered":"https:\/\/www.enerjigazetesi.ist\/?p=43995"},"modified":"2015-09-08T10:17:35","modified_gmt":"2015-09-08T07:17:35","slug":"madenler-icin-dugmeye-basildi","status":"publish","type":"post","link":"https:\/\/www.enerjigazetesi.ist\/en\/madenler-icin-dugmeye-basildi\/","title":{"rendered":"(Turkish) Madenler \u0130\u00e7in D\u00fc\u011fmeye Bas\u0131ld\u0131&#8230;"},"content":{"rendered":"<p class=\"qtranxs-available-languages-message qtranxs-available-languages-message-en\">Sorry, this entry is only available in <a href=\"https:\/\/www.enerjigazetesi.ist\/tr\/wp-json\/wp\/v2\/posts\/43995\" class=\"qtranxs-available-language-link qtranxs-available-language-link-tr\" title=\"Turkish\">Turkish<\/a>. For the sake of viewer convenience, the content is shown below in the alternative language. You may click the link to switch the active language.<\/p><p><\/p>\n<p style=\"color: #363636;\"><strong>Enerji ve Tabii Kaynaklar Bakan\u0131 Ali R\u0131za Alaboyun, T\u00fcrkiye\u2019de madencili\u011fin geli\u015ftirilmesi i\u00e7in Maden Bakanl\u0131\u011f\u0131 ya da Ba\u015fbakanl\u0131\u011fa ba\u011fl\u0131 konuyla ilgili bir m\u00fcste\u015farl\u0131k kurulmas\u0131 gerekti\u011fini s\u00f6yledi.<\/strong><\/p>\n<p style=\"color: #363636;\"><a href=\"https:\/\/www.enerjigazetesi.ist\/wp-content\/uploads\/2015\/09\/timthumb-2.jpg\"><img loading=\"lazy\" class=\"alignleft size-full wp-image-43996\" src=\"https:\/\/www.enerjigazetesi.ist\/wp-content\/uploads\/2015\/09\/timthumb-2.jpg\" alt=\"timthumb (2)\" width=\"300\" height=\"300\" srcset=\"https:\/\/www.enerjigazetesi.ist\/wp-content\/uploads\/2015\/09\/timthumb-2.jpg 300w, https:\/\/www.enerjigazetesi.ist\/wp-content\/uploads\/2015\/09\/timthumb-2-150x150.jpg 150w, https:\/\/www.enerjigazetesi.ist\/wp-content\/uploads\/2015\/09\/timthumb-2-50x50.jpg 50w\" sizes=\"(max-width: 300px) 100vw, 300px\" \/><\/a>Alaboyun, K\u00f6m\u00fcr \u00dcreticileri Derne\u011fi\u2019nin Enerji ve Tabii Kaynaklar Bakanl\u0131\u011f\u0131na ger\u00e7ekle\u015ftirdi\u011fi ziyaretinde de\u011ferlerdirmelerde bulundu.<\/p>\n<p style=\"color: #363636;\">T\u00fcrk madencili\u011finin geli\u015ftirilmesi gerekti\u011fini vurgulayan Alaboyun, \u201cSay\u0131n Ba\u015fbakan\u0131m\u0131zla yapt\u0131\u011f\u0131m ikili g\u00f6r\u00fc\u015fmede de bir Maden Bakanl\u0131\u011f\u0131n\u0131n ya da Ba\u015fbakanl\u0131\u011fa ba\u011fl\u0131 konuyla ilgili bir m\u00fcste\u015farl\u0131\u011f\u0131n kurulmas\u0131n\u0131 \u00f6nerdim\u201d dedi.<\/p>\n<p style=\"color: #363636;\">Alaboyun, 15 Eyl\u00fcl tarihinde ger\u00e7ekle\u015ftirilecek Bakanlar Kurulu toplant\u0131s\u0131nda ana g\u00fcndem maddelerinden birinin madencilik olaca\u011f\u0131n\u0131 dile getirdi. Alaboyun, toplant\u0131da animasyon destekli sunumlar ile T\u00fcrk madencili\u011finin masaya yat\u0131r\u0131laca\u011f\u0131n\u0131 kaydetti.<\/p>\n<p style=\"color: #363636;\">Madencilikte yerli kaynaklar\u0131n yaln\u0131zca y\u00fczde 12\u2032sinin kullan\u0131ld\u0131\u011f\u0131n\u0131, elektrik \u00fcretiminde ise do\u011falgaz\u0131n oran\u0131n\u0131n azalt\u0131lmas\u0131 gerekti\u011fini s\u00f6yleyen Alaboyun, i\u015f sa\u011fl\u0131\u011f\u0131 ve g\u00fcvenli\u011finin de \u00f6ne \u00e7\u0131kar\u0131ld\u0131\u011f\u0131 yeni bir madencilik yasas\u0131 i\u00e7in \u00e7al\u0131\u015fmalara ba\u015flanaca\u011f\u0131n\u0131 dile getirdi.<\/p>\n<p style=\"color: #363636;\">Alaboyun, yerli k\u00f6m\u00fcr kaynaklar\u0131ndan elektrik \u00fcretiminin art\u0131r\u0131lmas\u0131n\u0131n daha do\u011fru oldu\u011funu, madenlere yap\u0131lacak yat\u0131r\u0131mlar\u0131n art\u0131r\u0131lmas\u0131 i\u00e7in de te\u015fviklerin gerekli oldu\u011funu s\u00f6zlerine ekledi.<\/p>\n<p style=\"color: #363636;\">\u201cSadece madencilik faaliyetleri ile ilgilenecek bir Maden Bakanl\u0131\u011f\u0131na ihtiya\u00e7 var\u201d<\/p>\n<p style=\"color: #363636;\">K\u00f6m\u00fcr \u00dcreticileri Derne\u011fi Ba\u015fkan\u0131 Muzaffer Polat da sekt\u00f6r\u00fcn i\u00e7inde bulundu\u011fu sorunlar\u0131 dile getirerek, \u201cMadencilik yap\u0131lacaksa d\u00fcnya \u00f6l\u00e7eklerinde uygulanabilir, s\u00fcrd\u00fcr\u00fclebilir, \u00f6l\u00fcmlerin olmad\u0131\u011f\u0131, i\u015f\u00e7inin de madencinin de mutlu oldu\u011fu bir ortam yarat\u0131lmas\u0131 i\u00e7in sadece madencilik faaliyetleri ile ilgilenen bir Maden Bakanl\u0131\u011f\u0131 kurulmal\u0131\u201d diye konu\u015ftu.<\/p>\n<p style=\"color: #363636;\">Polat, denetimlerin bir merkezde yap\u0131lmas\u0131 gerekti\u011fini belirterek, maden i\u015fletmecisinin i\u015flerini s\u00fcrd\u00fcrebilmek i\u00e7in 26 ayr\u0131 yerden izin almak zorunda kalabildi\u011fini anlatt\u0131.<\/p>\n<p style=\"color: #363636;\">Madencilik yasas\u0131 yeniden yap\u0131l\u0131rken, sekt\u00f6r\u00fcn g\u00f6r\u00fc\u015flerinin de al\u0131nmas\u0131 gerekti\u011fini kaydeden Polat, \u015funlar\u0131 s\u00f6yledi:<\/p>\n<p style=\"color: #363636;\">\u201cBir \u00e7al\u0131\u015fma ekibi olu\u015fturulmal\u0131 ve bu ekipte sivil toplum \u00f6rg\u00fctleri temsilcilerinden mevzuat\u0131 uygulayanlara, madencilikte tecr\u00fcbeli firma temsilcilerinden onlar\u0131 denetleyen tefti\u015f ekiplerine, \u00f6\u011fretim \u00fcyelerinden yurt d\u0131\u015f\u0131nda madencilik sekt\u00f6r\u00fcnde marka olmu\u015f T\u00fcrk vatanda\u015flar\u0131na kadar geni\u015f bir kat\u0131l\u0131m olmal\u0131.\u201d<\/p>\n<p style=\"color: #363636;\">\u201cK\u00f6m\u00fcr di\u011fer madencilik faaliyetlerinden ayr\u0131 d\u00fc\u015f\u00fcn\u00fclmeli\u201d<\/p>\n<p style=\"color: #363636;\">Polat, k\u00f6m\u00fcr madencili\u011finin di\u011fer madencilik faaliyetlerinden ayr\u0131 oldu\u011funu, bu nedenle devletin de k\u00f6m\u00fcr i\u015f\u00e7isinin de i\u015fverenin de haklar\u0131n\u0131 ve \u00fczerilerine d\u00fc\u015fen y\u00fck\u00fcml\u00fcl\u00fcklerin ayr\u0131nt\u0131l\u0131 tarif edildi\u011fi bir yasa olmas\u0131 gerekti\u011fini vurgulad\u0131.<\/p>\n<p style=\"color: #363636;\">Avustralya ve Amerika\u2019da k\u00f6m\u00fcr madencili\u011finin ayr\u0131 bir yasa ile d\u00fczenlendi\u011fine i\u015faret eden Polat, Soma\u2019da ya\u015fanan vahim maden kazas\u0131 nedeniyle olu\u015fturulan \u0130nceleme Komisyon Raporu\u2019nda da bu noktaya dikkat \u00e7ekildi\u011fini hat\u0131rlatt\u0131.<\/p>\n<p style=\"color: #363636;\">Polat, yerli k\u00f6m\u00fcrden \u00fcretilen enerji i\u00e7in te\u015fvik verilmesi ve al\u0131m garantisi getirilmesinin \u00f6nemini vurgulayarak, \u201cYerli madenlerimizden istihdam yaratarak, katma de\u011fer yarat\u0131larak \u00fcretilen enerji ile d\u00f6viz \u00f6denerek al\u0131nan ithal k\u00f6m\u00fcrden \u00fcretilen enerjinin ayn\u0131 kefeye konmamas\u0131 gerekiyor\u201d de\u011ferlendirmesinde bulundu.<\/p>\n<p style=\"color: #363636;\">Kaynak: AA<\/p>\n<p><\/p>","protected":false},"excerpt":{"rendered":"<p>Sorry, this entry is only available in Turkish. For the sake of viewer convenience, the content is shown below in the alternative language. You may click the link to switch the active language. Enerji ve Tabii Kaynaklar Bakan\u0131 Ali R\u0131za Alaboyun, T\u00fcrkiye\u2019de madencili\u011fin geli\u015ftirilmesi i\u00e7in Maden Bakanl\u0131\u011f\u0131 ya da Ba\u015fbakanl\u0131\u011fa ba\u011fl\u0131 konuyla ilgili bir m\u00fcste\u015farl\u0131k [&hellip;]<\/p>\n","protected":false},"author":1,"featured_media":43996,"comment_status":"open","ping_status":"open","sticky":false,"template":"","format":"standard","meta":[],"categories":[53,24649],"tags":[25276,63,1675,23475,5562,15652],"views":1207,"_links":{"self":[{"href":"https:\/\/www.enerjigazetesi.ist\/en\/wp-json\/wp\/v2\/posts\/43995"}],"collection":[{"href":"https:\/\/www.enerjigazetesi.ist\/en\/wp-json\/wp\/v2\/posts"}],"about":[{"href":"https:\/\/www.enerjigazetesi.ist\/en\/wp-json\/wp\/v2\/types\/post"}],"author":[{"embeddable":true,"href":"https:\/\/www.enerjigazetesi.ist\/en\/wp-json\/wp\/v2\/users\/1"}],"replies":[{"embeddable":true,"href":"https:\/\/www.enerjigazetesi.ist\/en\/wp-json\/wp\/v2\/comments?post=43995"}],"version-history":[{"count":1,"href":"https:\/\/www.enerjigazetesi.ist\/en\/wp-json\/wp\/v2\/posts\/43995\/revisions"}],"predecessor-version":[{"id":43997,"href":"https:\/\/www.enerjigazetesi.ist\/en\/wp-json\/wp\/v2\/posts\/43995\/revisions\/43997"}],"wp:featuredmedia":[{"embeddable":true,"href":"https:\/\/www.enerjigazetesi.ist\/en\/wp-json\/wp\/v2\/media\/43996"}],"wp:attachment":[{"href":"https:\/\/www.enerjigazetesi.ist\/en\/wp-json\/wp\/v2\/media?parent=43995"}],"wp:term":[{"taxonomy":"category","embeddable":true,"href":"https:\/\/www.enerjigazetesi.ist\/en\/wp-json\/wp\/v2\/categories?post=43995"},{"taxonomy":"post_tag","embeddable":true,"href":"https:\/\/www.enerjigazetesi.ist\/en\/wp-json\/wp\/v2\/tags?post=43995"}],"curies":[{"name":"wp","href":"https:\/\/api.w.org\/{rel}","templated":true}]}}