{"id":43986,"date":"2015-09-08T09:30:12","date_gmt":"2015-09-08T06:30:12","guid":{"rendered":"https:\/\/www.enerjigazetesi.ist\/?p=43986"},"modified":"2015-09-08T09:30:12","modified_gmt":"2015-09-08T06:30:12","slug":"pasif-evler-turkiyede-de-yayginlasmali","status":"publish","type":"post","link":"https:\/\/www.enerjigazetesi.ist\/en\/pasif-evler-turkiyede-de-yayginlasmali\/","title":{"rendered":"(Turkish) \u2018&#8217;Pasif Evler T\u00fcrkiye\u2019de De Yayg\u0131nla\u015fmal\u0131!&#8217;\u2019"},"content":{"rendered":"<p class=\"qtranxs-available-languages-message qtranxs-available-languages-message-en\">Sorry, this entry is only available in <a href=\"https:\/\/www.enerjigazetesi.ist\/tr\/wp-json\/wp\/v2\/posts\/43986\" class=\"qtranxs-available-language-link qtranxs-available-language-link-tr\" title=\"Turkish\">Turkish<\/a>. For the sake of viewer convenience, the content is shown below in the alternative language. You may click the link to switch the active language.<\/p><p><span style=\"font-weight: bold; color: #242424;\">K\u0131s\u0131tl\u0131 enerji kaynaklar\u0131n\u0131 en verimli \u015fekilde kullanmak zorunda olan T\u00fcrkiye\u2019de s\u0131f\u0131ra yak\u0131n enerji t\u00fcketimiyle \u00f6ne \u00e7\u0131kan pasif evlerin yayg\u0131nla\u015fmas\u0131 gerekti\u011fi belirtildi.<\/span><\/p>\n<div class=\"news_detail\" style=\"color: #0f0f0f;\"><img class=\"image_2\" title=\"\u2018Pasif evler T\u00fcrkiye\u2019de de yayg\u0131nla\u015fmal\u0131\u2019\" src=\"http:\/\/www.dunya.com\/d\/news\/122792.jpg\" alt=\"\u2018Pasif evler T\u00fcrkiye\u2019de de yayg\u0131nla\u015fmal\u0131\u2019\" width=\"677\" \/><\/div>\n<div class=\"middle_content_top\" style=\"color: #0f0f0f;\">\n<div class=\"top_social\"><strong>HAL\u0130L \u0130BRAH\u0130M U\u011eUR\u00a0<\/strong><\/div>\n<\/div>\n<div class=\"middle_content\" style=\"color: #0f0f0f;\">\n<div class=\"news_detail\">\n<div id=\"news_content\" class=\"text_content\" style=\"color: #4d4e53;\">\n<p><strong>ADANA\u00a0<\/strong><\/p>\n<p>T\u00fcrkiye \u0130n\u015faat Malzemesi Sanayicileri Derne\u011fi\u2019nin (T\u00fcrkiye \u0130MSAD) Anadolu Bulu\u015fmalar\u0131 kapsam\u0131nda d\u00fczenledi\u011fi \u2018Sekt\u00f6rel Geli\u015fim Toplant\u0131s\u0131\u2019n\u0131n 2\u2019incisi Adana Ticaret Odas\u0131 Meclis Salonu\u2019nda yap\u0131ld\u0131.<\/p>\n<p>\u2018Binalarda Enerji Verimlili\u011fi ve Finansman\u0131\u2019 konusunun ele al\u0131nd\u0131\u011f\u0131 toplant\u0131da konu\u015fan Adana Ticaret Odas\u0131 Meclis Ba\u015fkan\u0131 Tarkan Kulak, in\u015faat sekt\u00f6r\u00fcnde enerji verimlili\u011fine y\u00f6nelik \u00f6nlemler al\u0131nmas\u0131n\u0131n olumlu sonu\u00e7lar\u0131na i\u015faret ederek, \u201cD\u00fcnya genelinde Ar-Ge\u2019ye en b\u00fcy\u00fck pay enerji sekt\u00f6r\u00fcnde ayr\u0131l\u0131yor. Bir yanda, yakla\u015f\u0131k 400 alt sekt\u00f6r\u00fc destekleyen T\u00fcrkiye\u2019nin lokomotif sekt\u00f6r\u00fc in\u015faat, di\u011fer yandan d\u0131\u015fa ba\u011f\u0131ml\u0131 oldu\u011fumuz enerji&#8230; Birbirinden ayr\u0131lmas\u0131 m\u00fcmk\u00fcn olmayan bu iki unsuru en rantabl \u015fekilde kullanmak zorunday\u0131z. \u00d6zellikle gerek kamu, gerekse \u00f6zel yap\u0131lar\u0131n ba\u015flang\u0131\u00e7 a\u015famas\u0131nda; ba\u015fta \u0131s\u0131tma, so\u011futma olmak \u00fczere enerji verimlili\u011fini \u00f6n planda tutan k\u0131staslar\u0131n uygulanmas\u0131 konusunda kesinlikle \u00f6d\u00fcn verilmemeli. T\u00fcrkiye, d\u00fcnya genelinde sava\u015f sebebi say\u0131lan k\u0131s\u0131tl\u0131 enerji kaynaklar\u0131n\u0131 en verimli \u015fekilde kullanmak zorundad\u0131r\u201d dedi.<\/p>\n<p>T\u00fcrkiye \u0130MSAD Ba\u015fkan\u0131 Fethi Hinginar ise bu toplant\u0131lar sayesinde sekt\u00f6r payda\u015flar\u0131 ile Anadolu\u2019daki i\u015fbirli\u011fini g\u00fc\u00e7lendirmeyi, in\u015faat sekt\u00f6r\u00fcne ve \u00fclke ekonomisine yapt\u0131klar\u0131 katk\u0131y\u0131 art\u0131rmay\u0131 hedeflediklerini s\u00f6yledi. Adana\u2019n\u0131n son y\u0131llarda enerji verimlili\u011fi alan\u0131nda yapt\u0131\u011f\u0131 \u00e7al\u0131\u015fmalarla dikkat \u00e7ekti\u011fine i\u015faret eden Hinginar, ilde so\u011futma konusunda al\u0131nacak \u00f6nlemlerle enerji giderlerinde ciddi kazan\u00e7lar elde edilebilece\u011fini s\u00f6yledi.<\/p>\n<p><strong>Daha ya\u015fan\u0131labilir bir d\u00fcnya i\u00e7in Pasif Evler \u015fart\u00a0<\/strong><br \/>\nToplant\u0131da sunum yapan T\u00fcrkiye \u0130MSAD Ba\u015fkan Vekili ve \u0130zocam Genel M\u00fcd\u00fcr\u00fc Nuri Bulut, AB \u00fclkelerinde d\u00fc\u015f\u00fck seviyede enerji t\u00fcketimi odakl\u0131 bina standard\u0131 i\u00e7in \u00e7al\u0131\u015fmalar yap\u0131ld\u0131\u011f\u0131n\u0131 belirterek,<\/p>\n<p>\u201cPasif evler Avrupa\u2019da giderek yayg\u0131nla\u015ft\u0131. Daha ya\u015fan\u0131labilir bir d\u00fcnya i\u00e7in pasif evlere ge\u00e7i\u015f ka\u00e7\u0131n\u0131lmaz. S\u0131f\u0131ra yak\u0131n enerji t\u00fcketimiyle \u00f6ne \u00e7\u0131kan pasif evlerin T\u00fcrkiye gibi enerji t\u00fcketiminde d\u0131\u015fa ba\u011f\u0131ml\u0131 \u00fclkelerde daha fazla yayg\u0131nla\u015fmas\u0131 gerekiyor. Eski, konforsuz teknolojilerin yerine y\u00fcksek etkinlikte, yeni, konforlu teknoloji i\u00e7eren, ayn\u0131 zamanda enerji ihtiyac\u0131n\u0131 ve kullan\u0131m\u0131n\u0131 en aza indirgeyen multi konfor evler de ekonimiye katk\u0131da bulunacakt\u0131r\u201d dedi.<\/p>\n<p><strong>Is\u0131 kay\u0131plar\u0131 do\u011frama ve camlardan kaynakl\u0131\u00a0<\/strong><br \/>\n\u201cEnerji Verimlili\u011finde Cam\u201d konulu bir sunum yapan \u015ei\u015fecam D\u00fczcam Grubu \u0130\u015f Ortaklar\u0131 Geli\u015fim M\u00fcd\u00fcr\u00fc G\u00fcl Pek\u0131\u015f\u0131k da, \u201cD\u00fcnyadaki toplam enerji t\u00fcketiminin y\u00fczde 40\u2019\u0131 binalarda ger\u00e7ekle\u015fiyor. Bu nedenle binalardaki \u0131s\u0131 kayb\u0131n\u0131n \u00f6nlemesi b\u00fcy\u00fck \u00f6nem ta\u015f\u0131yor. Binalardaki \u0131s\u0131 kay\u0131plar\u0131 ise y\u00fczde 30 oran\u0131nda do\u011frama ve camlardan kaynakl\u0131. \u015ei\u015fecam D\u00fczcam Grubu, bu \u0131s\u0131 kayb\u0131n\u0131 engellemeye y\u00f6nelik olarak Low-E (Is\u0131cam Sinerji) ve Solar Low-E (Is\u0131cam Konfor) kaplamal\u0131 camlar\u0131 geli\u015ftirdi. Bu yeni nesil camlar, \u0131s\u0131 kay\u0131plar\u0131n\u0131n standart \u00e7ift cama g\u00f6re y\u00fczde 50 oran\u0131nda azalt\u0131lmas\u0131n\u0131 sa\u011fl\u0131yor. Binada \u0131s\u0131tman\u0131n yan\u0131 s\u0131ra so\u011futma s\u0131ras\u0131nda olu\u015fabilecek enerji kay\u0131plar\u0131n\u0131 \u00f6nlemeye y\u00f6nelik \u00f6zellikleriyle dikkat \u00e7ekiyor. Is\u0131cam Konfor ile bina i\u00e7ine giren g\u00fcne\u015f \u0131s\u0131s\u0131 azalt\u0131larak so\u011futma giderlerinden de tasarruf edilebiliyor\u201d diye konu\u015ftu.<\/p>\n<p><strong>Avrupa, \u2018Sezonsal Verimlilik\u2019 kriterlerine ge\u00e7ti\u00a0<\/strong><br \/>\n\u201cIs\u0131tma ve So\u011futma Sistemlerinde Enerji verimlili\u011fi\u201d konulu bir sunum yapan Demir D\u00f6k\u00fcm Teknik ve E\u011fitim M\u00fcd\u00fcr\u00fc Mustafa Balkan da yenilenebilir enerji kaynaklar\u0131ndan yararlan\u0131larak enerji verimli sistem \u00e7\u00f6z\u00fcmlerinin \u00fcretilmesi ve bu sistemlerin mevcut sistemlere adapte edilmesi gerekti\u011fini ifade ederek, \u201cA s\u0131n\u0131f\u0131 B s\u0131n\u0131f\u0131 gibi enerji etiketlerinin enerji verimlili\u011fini tam ifade etmemesinden dolay\u0131, Eco Dizayn Direktifi (ErP) uyar\u0131nca Avrupa \u00fclkeleri 2013 y\u0131l\u0131ndan itibaren \u0131s\u0131tma ve so\u011futma cihazlar\u0131n\u0131n ger\u00e7ek enerji verimlili\u011fini \u00f6l\u00e7en Sezonsal Verimlilik kriterlerine ge\u00e7ti\u201d dedi.<\/p>\n<p>WILO \u00d6zel M\u00fc\u015fteri M\u00fcd\u00fcr\u00fc G\u00f6khan Uzuner de tesisat grubu yap\u0131 elemanlar\u0131n i\u00e7erisinde en fazla elektrik t\u00fcketiminin pompa motorlar\u0131ndan kaynakland\u0131\u011f\u0131na dikkat \u00e7ekerek, enerji verimlili\u011fi \u00e7al\u0131\u015fmalar\u0131 ve pompa de\u011fi\u015fim projeleri ile iyile\u015ftirmeler yap\u0131larak y\u00fcksek enerji tasarrufu sa\u011flanabilece\u011fini vurgulad\u0131.<\/p>\n<\/div>\n<div class=\"clear\"><\/div>\n<\/div>\n<div class=\"banner\"><iframe loading=\"lazy\" id=\"a80f673c\" src=\"http:\/\/ads.dunya.com\/adframe.php?n=a80f673c&amp;what=zone:19\" name=\"a80f673c\" width=\"610\" height=\"60\" frameborder=\"no\" scrolling=\"no\"><\/iframe><\/div>\n<\/div>\n<p><\/p>","protected":false},"excerpt":{"rendered":"<p>Sorry, this entry is only available in Turkish. For the sake of viewer convenience, the content is shown below in the alternative language. You may click the link to switch the active language.K\u0131s\u0131tl\u0131 enerji kaynaklar\u0131n\u0131 en verimli \u015fekilde kullanmak zorunda olan T\u00fcrkiye\u2019de s\u0131f\u0131ra yak\u0131n enerji t\u00fcketimiyle \u00f6ne \u00e7\u0131kan pasif evlerin yayg\u0131nla\u015fmas\u0131 gerekti\u011fi belirtildi. HAL\u0130L \u0130BRAH\u0130M [&hellip;]<\/p>\n","protected":false},"author":1,"featured_media":43988,"comment_status":"open","ping_status":"open","sticky":false,"template":"","format":"standard","meta":[],"categories":[53,52],"tags":[25512],"views":1305,"_links":{"self":[{"href":"https:\/\/www.enerjigazetesi.ist\/en\/wp-json\/wp\/v2\/posts\/43986"}],"collection":[{"href":"https:\/\/www.enerjigazetesi.ist\/en\/wp-json\/wp\/v2\/posts"}],"about":[{"href":"https:\/\/www.enerjigazetesi.ist\/en\/wp-json\/wp\/v2\/types\/post"}],"author":[{"embeddable":true,"href":"https:\/\/www.enerjigazetesi.ist\/en\/wp-json\/wp\/v2\/users\/1"}],"replies":[{"embeddable":true,"href":"https:\/\/www.enerjigazetesi.ist\/en\/wp-json\/wp\/v2\/comments?post=43986"}],"version-history":[{"count":1,"href":"https:\/\/www.enerjigazetesi.ist\/en\/wp-json\/wp\/v2\/posts\/43986\/revisions"}],"predecessor-version":[{"id":43987,"href":"https:\/\/www.enerjigazetesi.ist\/en\/wp-json\/wp\/v2\/posts\/43986\/revisions\/43987"}],"wp:featuredmedia":[{"embeddable":true,"href":"https:\/\/www.enerjigazetesi.ist\/en\/wp-json\/wp\/v2\/media\/43988"}],"wp:attachment":[{"href":"https:\/\/www.enerjigazetesi.ist\/en\/wp-json\/wp\/v2\/media?parent=43986"}],"wp:term":[{"taxonomy":"category","embeddable":true,"href":"https:\/\/www.enerjigazetesi.ist\/en\/wp-json\/wp\/v2\/categories?post=43986"},{"taxonomy":"post_tag","embeddable":true,"href":"https:\/\/www.enerjigazetesi.ist\/en\/wp-json\/wp\/v2\/tags?post=43986"}],"curies":[{"name":"wp","href":"https:\/\/api.w.org\/{rel}","templated":true}]}}