{"id":43977,"date":"2015-09-07T22:57:43","date_gmt":"2015-09-07T19:57:43","guid":{"rendered":"https:\/\/www.enerjigazetesi.ist\/?p=43977"},"modified":"2015-09-07T22:57:43","modified_gmt":"2015-09-07T19:57:43","slug":"kenan-yavuz-turkiyenin-enerji-merkezi-olma-iddiasi-engellenmek-isteniyor","status":"publish","type":"post","link":"https:\/\/www.enerjigazetesi.ist\/en\/kenan-yavuz-turkiyenin-enerji-merkezi-olma-iddiasi-engellenmek-isteniyor\/","title":{"rendered":"(Turkish) Kenan Yavuz: \u201cT\u00fcrkiye\u2019nin Enerji Merkezi Olma \u0130ddias\u0131 Engellenmek \u0130steniyor&#8230;\u201d"},"content":{"rendered":"<p class=\"qtranxs-available-languages-message qtranxs-available-languages-message-en\">Sorry, this entry is only available in <a href=\"https:\/\/www.enerjigazetesi.ist\/tr\/wp-json\/wp\/v2\/posts\/43977\" class=\"qtranxs-available-language-link qtranxs-available-language-link-tr\" title=\"Turkish\">Turkish<\/a>. For the sake of viewer convenience, the content is shown below in the alternative language. You may click the link to switch the active language.<\/p><p><\/p>\n<p style=\"color: #222222;\"><strong>SOCAR T\u00fcrkiye \u00dcst Y\u00f6neticisi Kenan Yavuz, T\u00fcrkiye\u2019ye yabanc\u0131 yat\u0131r\u0131mc\u0131 gelmesini engelleyecek bir durum g\u00f6rmedi\u011fini belirterek, \u201cT\u00fcrkiye\u2019deki i\u00e7 tart\u0131\u015fmalar gere\u011finden fazla T\u00fcrkiye\u2019deki risk alg\u0131s\u0131n\u0131 y\u00fckseltiyor. Y\u00fckselen ter\u00f6r olaylar\u0131 ile de bir yerde T\u00fcrkiye\u2019nin enerji merkezi olma iddias\u0131 engellenmek isteniyor\u201d dedi.<\/strong><span id=\"more-73378\"><\/span><\/p>\n<p style=\"color: #222222;\">Yenilenebilir enerji hedeflerinde istenilen sonu\u00e7lara ula\u015f\u0131lamad\u0131\u011f\u0131n\u0131 vurgulayan Yavuz, insanlar\u0131n petrol, do\u011falgaz ve k\u00f6m\u00fcre olan ba\u011f\u0131ml\u0131l\u0131klar\u0131n\u0131n ve n\u00fckleer enerji ihtiyac\u0131n\u0131n devam edece\u011fini s\u00f6yledi. \u201cFosil yak\u0131tlara ba\u011f\u0131ml\u0131l\u0131k d\u00fc<a href=\"https:\/\/www.enerjigazetesi.ist\/wp-content\/uploads\/2015\/09\/kenan-yavuz-turkiyenin-enerji-merkezi-olma-iddiasi-engellenmek-isteniyor.jpg\"><img loading=\"lazy\" class=\"alignright size-medium wp-image-43978\" src=\"https:\/\/www.enerjigazetesi.ist\/wp-content\/uploads\/2015\/09\/kenan-yavuz-turkiyenin-enerji-merkezi-olma-iddiasi-engellenmek-isteniyor-300x165.jpg\" alt=\"kenan-yavuz-turkiyenin-enerji-merkezi-olma-iddiasi-engellenmek-isteniyor\" width=\"300\" height=\"165\" srcset=\"https:\/\/www.enerjigazetesi.ist\/wp-content\/uploads\/2015\/09\/kenan-yavuz-turkiyenin-enerji-merkezi-olma-iddiasi-engellenmek-isteniyor-300x165.jpg 300w, https:\/\/www.enerjigazetesi.ist\/wp-content\/uploads\/2015\/09\/kenan-yavuz-turkiyenin-enerji-merkezi-olma-iddiasi-engellenmek-isteniyor-500x276.jpg 500w, https:\/\/www.enerjigazetesi.ist\/wp-content\/uploads\/2015\/09\/kenan-yavuz-turkiyenin-enerji-merkezi-olma-iddiasi-engellenmek-isteniyor-80x44.jpg 80w, https:\/\/www.enerjigazetesi.ist\/wp-content\/uploads\/2015\/09\/kenan-yavuz-turkiyenin-enerji-merkezi-olma-iddiasi-engellenmek-isteniyor.jpg 696w\" sizes=\"(max-width: 300px) 100vw, 300px\" \/><\/a>nyada \u015fu an y\u00fczde 55, bu oran artmaya devam ediyor. Dolay\u0131s\u0131yla enerjiyle ilgili olu\u015fan hayal k\u0131r\u0131kl\u0131\u011f\u0131n\u0131n da giderilmesi i\u00e7in \u00e7al\u0131\u015fmalar yap\u0131lmas\u0131 gerekiyor\u201d diyen Yavuz, T\u00fcrkiye\u2019nin de bu alanlarda daha etkin olmas\u0131, k\u00f6m\u00fcr\u00fcn iyi de\u011ferlendirmesi ve n\u00fckleer enerjinin bir an \u00f6nce hayata ge\u00e7irilmesi gerekti\u011fini belirtti.<\/p>\n<p style=\"color: #222222;\">Yavuz, konu\u015fmas\u0131na \u015f\u00f6yle devam etti:<\/p>\n<p style=\"color: #222222;\">\u201cT\u00fcrkiye\u2019ye yabanc\u0131 yat\u0131r\u0131mc\u0131 gelmesini engelleyecek bir etmen g\u00f6rm\u00fcyorum fakat T\u00fcrkiye\u2019deki i\u00e7 tart\u0131\u015fmalar gere\u011finden fazla T\u00fcrkiye\u2019deki risk alg\u0131s\u0131n\u0131 y\u00fckseltiyor. Y\u00fckselen ter\u00f6r olaylar\u0131 ile de bir yerde T\u00fcrkiye\u2019nin enerji merkezi olma iddias\u0131 engellenmek isteniyor. B\u00f6yle bak\u0131ld\u0131\u011f\u0131nda T\u00fcrkiye\u2019de bizim her \u015feyden \u00f6nce \u00fclkemizin gelece\u011fi ad\u0131na risk alg\u0131s\u0131n\u0131 y\u00fckseltecek tart\u0131\u015fmalardan uzak durmam\u0131z gerekiyor diye d\u00fc\u015f\u00fcn\u00fcyorum. \u00d6te yandan, petrol\u00fcn varil ba\u015f\u0131 fiyat\u0131ndaki ve kurdaki dalgalanmalar \u00fcreten ekonomileri etkilemez. \u00d6nemli olan \u00fcretimdir, petrol fiyatlar\u0131 iner ya da \u00e7\u0131kar. Petrol fiyatlar\u0131 y\u00fcksekken T\u00fcrkiye\u2019nin b\u00fcy\u00fcme oran\u0131 daha y\u00fcksekti. Petrol\u00fcn paras\u0131n\u0131 kazan\u0131r \u00f6dersiniz, bug\u00fcn d\u00fc\u015f\u00fck petrol fiyatlar\u0131 T\u00fcrkiye\u2019nin cari a\u00e7\u0131\u011f\u0131na olumlu katk\u0131da bulunuyor ama di\u011fer yandan da ihracat pazarlar\u0131m\u0131z\u0131 vuruyor. \u00dcreten bir ekonomi oldu\u011funuz taktirde petrol veya do\u011falgaz fiyat\u0131n\u0131n inmesi \u00e7\u0131kmas\u0131, kur, Amerika veya Avrupa merkez bankalar\u0131n\u0131n ald\u0131\u011f\u0131 kararlar sizi \u00e7ok ilgilendirmez, yeter ki cari a\u00e7\u0131\u011f\u0131n\u0131z\u0131 finansal \u00f6nlemlerle de\u011fil t\u00fcketti\u011finizi kendiniz \u00fcreterek \u00e7\u00f6z\u00fcn.\u201d<\/p>\n<p style=\"color: #222222;\">Liran\u0131n dolar kar\u015f\u0131s\u0131nda a\u015f\u0131r\u0131 de\u011fer kaybetmesinin spek\u00fclatif atmosferden kaynakland\u0131\u011f\u0131n\u0131 vurgulayan Yavuz, bu durumun petrol fiyatlar\u0131n\u0131n olumlu etkisini belirli \u00f6l\u00e7\u00fcde ortadan kald\u0131rd\u0131\u011f\u0131n\u0131 s\u00f6yledi. \u201cMevcut i\u00e7 tart\u0131\u015fmalar ortadan kalkt\u0131\u011f\u0131nda, Merkez Bankas\u0131\u2019n\u0131n herhangi bir faiz artt\u0131r\u0131m\u0131na gerek kalmaks\u0131z\u0131n dolar\u0131n 2,80\u2019lerin alt\u0131na d\u00f6nmesi gerekti\u011fini d\u00fc\u015f\u00fcn\u00fcyorum\u201d de\u011ferlendirmesinde bulunan Yavuz, SOCAR T\u00fcrkiye olarak bu t\u00fcr olaylardan olumsuz etkilenmediklerini aktard\u0131.<\/p>\n<p style=\"color: #222222;\">Goldman Sachs\u2019la ger\u00e7ekle\u015ftirdikleri anla\u015fma sonucu T\u00fcrkiye\u2019ye 1,3 milyar dolar nakit giri\u015fi sa\u011fland\u0131\u011f\u0131n\u0131 hat\u0131rlatan Yavuz, \u201cBizim projelerimizi yat\u0131r\u0131mlar\u0131m\u0131z\u0131 olumsuz etkileyen hi\u00e7bir etmen yok. Bu insanlara \u015fa\u015f\u0131rt\u0131c\u0131 gelebilir. Herkeste garip bir \u015fekilde atmosfer olu\u015ftu, sanki her \u015fey k\u00f6t\u00fc gidiyormu\u015f gibi. Bu do\u011fru de\u011fil, Goldman Sachs\u2019la yapt\u0131\u011f\u0131m\u0131z bu i\u015f birli\u011fi durumun b\u00f6yle olmad\u0131\u011f\u0131n\u0131n en b\u00fcy\u00fck g\u00f6stergelerinden birisi\u201d diye konu\u015ftu.<\/p>\n<p style=\"color: #222222;\">Kaynak: Enerji Enstit\u00fcs\u00fc<\/p>\n<p><\/p>","protected":false},"excerpt":{"rendered":"<p>Sorry, this entry is only available in Turkish. For the sake of viewer convenience, the content is shown below in the alternative language. You may click the link to switch the active language. SOCAR T\u00fcrkiye \u00dcst Y\u00f6neticisi Kenan Yavuz, T\u00fcrkiye\u2019ye yabanc\u0131 yat\u0131r\u0131mc\u0131 gelmesini engelleyecek bir durum g\u00f6rmedi\u011fini belirterek, \u201cT\u00fcrkiye\u2019deki i\u00e7 tart\u0131\u015fmalar gere\u011finden fazla T\u00fcrkiye\u2019deki risk [&hellip;]<\/p>\n","protected":false},"author":1,"featured_media":43978,"comment_status":"open","ping_status":"open","sticky":false,"template":"","format":"standard","meta":[],"categories":[53],"tags":[92,63,67,1009,3443,2698,165,532,3106,25500,21,59,347,769,846],"views":987,"_links":{"self":[{"href":"https:\/\/www.enerjigazetesi.ist\/en\/wp-json\/wp\/v2\/posts\/43977"}],"collection":[{"href":"https:\/\/www.enerjigazetesi.ist\/en\/wp-json\/wp\/v2\/posts"}],"about":[{"href":"https:\/\/www.enerjigazetesi.ist\/en\/wp-json\/wp\/v2\/types\/post"}],"author":[{"embeddable":true,"href":"https:\/\/www.enerjigazetesi.ist\/en\/wp-json\/wp\/v2\/users\/1"}],"replies":[{"embeddable":true,"href":"https:\/\/www.enerjigazetesi.ist\/en\/wp-json\/wp\/v2\/comments?post=43977"}],"version-history":[{"count":1,"href":"https:\/\/www.enerjigazetesi.ist\/en\/wp-json\/wp\/v2\/posts\/43977\/revisions"}],"predecessor-version":[{"id":43979,"href":"https:\/\/www.enerjigazetesi.ist\/en\/wp-json\/wp\/v2\/posts\/43977\/revisions\/43979"}],"wp:featuredmedia":[{"embeddable":true,"href":"https:\/\/www.enerjigazetesi.ist\/en\/wp-json\/wp\/v2\/media\/43978"}],"wp:attachment":[{"href":"https:\/\/www.enerjigazetesi.ist\/en\/wp-json\/wp\/v2\/media?parent=43977"}],"wp:term":[{"taxonomy":"category","embeddable":true,"href":"https:\/\/www.enerjigazetesi.ist\/en\/wp-json\/wp\/v2\/categories?post=43977"},{"taxonomy":"post_tag","embeddable":true,"href":"https:\/\/www.enerjigazetesi.ist\/en\/wp-json\/wp\/v2\/tags?post=43977"}],"curies":[{"name":"wp","href":"https:\/\/api.w.org\/{rel}","templated":true}]}}