{"id":43962,"date":"2015-09-07T17:25:43","date_gmt":"2015-09-07T14:25:43","guid":{"rendered":"https:\/\/www.enerjigazetesi.ist\/?p=43962"},"modified":"2015-09-07T17:25:43","modified_gmt":"2015-09-07T14:25:43","slug":"yerli-otonun-satis-fiyati-belli-oldu","status":"publish","type":"post","link":"https:\/\/www.enerjigazetesi.ist\/en\/yerli-otonun-satis-fiyati-belli-oldu\/","title":{"rendered":"(Turkish) Yerli Otonun Sat\u0131\u015f Fiyat\u0131 Belli Oldu!"},"content":{"rendered":"<p class=\"qtranxs-available-languages-message qtranxs-available-languages-message-en\">Sorry, this entry is only available in <a href=\"https:\/\/www.enerjigazetesi.ist\/tr\/wp-json\/wp\/v2\/posts\/43962\" class=\"qtranxs-available-language-link qtranxs-available-language-link-tr\" title=\"Turkish\">Turkish<\/a>. For the sake of viewer convenience, the content is shown below in the alternative language. You may click the link to switch the active language.<\/p><p><\/p>\n<p style=\"color: #666666;\"><strong>Ba\u015fbakan Recep Tayyip Erdo\u011fan\u2019\u0131n yerli otomobil \u00e7a\u011fr\u0131s\u0131na Ankara\u2019dan cevap geldi. Daha \u00f6nce Etox markas\u0131yla spor otomobil \u00fcreten Erteks Oto Dekorasyon\u2019un sahibi Ercan Malko\u00e7, T\u00fcrkiye\u2019nin ilk tamamen yerli yap\u0131m elektrikli otomobilini 3 ay sonra bitirmi\u015f olacaklar\u0131n\u0131 s\u00f6yledi.<\/strong><\/p>\n<p style=\"color: #666666;\"><strong><a href=\"https:\/\/www.enerjigazetesi.ist\/wp-content\/uploads\/2015\/09\/otomobil-500x500_c.jpg\"><img loading=\"lazy\" class=\"alignleft  wp-image-43963\" src=\"https:\/\/www.enerjigazetesi.ist\/wp-content\/uploads\/2015\/09\/otomobil-500x500_c-300x300.jpg\" alt=\"otomobil-500x500_c\" width=\"300\" height=\"311\" \/><\/a><\/strong> \u015eirket, seri \u00fcretime ge\u00e7ilmesinin ard\u0131ndan arac\u0131 30-35 bin TL fiyattan sat\u0131\u015fa \u00e7\u0131karmay\u0131 hedefliyor.<\/p>\n<p style=\"color: #666666;\">Daha \u00f6nce \u00fcrettikleri yerli spor otomobil Etox\u2019un, elektrikli binek t\u00fcr\u00fcn\u00fc haz\u0131rlad\u0131klar\u0131n\u0131 belirten Malko\u00e7, elektrikli arac\u0131n saatte 120 kilometre h\u0131z yapaca\u011f\u0131n\u0131 ve bir dolumda 250 kilometre yol gidece\u011fini aktard\u0131. 10 dolarl\u0131k elektrikle batarya doldurulabilecek.<br \/>\nElektrikli Etox i\u00e7in \u015fu anda 4 yerli firman\u0131n ayr\u0131 ayr\u0131 motor geli\u015ftirdi\u011fini ifade eden Malko\u00e7, bir yerli firman\u0131n da kendileri i\u00e7in batarya geli\u015ftirdi\u011fini bildirdi. Elektrikli Etox\u2019un prototipinin 3 ay sonra haz\u0131r hale gelece\u011fini dile getiren Malko\u00e7, \u201cYapaca\u011f\u0131m\u0131z elektrikli otomobil \u00f6yle \u00e7ok k\u00fc\u00e7\u00fck olmayacak. \u0130htiya\u00e7 duyuldu\u011funda devlet dairelerinde de kullan\u0131labilecek.\u201d dedi.<\/p>\n<p style=\"color: #666666;\">T\u00fcrkiye\u2019nin otomobilde geri kalmas\u0131n\u0131n tek sebebinin motordaki d\u0131\u015fa ba\u011f\u0131ml\u0131l\u0131k oldu\u011funu vurgulayan Ercan Malko\u00e7, \u201cElektrikli otomobil bizim i\u00e7in b\u00fcy\u00fck bir f\u0131rsat oldu. Art\u0131k batarya da motor da T\u00fcrkiye\u2019de yap\u0131labilir. Yani d\u0131\u015far\u0131ya ba\u011f\u0131ml\u0131l\u0131k kalm\u0131yor. Dizel ve benzinli motorda ka\u00e7\u0131rd\u0131\u011f\u0131m\u0131z treni elektrikli motorla yakalayabiliriz.\u201d de\u011ferlendirmesini yapt\u0131.<\/p>\n<p style=\"color: #666666;\">T\u00fcrkiye\u2019de otomotiv sekt\u00f6r\u00fcne yat\u0131r\u0131m yapan b\u00fcy\u00fck i\u015fadamlar\u0131n\u0131 da ele\u015ftiren Malko\u00e7, \u201cYerli \u00fcretim i\u00e7in Say\u0131n Ba\u015fbakan\u2019\u0131n \u00f6n\u00fcne bol s\u0131f\u0131rl\u0131 rakamlar koyuyorlar. Otomobil \u00fcretebilmek i\u00e7in bir tanesi 750 milyon Euro\u2019dan bahsediyor, bir di\u011feri 1 milyar Euro\u2019dan. Halbuki 50-60 milyon Euro\u2019luk bir yat\u0131r\u0131mla y\u0131lda 2 bin 500-3 bin ara\u00e7 \u00fcretebiliriz.\u201d \u015feklinde konu\u015ftu.<\/p>\n<p style=\"color: #666666;\">Kaynak: D\u00fcnya B\u00fclteni<\/p>\n<p><\/p>","protected":false},"excerpt":{"rendered":"<p>Sorry, this entry is only available in Turkish. For the sake of viewer convenience, the content is shown below in the alternative language. You may click the link to switch the active language. Ba\u015fbakan Recep Tayyip Erdo\u011fan\u2019\u0131n yerli otomobil \u00e7a\u011fr\u0131s\u0131na Ankara\u2019dan cevap geldi. Daha \u00f6nce Etox markas\u0131yla spor otomobil \u00fcreten Erteks Oto Dekorasyon\u2019un sahibi Ercan [&hellip;]<\/p>\n","protected":false},"author":1,"featured_media":43963,"comment_status":"open","ping_status":"open","sticky":false,"template":"","format":"standard","meta":[],"categories":[51,53],"tags":[25486],"views":1584,"_links":{"self":[{"href":"https:\/\/www.enerjigazetesi.ist\/en\/wp-json\/wp\/v2\/posts\/43962"}],"collection":[{"href":"https:\/\/www.enerjigazetesi.ist\/en\/wp-json\/wp\/v2\/posts"}],"about":[{"href":"https:\/\/www.enerjigazetesi.ist\/en\/wp-json\/wp\/v2\/types\/post"}],"author":[{"embeddable":true,"href":"https:\/\/www.enerjigazetesi.ist\/en\/wp-json\/wp\/v2\/users\/1"}],"replies":[{"embeddable":true,"href":"https:\/\/www.enerjigazetesi.ist\/en\/wp-json\/wp\/v2\/comments?post=43962"}],"version-history":[{"count":1,"href":"https:\/\/www.enerjigazetesi.ist\/en\/wp-json\/wp\/v2\/posts\/43962\/revisions"}],"predecessor-version":[{"id":43964,"href":"https:\/\/www.enerjigazetesi.ist\/en\/wp-json\/wp\/v2\/posts\/43962\/revisions\/43964"}],"wp:featuredmedia":[{"embeddable":true,"href":"https:\/\/www.enerjigazetesi.ist\/en\/wp-json\/wp\/v2\/media\/43963"}],"wp:attachment":[{"href":"https:\/\/www.enerjigazetesi.ist\/en\/wp-json\/wp\/v2\/media?parent=43962"}],"wp:term":[{"taxonomy":"category","embeddable":true,"href":"https:\/\/www.enerjigazetesi.ist\/en\/wp-json\/wp\/v2\/categories?post=43962"},{"taxonomy":"post_tag","embeddable":true,"href":"https:\/\/www.enerjigazetesi.ist\/en\/wp-json\/wp\/v2\/tags?post=43962"}],"curies":[{"name":"wp","href":"https:\/\/api.w.org\/{rel}","templated":true}]}}