{"id":43959,"date":"2015-09-07T17:20:45","date_gmt":"2015-09-07T14:20:45","guid":{"rendered":"https:\/\/www.enerjigazetesi.ist\/?p=43959"},"modified":"2015-09-07T17:20:45","modified_gmt":"2015-09-07T14:20:45","slug":"antalya-arena-gunes-enerjisiyle-aydinlanmaya-hazirlaniyor","status":"publish","type":"post","link":"https:\/\/www.enerjigazetesi.ist\/en\/antalya-arena-gunes-enerjisiyle-aydinlanmaya-hazirlaniyor\/","title":{"rendered":"(Turkish) Antalya Arena G\u00fcne\u015f Enerjisiyle Ayd\u0131nlanmaya Haz\u0131rlan\u0131yor&#8230;"},"content":{"rendered":"<p class=\"qtranxs-available-languages-message qtranxs-available-languages-message-en\">Sorry, this entry is only available in <a href=\"https:\/\/www.enerjigazetesi.ist\/tr\/wp-json\/wp\/v2\/posts\/43959\" class=\"qtranxs-available-language-link qtranxs-available-language-link-tr\" title=\"Turkish\">Turkish<\/a>. For the sake of viewer convenience, the content is shown below in the alternative language. You may click the link to switch the active language.<\/p><p><\/p>\n<div class=\"short_content\" style=\"font-weight: bold; color: #242424;\">\u00c7at\u0131s\u0131na yerle\u015ftirilen 13 bin metrekarelik g\u00fcne\u015f enerjisi paneli ile T\u00fcrkiye&#8217;nin kendi enerjisini \u00fcreten tek stad\u0131 olacak Antalya Arena&#8217;n\u0131n a\u00e7\u0131l\u0131\u015f\u0131 i\u00e7in geri say\u0131m ba\u015flad\u0131- Stad\u0131n proje m\u00fcd\u00fcr\u00fc Ya\u015far Ayd\u0131n:- &#8220;Hedefimiz, Kurban Bayram\u0131&#8217;ndan sonra Antalyaspo<\/div>\n<div id=\"news_content\" class=\"text_content\" style=\"color: #4d4e53;\">\n<p><a href=\"https:\/\/www.enerjigazetesi.ist\/wp-content\/uploads\/2015\/09\/alternatif-enerji-antalya-arena-500x500_c.jpg\"><img loading=\"lazy\" class=\"alignright size-medium wp-image-43960\" src=\"https:\/\/www.enerjigazetesi.ist\/wp-content\/uploads\/2015\/09\/alternatif-enerji-antalya-arena-500x500_c-300x300.jpg\" alt=\"alternatif-enerji-antalya-arena-500x500_c\" width=\"300\" height=\"300\" srcset=\"https:\/\/www.enerjigazetesi.ist\/wp-content\/uploads\/2015\/09\/alternatif-enerji-antalya-arena-500x500_c-300x300.jpg 300w, https:\/\/www.enerjigazetesi.ist\/wp-content\/uploads\/2015\/09\/alternatif-enerji-antalya-arena-500x500_c-150x150.jpg 150w, https:\/\/www.enerjigazetesi.ist\/wp-content\/uploads\/2015\/09\/alternatif-enerji-antalya-arena-500x500_c-400x400.jpg 400w, https:\/\/www.enerjigazetesi.ist\/wp-content\/uploads\/2015\/09\/alternatif-enerji-antalya-arena-500x500_c-50x50.jpg 50w, https:\/\/www.enerjigazetesi.ist\/wp-content\/uploads\/2015\/09\/alternatif-enerji-antalya-arena-500x500_c.jpg 500w\" sizes=\"(max-width: 300px) 100vw, 300px\" \/><\/a>ANTALYA (AA) &#8211; S\u00dcLEYMAN EL\u00c7\u0130N &#8211; G\u00fcne\u015f enerjisi panelleriyle,\u00a0T\u00fcrkiye&#8217;nin kendi enerjisini \u00fcreten tek stad\u0131 olacak\u00a0Antalya Arena&#8217;n\u0131n, eyl\u00fcl ay\u0131\u00a0sonuna yeti\u015ftirilmesinin planland\u0131\u011f\u0131 bildirildi.<\/p>\n<p>K\u0131\u015f aylar\u0131nda bine yak\u0131n tak\u0131m\u0131n kamp yapmas\u0131ndan dolay\u0131 &#8220;spor turizminin ba\u015fkenti&#8221;\u00a0olarak da adland\u0131r\u0131lan\u00a0Antalya&#8217;da,\u00a033 bin ki\u015filik stad\u0131n in\u015faat\u0131 tamamland\u0131.<\/p>\n<p>Stad\u0131n proje m\u00fcd\u00fcr\u00fc Ya\u015far Ayd\u0131n, AA muhabirine yapt\u0131\u011f\u0131 a\u00e7\u0131klamada, yap\u0131y\u0131 di\u011fer statlardan ay\u0131ran\u00a0en b\u00fcy\u00fck \u00f6zelli\u011fin, \u00e7at\u0131s\u0131na yerle\u015ftirilen 13 bin metrekarelik 1,4 megawatt g\u00fcc\u00fcndeki g\u00fcne\u015f enerjisi santrali oldu\u011funu\u00a0s\u00f6yledi.<\/p>\n<p>G\u00fcne\u015f enerjisi sisteminin yakla\u015f\u0131k bir\u00a0ay \u00f6nce tamamland\u0131\u011f\u0131n\u0131, i\u015flemlerin\u00a0ard\u0131ndan sistemin \u015fehir \u015febekesine elektrik verece\u011fini anlatan Ayd\u0131n, tam dairesel yap\u0131lan ve d\u00f6rt taraf\u0131ndan hava sirk\u00fclasyonu sa\u011flanan\u00a0stad\u0131n, Antalya&#8217;n\u0131n s\u0131cak ve nemli havas\u0131na uygun oldu\u011funu kaydetti.<\/p>\n<p>Stad\u0131n trib\u00fcnlerinin UEFA kriterlerine uygun \u015fekilde olduk\u00e7a dik yap\u0131ld\u0131\u011f\u0131na de\u011finen Ayd\u0131n, bu nedenle trib\u00fcnlerin seyir ve ambiyans a\u00e7\u0131s\u0131ndan iyi olaca\u011f\u0131na i\u015faret etti.<\/p>\n<\/div>\n<p style=\"color: #666666;\">Haberin devam\u0131 i\u00e7in\u00a0<a style=\"color: #fc8d8d;\" href=\"http:\/\/www.memleket.com.tr\/gunes-enerjili-stadin-acilisi-icin-geri-sayim-basladi-711071h.htm\" target=\"_blank\">t\u0131klay\u0131n<\/a><\/p>\n<p style=\"color: #666666;\">Kaynak<\/p>\n<p><\/p>","protected":false},"excerpt":{"rendered":"<p>Sorry, this entry is only available in Turkish. For the sake of viewer convenience, the content is shown below in the alternative language. You may click the link to switch the active language. \u00c7at\u0131s\u0131na yerle\u015ftirilen 13 bin metrekarelik g\u00fcne\u015f enerjisi paneli ile T\u00fcrkiye&#8217;nin kendi enerjisini \u00fcreten tek stad\u0131 olacak Antalya Arena&#8217;n\u0131n a\u00e7\u0131l\u0131\u015f\u0131 i\u00e7in geri say\u0131m [&hellip;]<\/p>\n","protected":false},"author":1,"featured_media":43960,"comment_status":"open","ping_status":"open","sticky":false,"template":"","format":"standard","meta":[],"categories":[53,49],"tags":[25484,25485],"views":1356,"_links":{"self":[{"href":"https:\/\/www.enerjigazetesi.ist\/en\/wp-json\/wp\/v2\/posts\/43959"}],"collection":[{"href":"https:\/\/www.enerjigazetesi.ist\/en\/wp-json\/wp\/v2\/posts"}],"about":[{"href":"https:\/\/www.enerjigazetesi.ist\/en\/wp-json\/wp\/v2\/types\/post"}],"author":[{"embeddable":true,"href":"https:\/\/www.enerjigazetesi.ist\/en\/wp-json\/wp\/v2\/users\/1"}],"replies":[{"embeddable":true,"href":"https:\/\/www.enerjigazetesi.ist\/en\/wp-json\/wp\/v2\/comments?post=43959"}],"version-history":[{"count":1,"href":"https:\/\/www.enerjigazetesi.ist\/en\/wp-json\/wp\/v2\/posts\/43959\/revisions"}],"predecessor-version":[{"id":43961,"href":"https:\/\/www.enerjigazetesi.ist\/en\/wp-json\/wp\/v2\/posts\/43959\/revisions\/43961"}],"wp:featuredmedia":[{"embeddable":true,"href":"https:\/\/www.enerjigazetesi.ist\/en\/wp-json\/wp\/v2\/media\/43960"}],"wp:attachment":[{"href":"https:\/\/www.enerjigazetesi.ist\/en\/wp-json\/wp\/v2\/media?parent=43959"}],"wp:term":[{"taxonomy":"category","embeddable":true,"href":"https:\/\/www.enerjigazetesi.ist\/en\/wp-json\/wp\/v2\/categories?post=43959"},{"taxonomy":"post_tag","embeddable":true,"href":"https:\/\/www.enerjigazetesi.ist\/en\/wp-json\/wp\/v2\/tags?post=43959"}],"curies":[{"name":"wp","href":"https:\/\/api.w.org\/{rel}","templated":true}]}}