{"id":43927,"date":"2015-09-06T23:22:30","date_gmt":"2015-09-06T20:22:30","guid":{"rendered":"https:\/\/www.enerjigazetesi.ist\/?p=43927"},"modified":"2015-09-06T23:22:30","modified_gmt":"2015-09-06T20:22:30","slug":"cinin-aylik-elektrikli-arac-uretimi-20-bini-asti","status":"publish","type":"post","link":"https:\/\/www.enerjigazetesi.ist\/en\/cinin-aylik-elektrikli-arac-uretimi-20-bini-asti\/","title":{"rendered":"(Turkish) \u00c7in\u2019in Ayl\u0131k Elektrikli Ara\u00e7 \u00dcretimi 20 Bini A\u015ft\u0131&#8230;"},"content":{"rendered":"<p class=\"qtranxs-available-languages-message qtranxs-available-languages-message-en\">Sorry, this entry is only available in <a href=\"https:\/\/www.enerjigazetesi.ist\/tr\/wp-json\/wp\/v2\/posts\/43927\" class=\"qtranxs-available-language-link qtranxs-available-language-link-tr\" title=\"Turkish\">Turkish<\/a>. For the sake of viewer convenience, the content is shown below in the alternative language. You may click the link to switch the active language.<\/p><p><strong>\u00c7in\u2019in Temmuz ay\u0131 elektrikli ara\u00e7 \u00fcretim say\u0131s\u0131n\u0131n ge\u00e7en y\u0131l\u0131n ayn\u0131 d\u00f6nemine g\u00f6re 2,5 kat artarak 20.400 adede y\u00fckseldi\u011fi a\u00e7\u0131kland\u0131.<\/strong><\/p>\n<p>\u00c7in Halk Cumhuriyeti Sanayi ve Bilgi Teknolojileri Bakanl\u0131\u011f\u0131 taraf\u0131ndan yap\u0131lan a\u00e7\u0131klamaya g\u00f6re bu \u00fcretimin<a href=\"https:\/\/www.enerjigazetesi.ist\/wp-content\/uploads\/2015\/09\/cinin-aylik-elektrikli-arac-uretimi-20-bini-asti.jpg\"><img loading=\"lazy\" class=\"alignright size-medium wp-image-43928\" src=\"https:\/\/www.enerjigazetesi.ist\/wp-content\/uploads\/2015\/09\/cinin-aylik-elektrikli-arac-uretimi-20-bini-asti-300x163.jpg\" alt=\"cinin-aylik-elektrikli-arac-uretimi-20-bini-asti\" width=\"300\" height=\"163\" srcset=\"https:\/\/www.enerjigazetesi.ist\/wp-content\/uploads\/2015\/09\/cinin-aylik-elektrikli-arac-uretimi-20-bini-asti-300x163.jpg 300w, https:\/\/www.enerjigazetesi.ist\/wp-content\/uploads\/2015\/09\/cinin-aylik-elektrikli-arac-uretimi-20-bini-asti-80x43.jpg 80w, https:\/\/www.enerjigazetesi.ist\/wp-content\/uploads\/2015\/09\/cinin-aylik-elektrikli-arac-uretimi-20-bini-asti.jpg 460w\" sizes=\"(max-width: 300px) 100vw, 300px\" \/><\/a> 6.657 adedini tam elektrikli binek ara\u00e7lar, 5.688 adedini hibrit ara\u00e7lar, 6.395 adedini tam elektrikli ticari ara\u00e7lar ve 1.650 adedini hibrit ticari ara\u00e7lar olu\u015fturdu.<\/p>\n<p>Ayn\u0131 a\u00e7\u0131klamaya g\u00f6re y\u0131l\u0131n ilk yedi ay\u0131ndaki \u00fcretim ise ge\u00e7en y\u0131l\u0131n ayn\u0131 d\u00f6nemine g\u00f6re 3 kat artarak 98.900 adede y\u00fckseldi.<\/p>\n<p>Bu \u00fcretimin ise 43.000 adedini tam elektrikli binek ara\u00e7lar, 26.100 adedini hibrit ara\u00e7lar, 21.900 adedini tam elektrikli ticari ara\u00e7lar ve 8.041 adedini hibrit ticari ara\u00e7lar olu\u015fturdu.<\/p>\n<p>Bakanl\u0131k taraf\u0131ndan yap\u0131lan di\u011fer bir a\u00e7\u0131klamaya g\u00f6re ise ayn\u0131 d\u00f6nemdeki sat\u0131\u015f rakam\u0131 95.530 oldu.<\/p>\n<p>\u00c7in y\u00f6netimi \u00f6zellikle \u015fehirlerdeki hava kirlili\u011fi ile m\u00fccadele ad\u0131na elektrikli ara\u00e7 kullan\u0131m\u0131n\u0131 yayg\u0131nla\u015ft\u0131rmay\u0131 destekleyen politikalar uyguluyor.<\/p>\n<p>Kaynak: Ye\u015fil Ekonomi<\/p>","protected":false},"excerpt":{"rendered":"<p>Sorry, this entry is only available in Turkish. For the sake of viewer convenience, the content is shown below in the alternative language. You may click the link to switch the active language.\u00c7in\u2019in Temmuz ay\u0131 elektrikli ara\u00e7 \u00fcretim say\u0131s\u0131n\u0131n ge\u00e7en y\u0131l\u0131n ayn\u0131 d\u00f6nemine g\u00f6re 2,5 kat artarak 20.400 adede y\u00fckseldi\u011fi a\u00e7\u0131kland\u0131. \u00c7in Halk Cumhuriyeti Sanayi [&hellip;]<\/p>\n","protected":false},"author":1,"featured_media":43928,"comment_status":"open","ping_status":"open","sticky":false,"template":"","format":"standard","meta":[],"categories":[51,53],"tags":[886,68,61,215,25473,63,67,1009,2698,165],"views":1155,"_links":{"self":[{"href":"https:\/\/www.enerjigazetesi.ist\/en\/wp-json\/wp\/v2\/posts\/43927"}],"collection":[{"href":"https:\/\/www.enerjigazetesi.ist\/en\/wp-json\/wp\/v2\/posts"}],"about":[{"href":"https:\/\/www.enerjigazetesi.ist\/en\/wp-json\/wp\/v2\/types\/post"}],"author":[{"embeddable":true,"href":"https:\/\/www.enerjigazetesi.ist\/en\/wp-json\/wp\/v2\/users\/1"}],"replies":[{"embeddable":true,"href":"https:\/\/www.enerjigazetesi.ist\/en\/wp-json\/wp\/v2\/comments?post=43927"}],"version-history":[{"count":1,"href":"https:\/\/www.enerjigazetesi.ist\/en\/wp-json\/wp\/v2\/posts\/43927\/revisions"}],"predecessor-version":[{"id":43929,"href":"https:\/\/www.enerjigazetesi.ist\/en\/wp-json\/wp\/v2\/posts\/43927\/revisions\/43929"}],"wp:featuredmedia":[{"embeddable":true,"href":"https:\/\/www.enerjigazetesi.ist\/en\/wp-json\/wp\/v2\/media\/43928"}],"wp:attachment":[{"href":"https:\/\/www.enerjigazetesi.ist\/en\/wp-json\/wp\/v2\/media?parent=43927"}],"wp:term":[{"taxonomy":"category","embeddable":true,"href":"https:\/\/www.enerjigazetesi.ist\/en\/wp-json\/wp\/v2\/categories?post=43927"},{"taxonomy":"post_tag","embeddable":true,"href":"https:\/\/www.enerjigazetesi.ist\/en\/wp-json\/wp\/v2\/tags?post=43927"}],"curies":[{"name":"wp","href":"https:\/\/api.w.org\/{rel}","templated":true}]}}