{"id":43905,"date":"2015-09-06T22:33:12","date_gmt":"2015-09-06T19:33:12","guid":{"rendered":"https:\/\/www.enerjigazetesi.ist\/?p=43905"},"modified":"2015-09-06T22:33:12","modified_gmt":"2015-09-06T19:33:12","slug":"almanya-karasularinda-ikinci-buyuk-resini-kurdu","status":"publish","type":"post","link":"https:\/\/www.enerjigazetesi.ist\/en\/almanya-karasularinda-ikinci-buyuk-resini-kurdu\/","title":{"rendered":"(Turkish) Almanya Karasular\u0131nda \u0130kinci B\u00fcy\u00fck RES`ini Kurdu!"},"content":{"rendered":"<p class=\"qtranxs-available-languages-message qtranxs-available-languages-message-en\">Sorry, this entry is only available in <a href=\"https:\/\/www.enerjigazetesi.ist\/tr\/wp-json\/wp\/v2\/posts\/43905\" class=\"qtranxs-available-language-link qtranxs-available-language-link-tr\" title=\"Turkish\">Turkish<\/a>. For the sake of viewer convenience, the content is shown below in the alternative language. You may click the link to switch the active language.<\/p><p><strong>Almanya`n\u0131n en b\u00fcy\u00fck ikinci r\u00fczg\u00e2r enerjisi santrali \u2018Global Tech I\u2019 Kuzey Denizi`nde elektrik \u00fcretimine ba\u015flad\u0131.<img loading=\"lazy\" class=\"alignleft size-medium wp-image-43906\" src=\"https:\/\/www.enerjigazetesi.ist\/wp-content\/uploads\/2015\/09\/almanya-karasularinda-ikinci-buyuk-resini-kurdu-300x182.jpg\" alt=\"almanya-karasularinda-ikinci-buyuk-resini-kurdu\" width=\"300\" height=\"182\" srcset=\"https:\/\/www.enerjigazetesi.ist\/wp-content\/uploads\/2015\/09\/almanya-karasularinda-ikinci-buyuk-resini-kurdu-300x182.jpg 300w, https:\/\/www.enerjigazetesi.ist\/wp-content\/uploads\/2015\/09\/almanya-karasularinda-ikinci-buyuk-resini-kurdu-80x48.jpg 80w, https:\/\/www.enerjigazetesi.ist\/wp-content\/uploads\/2015\/09\/almanya-karasularinda-ikinci-buyuk-resini-kurdu.jpg 448w\" sizes=\"(max-width: 300px) 100vw, 300px\" \/><\/strong><\/p>\n<p>Almanya karasular\u0131nda\u00a0Kuzey\u00a0Denizi`nde, Stadtwerke M\u00fcnchen, Darmst\u00e4dter Entega AG ve Schweizer Axpo International S.A \u015firketleri ortakl\u0131\u011f\u0131nda 80 r\u00fczg\u00e2r trib\u00fcn\u00fcnden olu\u015fan ve yakla\u015f\u0131k 1.8 milyar Euro yat\u0131r\u0131mla kurulan 40 MW`l\u0131k a\u00e7\u0131kdeniz r\u00fczgar santrali \u2018Global Tech I\u2019 hizmete girdi.<\/p>\n<p>Santralde \u00fcretilen elektri\u011fin445 bin evin elektrik ihtiyac\u0131n\u0131 kar\u015f\u0131lamas\u0131 bekleniyor. Merkezi Hamburg\u2019da bulunan \u00e7iftli\u011fin deniz ortas\u0131ndaki istasyonunda iki\u015fer haftal\u0131k vardiyal\u0131 37 ki\u015fi istihdam edilecek.<br \/>\n<!-- \u0130\u00e7erik 300 x 250 Haber Detay --><\/p>\n<p>Kaynak: <a href=\"http:\/\/www.enerjigunlugu.net\/almanya-karasularinda-ikinci-buyuk-resini-kurdu_15155.html\" target=\"_blank\" rel=\"nofollow\">Enerji G\u00fcnl\u00fc\u011f\u00fc<\/a><\/p>","protected":false},"excerpt":{"rendered":"<p>Sorry, this entry is only available in Turkish. For the sake of viewer convenience, the content is shown below in the alternative language. You may click the link to switch the active language.Almanya`n\u0131n en b\u00fcy\u00fck ikinci r\u00fczg\u00e2r enerjisi santrali \u2018Global Tech I\u2019 Kuzey Denizi`nde elektrik \u00fcretimine ba\u015flad\u0131. Almanya karasular\u0131nda\u00a0Kuzey\u00a0Denizi`nde, Stadtwerke M\u00fcnchen, Darmst\u00e4dter Entega AG ve [&hellip;]<\/p>\n","protected":false},"author":1,"featured_media":43906,"comment_status":"open","ping_status":"open","sticky":false,"template":"","format":"standard","meta":[],"categories":[53,50],"tags":[929,68,63,67,1009,2698,165,25457,474,22653,69,16,231,22631,1854],"views":1070,"_links":{"self":[{"href":"https:\/\/www.enerjigazetesi.ist\/en\/wp-json\/wp\/v2\/posts\/43905"}],"collection":[{"href":"https:\/\/www.enerjigazetesi.ist\/en\/wp-json\/wp\/v2\/posts"}],"about":[{"href":"https:\/\/www.enerjigazetesi.ist\/en\/wp-json\/wp\/v2\/types\/post"}],"author":[{"embeddable":true,"href":"https:\/\/www.enerjigazetesi.ist\/en\/wp-json\/wp\/v2\/users\/1"}],"replies":[{"embeddable":true,"href":"https:\/\/www.enerjigazetesi.ist\/en\/wp-json\/wp\/v2\/comments?post=43905"}],"version-history":[{"count":1,"href":"https:\/\/www.enerjigazetesi.ist\/en\/wp-json\/wp\/v2\/posts\/43905\/revisions"}],"predecessor-version":[{"id":43907,"href":"https:\/\/www.enerjigazetesi.ist\/en\/wp-json\/wp\/v2\/posts\/43905\/revisions\/43907"}],"wp:featuredmedia":[{"embeddable":true,"href":"https:\/\/www.enerjigazetesi.ist\/en\/wp-json\/wp\/v2\/media\/43906"}],"wp:attachment":[{"href":"https:\/\/www.enerjigazetesi.ist\/en\/wp-json\/wp\/v2\/media?parent=43905"}],"wp:term":[{"taxonomy":"category","embeddable":true,"href":"https:\/\/www.enerjigazetesi.ist\/en\/wp-json\/wp\/v2\/categories?post=43905"},{"taxonomy":"post_tag","embeddable":true,"href":"https:\/\/www.enerjigazetesi.ist\/en\/wp-json\/wp\/v2\/tags?post=43905"}],"curies":[{"name":"wp","href":"https:\/\/api.w.org\/{rel}","templated":true}]}}