{"id":43892,"date":"2015-09-06T22:16:33","date_gmt":"2015-09-06T19:16:33","guid":{"rendered":"https:\/\/www.enerjigazetesi.ist\/?p=43892"},"modified":"2015-09-06T22:21:30","modified_gmt":"2015-09-06T19:21:30","slug":"japonya-elektrikte-yaz-gunesi-bereketi-yasiyor","status":"publish","type":"post","link":"https:\/\/www.enerjigazetesi.ist\/en\/japonya-elektrikte-yaz-gunesi-bereketi-yasiyor\/","title":{"rendered":"(Turkish) Japonya Elektrikte Yaz G\u00fcne\u015fi Bereketi Ya\u015f\u0131yor!"},"content":{"rendered":"<p class=\"qtranxs-available-languages-message qtranxs-available-languages-message-en\">Sorry, this entry is only available in <a href=\"https:\/\/www.enerjigazetesi.ist\/tr\/wp-json\/wp\/v2\/posts\/43892\" class=\"qtranxs-available-language-link qtranxs-available-language-link-tr\" title=\"Turkish\">Turkish<\/a>. For the sake of viewer convenience, the content is shown below in the alternative language. You may click the link to switch the active language.<\/p><p><strong>Japonya`da g\u00fcne\u015f enerjisinden elde edilen elektrik, s\u0131cak yaz aylar\u0131 nedeniyle y\u00fczde 10 oran\u0131na ula\u015ft\u0131.<\/strong><\/p>\n<p>Japon Asahi gazetesinin h<a href=\"https:\/\/www.enerjigazetesi.ist\/wp-content\/uploads\/2015\/09\/japonya-elektrikte-yaz-gunesi-bereketi-yasiyor.jpg\"><img loading=\"lazy\" class=\"alignleft size-medium wp-image-43893\" src=\"https:\/\/www.enerjigazetesi.ist\/wp-content\/uploads\/2015\/09\/japonya-elektrikte-yaz-gunesi-bereketi-yasiyor-300x199.jpg\" alt=\"japonya-elektrikte-yaz-gunesi-bereketi-yasiyor\" width=\"300\" height=\"199\" srcset=\"https:\/\/www.enerjigazetesi.ist\/wp-content\/uploads\/2015\/09\/japonya-elektrikte-yaz-gunesi-bereketi-yasiyor-300x199.jpg 300w, https:\/\/www.enerjigazetesi.ist\/wp-content\/uploads\/2015\/09\/japonya-elektrikte-yaz-gunesi-bereketi-yasiyor-75x50.jpg 75w, https:\/\/www.enerjigazetesi.ist\/wp-content\/uploads\/2015\/09\/japonya-elektrikte-yaz-gunesi-bereketi-yasiyor.jpg 448w\" sizes=\"(max-width: 300px) 100vw, 300px\" \/><\/a>aberine g\u00f6re, Japonya`n\u0131n dokuz b\u00fcy\u00fck kurulu\u015funun g\u00fcne\u015f enerjisinden elde etti\u011fi elektrik, s\u0131cak yaz mevsimi nedeniyle en \u00fcst noktas\u0131na ula\u015ft\u0131. G\u00fcne\u015ften elde edilen elektrik yakla\u015f\u0131k y\u00fczde on d\u00fczeyine y\u00fckseldi.<\/p>\n<p>Japonya`da A\u011fustos ay\u0131 ba\u015flar\u0131nda 15 GW g\u00fcne\u015f elektri\u011fi \u00fcretildi.<\/p>\n<p>Japonya y\u0131ll\u0131k enerji ihtiyac\u0131n\u0131n sadece y\u00fczde 2`sini g\u00fcne\u015f enerjisinden kar\u015f\u0131l\u0131yor. Ancak Fuku\u015fima n\u00fckleer felaketinin ard\u0131ndan yenilenebilir enerji kaynaklar\u0131n\u0131 geli\u015ftirmek i\u00e7in fiyat al\u0131m garantisi uygulayan Japonya`da 2012 y\u0131l\u0131ndan bu yana ciddi boyutlarda g\u00fcne\u015f yat\u0131r\u0131m\u0131 ger\u00e7ekle\u015ftirildi. Bu te\u015fvik sistemiyle G\u00fcne\u015f enerjisi yat\u0131r\u0131mlar\u0131 Nisan ay\u0131 sonu itibariyle 5 GW artt\u0131.<\/p>\n<p>Kaynak: <a href=\"http:\/\/www.enerjigunlugu.net\/japonya-elektrikte-yaz-gunesi-bereketi-yasiyor_15148.html\" target=\"_blank\" rel=\"nofollow\">Enerji G\u00fcnl\u00fc\u011f\u00fc<\/a><\/p>","protected":false},"excerpt":{"rendered":"<p>Sorry, this entry is only available in Turkish. For the sake of viewer convenience, the content is shown below in the alternative language. You may click the link to switch the active language.Japonya`da g\u00fcne\u015f enerjisinden elde edilen elektrik, s\u0131cak yaz aylar\u0131 nedeniyle y\u00fczde 10 oran\u0131na ula\u015ft\u0131. Japon Asahi gazetesinin haberine g\u00f6re, Japonya`n\u0131n dokuz b\u00fcy\u00fck kurulu\u015funun [&hellip;]<\/p>\n","protected":false},"author":1,"featured_media":43893,"comment_status":"open","ping_status":"open","sticky":false,"template":"","format":"standard","meta":[],"categories":[51,53,49],"tags":[68,63,67,1009,2698,165,227,1169,13,1547,25454],"views":1020,"_links":{"self":[{"href":"https:\/\/www.enerjigazetesi.ist\/en\/wp-json\/wp\/v2\/posts\/43892"}],"collection":[{"href":"https:\/\/www.enerjigazetesi.ist\/en\/wp-json\/wp\/v2\/posts"}],"about":[{"href":"https:\/\/www.enerjigazetesi.ist\/en\/wp-json\/wp\/v2\/types\/post"}],"author":[{"embeddable":true,"href":"https:\/\/www.enerjigazetesi.ist\/en\/wp-json\/wp\/v2\/users\/1"}],"replies":[{"embeddable":true,"href":"https:\/\/www.enerjigazetesi.ist\/en\/wp-json\/wp\/v2\/comments?post=43892"}],"version-history":[{"count":1,"href":"https:\/\/www.enerjigazetesi.ist\/en\/wp-json\/wp\/v2\/posts\/43892\/revisions"}],"predecessor-version":[{"id":43894,"href":"https:\/\/www.enerjigazetesi.ist\/en\/wp-json\/wp\/v2\/posts\/43892\/revisions\/43894"}],"wp:featuredmedia":[{"embeddable":true,"href":"https:\/\/www.enerjigazetesi.ist\/en\/wp-json\/wp\/v2\/media\/43893"}],"wp:attachment":[{"href":"https:\/\/www.enerjigazetesi.ist\/en\/wp-json\/wp\/v2\/media?parent=43892"}],"wp:term":[{"taxonomy":"category","embeddable":true,"href":"https:\/\/www.enerjigazetesi.ist\/en\/wp-json\/wp\/v2\/categories?post=43892"},{"taxonomy":"post_tag","embeddable":true,"href":"https:\/\/www.enerjigazetesi.ist\/en\/wp-json\/wp\/v2\/tags?post=43892"}],"curies":[{"name":"wp","href":"https:\/\/api.w.org\/{rel}","templated":true}]}}