{"id":43844,"date":"2015-09-04T17:28:43","date_gmt":"2015-09-04T14:28:43","guid":{"rendered":"https:\/\/www.enerjigazetesi.ist\/?p=43844"},"modified":"2015-09-04T17:28:43","modified_gmt":"2015-09-04T14:28:43","slug":"bedasa-elektrikli-arac","status":"publish","type":"post","link":"https:\/\/www.enerjigazetesi.ist\/en\/bedasa-elektrikli-arac\/","title":{"rendered":"(Turkish) BEDA\u015e\u2019a Elektrikli Ara\u00e7!"},"content":{"rendered":"<p class=\"qtranxs-available-languages-message qtranxs-available-languages-message-en\">Sorry, this entry is only available in <a href=\"https:\/\/www.enerjigazetesi.ist\/tr\/wp-json\/wp\/v2\/posts\/43844\" class=\"qtranxs-available-language-link qtranxs-available-language-link-tr\" title=\"Turkish\">Turkish<\/a>. For the sake of viewer convenience, the content is shown below in the alternative language. You may click the link to switch the active language.<\/p><p><\/p>\n<p style=\"color: #666666;\"><strong style=\"font-weight: bold; color: #222222;\">BEDA\u015e, filosuna 10 yeni elektrikli ara\u00e7 katt\u0131.<a href=\"https:\/\/www.enerjigazetesi.ist\/wp-content\/uploads\/2015\/09\/alternatif-enerji-bedas-elektrikli-arac-500x500_c.jpg\"><img loading=\"lazy\" class=\"alignleft size-medium wp-image-43845\" src=\"https:\/\/www.enerjigazetesi.ist\/wp-content\/uploads\/2015\/09\/alternatif-enerji-bedas-elektrikli-arac-500x500_c-300x300.jpg\" alt=\"alternatif-enerji-bedas-elektrikli-arac-500x500_c\" width=\"300\" height=\"300\" srcset=\"https:\/\/www.enerjigazetesi.ist\/wp-content\/uploads\/2015\/09\/alternatif-enerji-bedas-elektrikli-arac-500x500_c-300x300.jpg 300w, https:\/\/www.enerjigazetesi.ist\/wp-content\/uploads\/2015\/09\/alternatif-enerji-bedas-elektrikli-arac-500x500_c-150x150.jpg 150w, https:\/\/www.enerjigazetesi.ist\/wp-content\/uploads\/2015\/09\/alternatif-enerji-bedas-elektrikli-arac-500x500_c-400x400.jpg 400w, https:\/\/www.enerjigazetesi.ist\/wp-content\/uploads\/2015\/09\/alternatif-enerji-bedas-elektrikli-arac-500x500_c-50x50.jpg 50w, https:\/\/www.enerjigazetesi.ist\/wp-content\/uploads\/2015\/09\/alternatif-enerji-bedas-elektrikli-arac-500x500_c.jpg 500w\" sizes=\"(max-width: 300px) 100vw, 300px\" \/><\/a><\/strong><\/p>\n<p style=\"color: #666666;\">T\u00fcrkiye\u2019de\u00a0<strong style=\"font-weight: bold; color: #222222;\">elektrikli ara\u00e7<\/strong>\u00a0kullan\u0131m\u0131 yava\u015f yava\u015f art\u0131\u015f g\u00f6steriyor.<\/p>\n<p style=\"color: #666666;\">http:\/\/www.gazetelobisi.com\u2019un haberine g\u00f6re, \u201cEnerjimizle yola \u00e7\u0131k\u0131yoruz\u201d slogan\u0131 ile ara\u00e7 filosuna 10 adet BMW \u01303\u00a0<strong style=\"font-weight: bold; color: #222222;\">elektrikli ara\u00e7<\/strong>ekleyen BEDA\u015e, yap\u0131lan AR-GE \u00e7al\u0131\u015fmalar\u0131 kapsam\u0131nda filo modernizasyonunda\u00a0<strong style=\"font-weight: bold; color: #222222;\">elektrikli ara\u00e7\u00a0<\/strong>say\u0131s\u0131n\u0131 daha da artt\u0131rmay\u0131 hedefliyor.<\/p>\n<p style=\"color: #666666;\">2,5 saatte sarj olabilen\u00a0<strong style=\"font-weight: bold; color: #222222;\">elektrikli ara\u00e7lar<\/strong>\u00a019 kw\/sa batarya kapasitesindedir. Maksimum 150 km h\u0131za ula\u015fabilen ara\u00e7lar ortalama 130 km yol katetmektedir.<\/p>\n<p style=\"color: #666666;\">Akaryak\u0131t kullanan ara\u00e7lar\u0131n en tasaruflu modellerinde dahi ortalama karbon (CO2) sal\u0131n\u0131m\u0131 103 gr\/km iken yeni nesil\u00a0<strong style=\"font-weight: bold; color: #222222;\">elektrikli ara\u00e7larda<\/strong>bu oran s\u0131f\u0131r seviyesinde.<\/p>\n<p style=\"color: #666666;\">Haberin devam\u0131 i\u00e7in<a style=\"color: #fc8d8d;\" href=\"http:\/\/www.gazetelobisi.com\/haber\/77139-bedas-filosuna-10-yeni-elektrikli-arac-katti\" target=\"_blank\">\u00a0t\u0131klay\u0131n<\/a><\/p>\n<p><\/p>","protected":false},"excerpt":{"rendered":"<p>Sorry, this entry is only available in Turkish. For the sake of viewer convenience, the content is shown below in the alternative language. You may click the link to switch the active language. BEDA\u015e, filosuna 10 yeni elektrikli ara\u00e7 katt\u0131. T\u00fcrkiye\u2019de\u00a0elektrikli ara\u00e7\u00a0kullan\u0131m\u0131 yava\u015f yava\u015f art\u0131\u015f g\u00f6steriyor. http:\/\/www.gazetelobisi.com\u2019un haberine g\u00f6re, \u201cEnerjimizle yola \u00e7\u0131k\u0131yoruz\u201d slogan\u0131 ile ara\u00e7 [&hellip;]<\/p>\n","protected":false},"author":1,"featured_media":43845,"comment_status":"open","ping_status":"open","sticky":false,"template":"","format":"standard","meta":[],"categories":[51,53],"tags":[1266,215],"views":1126,"_links":{"self":[{"href":"https:\/\/www.enerjigazetesi.ist\/en\/wp-json\/wp\/v2\/posts\/43844"}],"collection":[{"href":"https:\/\/www.enerjigazetesi.ist\/en\/wp-json\/wp\/v2\/posts"}],"about":[{"href":"https:\/\/www.enerjigazetesi.ist\/en\/wp-json\/wp\/v2\/types\/post"}],"author":[{"embeddable":true,"href":"https:\/\/www.enerjigazetesi.ist\/en\/wp-json\/wp\/v2\/users\/1"}],"replies":[{"embeddable":true,"href":"https:\/\/www.enerjigazetesi.ist\/en\/wp-json\/wp\/v2\/comments?post=43844"}],"version-history":[{"count":1,"href":"https:\/\/www.enerjigazetesi.ist\/en\/wp-json\/wp\/v2\/posts\/43844\/revisions"}],"predecessor-version":[{"id":43846,"href":"https:\/\/www.enerjigazetesi.ist\/en\/wp-json\/wp\/v2\/posts\/43844\/revisions\/43846"}],"wp:featuredmedia":[{"embeddable":true,"href":"https:\/\/www.enerjigazetesi.ist\/en\/wp-json\/wp\/v2\/media\/43845"}],"wp:attachment":[{"href":"https:\/\/www.enerjigazetesi.ist\/en\/wp-json\/wp\/v2\/media?parent=43844"}],"wp:term":[{"taxonomy":"category","embeddable":true,"href":"https:\/\/www.enerjigazetesi.ist\/en\/wp-json\/wp\/v2\/categories?post=43844"},{"taxonomy":"post_tag","embeddable":true,"href":"https:\/\/www.enerjigazetesi.ist\/en\/wp-json\/wp\/v2\/tags?post=43844"}],"curies":[{"name":"wp","href":"https:\/\/api.w.org\/{rel}","templated":true}]}}