{"id":43804,"date":"2015-09-03T17:31:48","date_gmt":"2015-09-03T14:31:48","guid":{"rendered":"https:\/\/www.enerjigazetesi.ist\/?p=43804"},"modified":"2015-09-04T00:09:09","modified_gmt":"2015-09-03T21:09:09","slug":"rusyadan-elektrikli-arac-hamlesi","status":"publish","type":"post","link":"https:\/\/www.enerjigazetesi.ist\/en\/rusyadan-elektrikli-arac-hamlesi\/","title":{"rendered":"(Turkish) Rusya\u2019dan Elektrikli Ara\u00e7 Hamlesi!"},"content":{"rendered":"<p class=\"qtranxs-available-languages-message qtranxs-available-languages-message-en\">Sorry, this entry is only available in <a href=\"https:\/\/www.enerjigazetesi.ist\/tr\/wp-json\/wp\/v2\/posts\/43804\" class=\"qtranxs-available-language-link qtranxs-available-language-link-tr\" title=\"Turkish\">Turkish<\/a>. For the sake of viewer convenience, the content is shown below in the alternative language. You may click the link to switch the active language.<\/p><p><\/p>\n<p style=\"color: #666666;\"><strong style=\"font-weight: bold; color: #222222;\">Rosseti Genel M\u00fcd\u00fcr Yard\u0131mc\u0131s\u0131 Berdnikov, akaryak\u0131t istasyonlar\u0131na<\/strong><strong style=\"font-weight: bold; color: #222222;\">\u00a0elektrikli ara\u00e7lar<\/strong>\u00a0i\u00e7in \u015farj \u00fcniteleri eklenmesi ile ilgili kararnamenin, Rusya\u2019daki\u00a0<strong style=\"font-weight: bold; color: #222222;\">ula\u015f\u0131m sekt\u00f6r\u00fcnde<\/strong>\u00a0k\u00f6kl\u00fc de\u011fi\u015fikliklerin \u00f6n\u00fcn\u00fc a\u00e7aca\u011f\u0131 g\u00f6r\u00fc\u015f\u00fcnde.<a href=\"https:\/\/www.enerjigazetesi.ist\/wp-content\/uploads\/2015\/09\/alternatif-enerji-elektrikli-arac-500x500_c.jpg\"><img loading=\"lazy\" class=\"alignright size-medium wp-image-43805\" src=\"https:\/\/www.enerjigazetesi.ist\/wp-content\/uploads\/2015\/09\/alternatif-enerji-elektrikli-arac-500x500_c-300x300.jpg\" alt=\"alternatif-enerji-elektrikli-arac-500x500_c\" width=\"300\" height=\"300\" srcset=\"https:\/\/www.enerjigazetesi.ist\/wp-content\/uploads\/2015\/09\/alternatif-enerji-elektrikli-arac-500x500_c-300x300.jpg 300w, https:\/\/www.enerjigazetesi.ist\/wp-content\/uploads\/2015\/09\/alternatif-enerji-elektrikli-arac-500x500_c-150x150.jpg 150w, https:\/\/www.enerjigazetesi.ist\/wp-content\/uploads\/2015\/09\/alternatif-enerji-elektrikli-arac-500x500_c-400x400.jpg 400w, https:\/\/www.enerjigazetesi.ist\/wp-content\/uploads\/2015\/09\/alternatif-enerji-elektrikli-arac-500x500_c-50x50.jpg 50w, https:\/\/www.enerjigazetesi.ist\/wp-content\/uploads\/2015\/09\/alternatif-enerji-elektrikli-arac-500x500_c.jpg 500w\" sizes=\"(max-width: 300px) 100vw, 300px\" \/><\/a><\/p>\n<p style=\"color: #666666;\">Rusya\u2019da\u00a0<strong style=\"font-weight: bold; color: #222222;\">elektrikli ara\u00e7lar\u0131n\u00a0<\/strong>yayg\u0131nla\u015ft\u0131r\u0131lmas\u0131 y\u00f6n\u00fcndeki d\u00fczenlemeler s\u00fcr\u00fcyor.<\/p>\n<p style=\"color: #666666;\">sputniknews.com\u2019un haberine g\u00f6re, Rusya Ba\u015fbakan\u0131 Dmitriy Medvedev, \u00fclke genelindeki akaryak\u0131t istasyonlar\u0131n\u0131n\u00a0<strong style=\"font-weight: bold; color: #222222;\">elektrikli ara\u00e7lar<\/strong>\u00a0i\u00e7in<strong style=\"font-weight: bold; color: #222222;\">\u015farj \u00fcniteleriyle<\/strong>\u00a0donat\u0131lmas\u0131 hakk\u0131ndaki kararnameyi imzalad\u0131.<\/p>\n<p style=\"color: #666666;\">Rusya Bakanlar Kurulu Kabinesi\u2019nden yap\u0131lan a\u00e7\u0131klamada, elektrik otomobiller i\u00e7in \u015farj \u00fcniteleri, akaryak\u0131t istasyonlar\u0131nda verilen temel hizmetler listesine dahil edildi. Bu karar\u0131n, Rusya\u2019da\u00a0<strong style=\"font-weight: bold; color: #222222;\">s\u00fcrd\u00fcr\u00fclebilir ula\u015f\u0131m\u0131n\u00a0<\/strong>geli\u015fimi i\u00e7in \u00f6nemli bir etken olmas\u0131 bekleniyor.<\/p>\n<p style=\"color: #666666;\">Haberin devam\u0131 i\u00e7in\u00a0<a style=\"color: #fc8d8d;\" href=\"http:\/\/tr.sputniknews.com\/ekonomi\/20150901\/1017490396.html\" target=\"_blank\">t\u0131klay\u0131n<\/a><\/p>\n<p><\/p>","protected":false},"excerpt":{"rendered":"<p>Sorry, this entry is only available in Turkish. For the sake of viewer convenience, the content is shown below in the alternative language. You may click the link to switch the active language. Rosseti Genel M\u00fcd\u00fcr Yard\u0131mc\u0131s\u0131 Berdnikov, akaryak\u0131t istasyonlar\u0131na\u00a0elektrikli ara\u00e7lar\u00a0i\u00e7in \u015farj \u00fcniteleri eklenmesi ile ilgili kararnamenin, Rusya\u2019daki\u00a0ula\u015f\u0131m sekt\u00f6r\u00fcnde\u00a0k\u00f6kl\u00fc de\u011fi\u015fikliklerin \u00f6n\u00fcn\u00fc a\u00e7aca\u011f\u0131 g\u00f6r\u00fc\u015f\u00fcnde. Rusya\u2019da\u00a0elektrikli ara\u00e7lar\u0131n\u00a0yayg\u0131nla\u015ft\u0131r\u0131lmas\u0131 [&hellip;]<\/p>\n","protected":false},"author":1,"featured_media":43805,"comment_status":"open","ping_status":"open","sticky":false,"template":"","format":"standard","meta":[],"categories":[51,53],"tags":[68,61,215,63,67,1009,2698,165],"views":1152,"_links":{"self":[{"href":"https:\/\/www.enerjigazetesi.ist\/en\/wp-json\/wp\/v2\/posts\/43804"}],"collection":[{"href":"https:\/\/www.enerjigazetesi.ist\/en\/wp-json\/wp\/v2\/posts"}],"about":[{"href":"https:\/\/www.enerjigazetesi.ist\/en\/wp-json\/wp\/v2\/types\/post"}],"author":[{"embeddable":true,"href":"https:\/\/www.enerjigazetesi.ist\/en\/wp-json\/wp\/v2\/users\/1"}],"replies":[{"embeddable":true,"href":"https:\/\/www.enerjigazetesi.ist\/en\/wp-json\/wp\/v2\/comments?post=43804"}],"version-history":[{"count":1,"href":"https:\/\/www.enerjigazetesi.ist\/en\/wp-json\/wp\/v2\/posts\/43804\/revisions"}],"predecessor-version":[{"id":43806,"href":"https:\/\/www.enerjigazetesi.ist\/en\/wp-json\/wp\/v2\/posts\/43804\/revisions\/43806"}],"wp:featuredmedia":[{"embeddable":true,"href":"https:\/\/www.enerjigazetesi.ist\/en\/wp-json\/wp\/v2\/media\/43805"}],"wp:attachment":[{"href":"https:\/\/www.enerjigazetesi.ist\/en\/wp-json\/wp\/v2\/media?parent=43804"}],"wp:term":[{"taxonomy":"category","embeddable":true,"href":"https:\/\/www.enerjigazetesi.ist\/en\/wp-json\/wp\/v2\/categories?post=43804"},{"taxonomy":"post_tag","embeddable":true,"href":"https:\/\/www.enerjigazetesi.ist\/en\/wp-json\/wp\/v2\/tags?post=43804"}],"curies":[{"name":"wp","href":"https:\/\/api.w.org\/{rel}","templated":true}]}}