{"id":43797,"date":"2015-09-03T17:24:12","date_gmt":"2015-09-03T14:24:12","guid":{"rendered":"https:\/\/www.enerjigazetesi.ist\/?p=43797"},"modified":"2015-09-03T19:37:46","modified_gmt":"2015-09-03T16:37:46","slug":"gunes-enerji-ihtiyacinin-4-bin-katini-saglayabilir","status":"publish","type":"post","link":"https:\/\/www.enerjigazetesi.ist\/en\/gunes-enerji-ihtiyacinin-4-bin-katini-saglayabilir\/","title":{"rendered":"(Turkish) G\u00fcne\u015f, Enerji \u0130htiyac\u0131n\u0131n 4 Bin Kat\u0131n\u0131 Sa\u011flayabilir!"},"content":{"rendered":"<p class=\"qtranxs-available-languages-message qtranxs-available-languages-message-en\">Sorry, this entry is only available in <a href=\"https:\/\/www.enerjigazetesi.ist\/tr\/wp-json\/wp\/v2\/posts\/43797\" class=\"qtranxs-available-language-link qtranxs-available-language-link-tr\" title=\"Turkish\">Turkish<\/a>. For the sake of viewer convenience, the content is shown below in the alternative language. You may click the link to switch the active language.<\/p><p><\/p>\n<p style=\"color: #666666;\"><strong style=\"font-weight: bold; color: #222222;\">Anel Grup Proje Koordinat\u00f6r\u00fc Enver K\u0131r, r\u00fczg\u00e2r enerjisini kullanarak, d\u00fcnyam\u0131za yetecek enerjinin 30 kat\u0131n\u0131, g\u00fcne\u015f ile de 4 bin kat\u0131n\u0131 elde edebilece\u011fimizi s\u00f6yledi.<a href=\"https:\/\/www.enerjigazetesi.ist\/wp-content\/uploads\/2015\/09\/alternatif-enerji-dunya-kaynaklari-tukeniyor-500x500_c.jpg\"><img loading=\"lazy\" class=\"alignright size-medium wp-image-43798\" src=\"https:\/\/www.enerjigazetesi.ist\/wp-content\/uploads\/2015\/09\/alternatif-enerji-dunya-kaynaklari-tukeniyor-500x500_c-300x300.jpg\" alt=\"alternatif-enerji-dunya-kaynaklari-tukeniyor-500x500_c\" width=\"300\" height=\"300\" srcset=\"https:\/\/www.enerjigazetesi.ist\/wp-content\/uploads\/2015\/09\/alternatif-enerji-dunya-kaynaklari-tukeniyor-500x500_c-300x300.jpg 300w, https:\/\/www.enerjigazetesi.ist\/wp-content\/uploads\/2015\/09\/alternatif-enerji-dunya-kaynaklari-tukeniyor-500x500_c-150x150.jpg 150w, https:\/\/www.enerjigazetesi.ist\/wp-content\/uploads\/2015\/09\/alternatif-enerji-dunya-kaynaklari-tukeniyor-500x500_c-400x400.jpg 400w, https:\/\/www.enerjigazetesi.ist\/wp-content\/uploads\/2015\/09\/alternatif-enerji-dunya-kaynaklari-tukeniyor-500x500_c-50x50.jpg 50w, https:\/\/www.enerjigazetesi.ist\/wp-content\/uploads\/2015\/09\/alternatif-enerji-dunya-kaynaklari-tukeniyor-500x500_c.jpg 500w\" sizes=\"(max-width: 300px) 100vw, 300px\" \/><\/a><\/strong><\/p>\n<p style=\"color: #666666;\"><strong style=\"font-weight: bold; color: #222222;\">G\u00fcne\u015f ve r\u00fczgar enerjisi\u00a0<\/strong>d\u00fcnya\u00a0<strong style=\"font-weight: bold; color: #222222;\">enerji ihtiyac\u0131n\u0131<\/strong>\u00a0uzun vadede kar\u015f\u0131layabilecek alanlar olarak g\u00f6r\u00fcl\u00fcyor.<\/p>\n<p style=\"color: #666666;\">Anel Grup, g\u00fcn\u00fcm\u00fczde fosil yak\u0131tlar\u0131n azalmas\u0131yla talep g\u00f6rmeye ba\u015flayan,\u00a0<strong style=\"font-weight: bold; color: #222222;\">temiz ve yenilenebilir bir enerji \u00e7e\u015fidi olan, g\u00fcne\u015f enerjisi<\/strong>\u00fcretimine dikkat \u00e7ekerek,\u00a0<strong style=\"font-weight: bold; color: #222222;\">g\u00fcne\u015f enerjisi \u00fcretiminin<\/strong>\u00a0yayg\u0131nla\u015ft\u0131r\u0131lmas\u0131 gerekti\u011fini vurguluyor. Anel Grup Proje Koordinat\u00f6r\u00fc Enver K\u0131r, fosil yak\u0131tlar\u0131n azalmaya ba\u015flamas\u0131yla,\u00a0<strong style=\"font-weight: bold; color: #222222;\">yenilenebilir enerji\u00a0<\/strong><strong style=\"font-weight: bold; color: #222222;\">kaynaklar\u0131na<\/strong>\u00a0olan talep olduk\u00e7a artt\u0131\u011f\u0131na dikkat \u00e7ekerek,<strong style=\"font-weight: bold; color: #222222;\">\u00a0r\u00fczg\u00e2r enerjisini<\/strong>kullanarak, d\u00fcnyam\u0131za yetecek<strong style=\"font-weight: bold; color: #222222;\">\u00a0enerjinin\u00a0<\/strong>30 kat\u0131n\u0131,\u00a0<strong style=\"font-weight: bold; color: #222222;\">g\u00fcne\u015f enerjisini<\/strong>\u00a0kullanarak ise, d\u00fcnyaya yetecek enerjinin 4 bin kat\u0131n\u0131 elde edebilece\u011fimizi ifade etti.<\/p>\n<p style=\"color: #666666;\">Haberin devam\u0131 i\u00e7in\u00a0<a style=\"color: #fc8d8d;\" href=\"http:\/\/www.enerjigunlugu.net\/kir-gunesle-dunya-enerji-ihtiyacinin-4-bin-katini-_15143.html#.Vegb9H3-m1s\" target=\"_blank\">t\u0131klay\u0131n<\/a><\/p>\n<p style=\"color: #666666;\">\n<p><\/p>","protected":false},"excerpt":{"rendered":"<p>Sorry, this entry is only available in Turkish. For the sake of viewer convenience, the content is shown below in the alternative language. You may click the link to switch the active language. Anel Grup Proje Koordinat\u00f6r\u00fc Enver K\u0131r, r\u00fczg\u00e2r enerjisini kullanarak, d\u00fcnyam\u0131za yetecek enerjinin 30 kat\u0131n\u0131, g\u00fcne\u015f ile de 4 bin kat\u0131n\u0131 elde edebilece\u011fimizi [&hellip;]<\/p>\n","protected":false},"author":1,"featured_media":43798,"comment_status":"open","ping_status":"open","sticky":false,"template":"","format":"standard","meta":[],"categories":[53,49,50],"tags":[13,16,105],"views":2275,"_links":{"self":[{"href":"https:\/\/www.enerjigazetesi.ist\/en\/wp-json\/wp\/v2\/posts\/43797"}],"collection":[{"href":"https:\/\/www.enerjigazetesi.ist\/en\/wp-json\/wp\/v2\/posts"}],"about":[{"href":"https:\/\/www.enerjigazetesi.ist\/en\/wp-json\/wp\/v2\/types\/post"}],"author":[{"embeddable":true,"href":"https:\/\/www.enerjigazetesi.ist\/en\/wp-json\/wp\/v2\/users\/1"}],"replies":[{"embeddable":true,"href":"https:\/\/www.enerjigazetesi.ist\/en\/wp-json\/wp\/v2\/comments?post=43797"}],"version-history":[{"count":1,"href":"https:\/\/www.enerjigazetesi.ist\/en\/wp-json\/wp\/v2\/posts\/43797\/revisions"}],"predecessor-version":[{"id":43799,"href":"https:\/\/www.enerjigazetesi.ist\/en\/wp-json\/wp\/v2\/posts\/43797\/revisions\/43799"}],"wp:featuredmedia":[{"embeddable":true,"href":"https:\/\/www.enerjigazetesi.ist\/en\/wp-json\/wp\/v2\/media\/43798"}],"wp:attachment":[{"href":"https:\/\/www.enerjigazetesi.ist\/en\/wp-json\/wp\/v2\/media?parent=43797"}],"wp:term":[{"taxonomy":"category","embeddable":true,"href":"https:\/\/www.enerjigazetesi.ist\/en\/wp-json\/wp\/v2\/categories?post=43797"},{"taxonomy":"post_tag","embeddable":true,"href":"https:\/\/www.enerjigazetesi.ist\/en\/wp-json\/wp\/v2\/tags?post=43797"}],"curies":[{"name":"wp","href":"https:\/\/api.w.org\/{rel}","templated":true}]}}