{"id":43703,"date":"2015-09-01T09:51:34","date_gmt":"2015-09-01T06:51:34","guid":{"rendered":"https:\/\/www.enerjigazetesi.ist\/?p=43703"},"modified":"2015-09-01T11:47:35","modified_gmt":"2015-09-01T08:47:35","slug":"avrupaya-ornek-ruzgar-turbini","status":"publish","type":"post","link":"https:\/\/www.enerjigazetesi.ist\/en\/avrupaya-ornek-ruzgar-turbini\/","title":{"rendered":"(Turkish) Avrupa\u2019ya \u00d6rnek R\u00fczgar T\u00fcrbini!"},"content":{"rendered":"<p class=\"qtranxs-available-languages-message qtranxs-available-languages-message-en\">Sorry, this entry is only available in <a href=\"https:\/\/www.enerjigazetesi.ist\/tr\/wp-json\/wp\/v2\/posts\/43703\" class=\"qtranxs-available-language-link qtranxs-available-language-link-tr\" title=\"Turkish\">Turkish<\/a>. For the sake of viewer convenience, the content is shown below in the alternative language. You may click the link to switch the active language.<\/p><p><\/p>\n<p style=\"color: #666666;\"><strong style=\"font-weight: bold; color: #222222;\">Altair Teknoloji Konferans\u0131\u2019na \u0130stanbul Adalet Saray\u0131\u2019n\u0131n \u00e7at\u0131s\u0131na elektrik \u00fcretimi yapabilmesi i\u00e7in kurulan r\u00fczg\u00e2r t\u00fcrbini i\u00e7in, davet getirildi.<img loading=\"lazy\" class=\"alignright  wp-image-43704\" src=\"https:\/\/www.enerjigazetesi.ist\/wp-content\/uploads\/2015\/09\/alternatif-enerji-ruzgar-turbini-1900x700_c-300x110.jpg\" alt=\"alternatif-enerji-ruzgar-turbini-1900x700_c\" width=\"304\" height=\"169\" \/><\/strong><\/p>\n<p style=\"color: #666666;\">T\u00fcrkiye\u2019de g\u00fczel i\u015fler de oluyor. Bir\u00e7ok proje \u00f6rnek proje olarak g\u00f6steriliyor.<\/p>\n<p style=\"color: #666666;\">\u0130stanbul Adalet Saray\u0131\u2019n\u0131n \u00e7at\u0131s\u0131na elektrik \u00fcretimi yapabilmesi i\u00e7in kurulan r\u00fczg\u00e2r t\u00fcrbini i\u00e7in, Altair Teknoloji Konferans\u0131\u2019na davet getirildi.<br \/>\nKonferansta projeyi tan\u0131tacak olan \u0130stanbul Anadolu Cumhuriyet Ba\u015fsavc\u0131s\u0131 Fehmi Tosun, \u201cKonferansa d\u00fcnya \u00e7ap\u0131nda 28 proje davet\u00a0edildi. T\u00fcrkiye\u2019den de g\u00fc\u00e7l\u00fc rakiplerimiz vard\u0131 ama biz se\u00e7ildik\u201d dedi.<\/p>\n<p style=\"color: #666666;\">\u201cG\u00fc\u00e7l\u00fc rakipler vard\u0131\u201d<\/p>\n<p style=\"color: #666666;\">Sabah Gazetesi\u2019ne konu\u015fan projenin fikir babas\u0131 ve koordinat\u00f6r\u00fc Ba\u015fsavc\u0131 Fehmi Tosun \u0130stanbul Adalet Saray\u0131\u2019nda Ba\u015fsavc\u0131 Vekili olarak g\u00f6rev yapt\u0131\u011f\u0131 s\u0131rada 2012\u2019de adliyenin \u00e7at\u0131s\u0131n\u0131n \u00e7ok r\u00fczgar ald\u0131\u011f\u0131n\u0131 fark etti\u011fini, ayl\u0131k 500 bin liray\u0131 bulan\u00a0<strong style=\"font-weight: bold; color: #222222;\">elektrik masraf\u0131n\u0131\u00a0<\/strong>nas\u0131l d\u00fc\u015f\u00fcreceklerini d\u00fc\u015f\u00fcnd\u00fckleri s\u0131rada yurtd\u0131\u015f\u0131nda g\u00f6rd\u00fc\u011f\u00fc<strong style=\"font-weight: bold; color: #222222;\">\u00a0r\u00fczgar t\u00fcrbinin<\/strong>\u00a0adliye \u00e7at\u0131s\u0131na konulup konulamayaca\u011f\u0131n\u0131 ara\u015ft\u0131rmaya ba\u015flad\u0131klar\u0131n\u0131 kaydetti.<\/p>\n<p style=\"color: #666666;\">Bu fikri \u0130stanbul Teknik \u00dcniversitesi Makine M\u00fchendisli\u011fi B\u00f6l\u00fcm\u00fc\u2019nden \u00f6\u011fretim \u00fcyesi Erg\u00fcn Bozda\u011f\u2019la payla\u015ft\u0131\u011f\u0131n\u0131 belirten Ba\u015fsavc\u0131 Tosun, \u201cHocam ekibiyle birlikte geldi, \u00f6l\u00e7\u00fcm yapt\u0131lar ve burada r\u00fczgar t\u00fcrbini kurulabilece\u011fi kanaatine vard\u0131lar\u201d \u015feklinde konu\u015ftu.<\/p>\n<p style=\"color: #666666;\">Haberin devam\u0131 i\u00e7in\u00a0<a style=\"color: #fc8d8d;\" href=\"http:\/\/www.ensonhaber.com\/adalet-sarayindaki-ruzgr-turbini-avrupaya-ornek-oldu-2015-08-30.html\" target=\"_blank\">t\u0131klay\u0131n<br \/>\n<\/a><\/p>\n<p><\/p>","protected":false},"excerpt":{"rendered":"<p>Sorry, this entry is only available in Turkish. For the sake of viewer convenience, the content is shown below in the alternative language. You may click the link to switch the active language. Altair Teknoloji Konferans\u0131\u2019na \u0130stanbul Adalet Saray\u0131\u2019n\u0131n \u00e7at\u0131s\u0131na elektrik \u00fcretimi yapabilmesi i\u00e7in kurulan r\u00fczg\u00e2r t\u00fcrbini i\u00e7in, davet getirildi. T\u00fcrkiye\u2019de g\u00fczel i\u015fler de oluyor. [&hellip;]<\/p>\n","protected":false},"author":1,"featured_media":43704,"comment_status":"open","ping_status":"open","sticky":false,"template":"","format":"standard","meta":[],"categories":[53,50],"tags":[16],"views":1038,"_links":{"self":[{"href":"https:\/\/www.enerjigazetesi.ist\/en\/wp-json\/wp\/v2\/posts\/43703"}],"collection":[{"href":"https:\/\/www.enerjigazetesi.ist\/en\/wp-json\/wp\/v2\/posts"}],"about":[{"href":"https:\/\/www.enerjigazetesi.ist\/en\/wp-json\/wp\/v2\/types\/post"}],"author":[{"embeddable":true,"href":"https:\/\/www.enerjigazetesi.ist\/en\/wp-json\/wp\/v2\/users\/1"}],"replies":[{"embeddable":true,"href":"https:\/\/www.enerjigazetesi.ist\/en\/wp-json\/wp\/v2\/comments?post=43703"}],"version-history":[{"count":2,"href":"https:\/\/www.enerjigazetesi.ist\/en\/wp-json\/wp\/v2\/posts\/43703\/revisions"}],"predecessor-version":[{"id":43712,"href":"https:\/\/www.enerjigazetesi.ist\/en\/wp-json\/wp\/v2\/posts\/43703\/revisions\/43712"}],"wp:featuredmedia":[{"embeddable":true,"href":"https:\/\/www.enerjigazetesi.ist\/en\/wp-json\/wp\/v2\/media\/43704"}],"wp:attachment":[{"href":"https:\/\/www.enerjigazetesi.ist\/en\/wp-json\/wp\/v2\/media?parent=43703"}],"wp:term":[{"taxonomy":"category","embeddable":true,"href":"https:\/\/www.enerjigazetesi.ist\/en\/wp-json\/wp\/v2\/categories?post=43703"},{"taxonomy":"post_tag","embeddable":true,"href":"https:\/\/www.enerjigazetesi.ist\/en\/wp-json\/wp\/v2\/tags?post=43703"}],"curies":[{"name":"wp","href":"https:\/\/api.w.org\/{rel}","templated":true}]}}