{"id":43685,"date":"2015-09-01T09:14:21","date_gmt":"2015-09-01T06:14:21","guid":{"rendered":"https:\/\/www.enerjigazetesi.ist\/?p=43685"},"modified":"2015-09-01T09:16:45","modified_gmt":"2015-09-01T06:16:45","slug":"iklim-vergisi-geliyor","status":"publish","type":"post","link":"https:\/\/www.enerjigazetesi.ist\/en\/iklim-vergisi-geliyor\/","title":{"rendered":"(Turkish) \u0130klim Vergisi Geliyor!"},"content":{"rendered":"<p class=\"qtranxs-available-languages-message qtranxs-available-languages-message-en\">Sorry, this entry is only available in <a href=\"https:\/\/www.enerjigazetesi.ist\/tr\/wp-json\/wp\/v2\/posts\/43685\" class=\"qtranxs-available-language-link qtranxs-available-language-link-tr\" title=\"Turkish\">Turkish<\/a>. For the sake of viewer convenience, the content is shown below in the alternative language. You may click the link to switch the active language.<\/p><p><strong>350 Ankara Hareketi\u2019nden \u00d6nder Algedik, Enerji ve Tabii Kaynaklar Bakanligi\u2019nin \u00fczerinde \u00e7alistigi Ulusal Enerji Verimliligi Strateji taslagina g\u00f6re t\u00fcketicilerden elektrik ve dogalgaz t\u00fcketimi \u00e7er\u00e7evesinde iklim degisikligi vergisi alinacagini a\u00e7ikladi.<\/strong><\/p>\n<p style=\"color: #737373;\">FONA AKTARILACAK<a href=\"https:\/\/www.enerjigazetesi.ist\/wp-content\/uploads\/2015\/09\/31-a\u011fustos-enerji-bakanl\u0131\u011f\u0131-1440x564_c-11.jpg\"><img loading=\"lazy\" class=\"alignright size-medium wp-image-43691\" src=\"https:\/\/www.enerjigazetesi.ist\/wp-content\/uploads\/2015\/09\/31-a\u011fustos-enerji-bakanl\u0131\u011f\u0131-1440x564_c-11-300x117.jpg\" alt=\"31-a\u011fustos-enerji-bakanl\u0131\u011f\u0131-1440x564_c (1)\" width=\"300\" height=\"117\" srcset=\"https:\/\/www.enerjigazetesi.ist\/wp-content\/uploads\/2015\/09\/31-a\u011fustos-enerji-bakanl\u0131\u011f\u0131-1440x564_c-11-300x117.jpg 300w, https:\/\/www.enerjigazetesi.ist\/wp-content\/uploads\/2015\/09\/31-a\u011fustos-enerji-bakanl\u0131\u011f\u0131-1440x564_c-11-1024x401.jpg 1024w, https:\/\/www.enerjigazetesi.ist\/wp-content\/uploads\/2015\/09\/31-a\u011fustos-enerji-bakanl\u0131\u011f\u0131-1440x564_c-11-500x195.jpg 500w, https:\/\/www.enerjigazetesi.ist\/wp-content\/uploads\/2015\/09\/31-a\u011fustos-enerji-bakanl\u0131\u011f\u0131-1440x564_c-11-80x31.jpg 80w, https:\/\/www.enerjigazetesi.ist\/wp-content\/uploads\/2015\/09\/31-a\u011fustos-enerji-bakanl\u0131\u011f\u0131-1440x564_c-11.jpg 1440w\" sizes=\"(max-width: 300px) 100vw, 300px\" \/><\/a><\/p>\n<p style=\"color: #737373;\">\u201cTaslak bu sekliyle uygulamaya ge\u00e7erse hayatimiza iki yeni vergi girecek\u201d diyen Algedik, \u201cIlki b\u00fct\u00fcn elektrik t\u00fcketicilerinden alinacak olan elektrik vergisi,<br \/>\nikincisi sanayi ve ticaret abonelerinin hem elektrik hem de dogalgaz t\u00fcketiminden alinacak olan iklim degisikligi vergisi olacak\u201d dedi. Elektrik vergisi ve iklim degisikligi vergisi gelirinin kurulacak Ulusal Enerji Verimliligi Fonu\u2019na aktarilacagini kaydeden Algedik, \u201cBu para devletin yapacagi enerji ihalelerine kaynak olacak\u201d diye konustu. D\u00fcnyada iklim vergisi ya da karbon vergisi diye bilinen sistemlerin g\u00fczel sonu\u00e7lar verdigini s\u00f6yleyen Algedik, yeni vergiler konusunda H\u00fcrriyet\u2019e sunlari s\u00f6yledi:<\/p>\n<p style=\"color: #737373;\">BAH\u00c7ELERE SANTRAL<\/p>\n<p style=\"color: #737373;\">\u201cKanada\u2019nin British Columbia eyaleti, 2008-2012 arasinda y\u00fczde 5 sera gazlarini azaltti. Avustralya ise karbon vergisi koyduktan sonraki ilk 6 ayda elektrik \u00fcretiminde karbondioksit salimini y\u00fczde 9 azaltti.<br \/>\nMesela elektrik t\u00fcketirken vergi vereceksiniz ama r\u00fczgar ya da g\u00fcnesten \u00fcretilen kismi t\u00fcketildiginde de vergilendirilecek.<\/p>\n<p style=\"color: #737373;\">Bir fabrika dogalgaz veya elektrik t\u00fcketirken vergi verecek ama k\u00f6m\u00fcr t\u00fcketirken vermeyecek.<br \/>\nVergi vermek istemezseniz ve fabrikaniz bah\u00e7esine k\u00f6m\u00fcrl\u00fc termik santral kurarsaniz, dogalgaz ve elektrik vergisinden kurtulabileceksiniz. Hal b\u00f6yle olunca iklim vergisi yerine k\u00f6m\u00fcre imtiyaz vergisi demek akla daha yatkin geliyor.<\/p>\n<p style=\"color: #737373;\">T\u00dcM HIBELER VERGIDEN<br \/>\nPetrolden de iklim vergisi alinmayacak, toplanan o kadar vergi ise dogrudan devlet kasasina gidecek. Yani devlet aldigi vergiyi kendine saklayacak, iklime harcamayacak. Dahasi, topladigi vergilerden 2014 yilinda sanayi, binalar ve ulasimda enerji verimliligi \u00e7alismalari i\u00e7in 5,8 milyon lira ayiran T\u00fcrkiye, bundan sonra enerji verimliligi projelerine hibeleri bu ek vergiden saglayacak.<\/p>\n<p style=\"color: #737373;\">Hal b\u00f6yle olunca iklim vergisi demek yerine, devletin enerji verimliligine ayirmadigi kaynagi toplama vergisi demek daha akla yatkin geliyor.<\/p>\n<p style=\"color: #737373;\">7 BIN TEP TASARRUF<\/p>\n<p style=\"color: #737373;\">Planda yapilacak tasarrufa da yer verilmis. Mesela elektrik t\u00fcketiminden 2017 yilinda 7 bin TEP,\u00a0 yani 81 bin MWh tasarruf edilecegi belirtilmis. 2014 toplam t\u00fcketimine g\u00f6re oranlarsak sadece 10 binde 3 \u00e7ikiyor.\u201d<\/p>\n<p style=\"color: #737373;\">Kaynak:\u00a0Kobi Haberci<\/p>\n<p><\/p>","protected":false},"excerpt":{"rendered":"<p>Sorry, this entry is only available in Turkish. For the sake of viewer convenience, the content is shown below in the alternative language. You may click the link to switch the active language.350 Ankara Hareketi\u2019nden \u00d6nder Algedik, Enerji ve Tabii Kaynaklar Bakanligi\u2019nin \u00fczerinde \u00e7alistigi Ulusal Enerji Verimliligi Strateji taslagina g\u00f6re t\u00fcketicilerden elektrik ve dogalgaz t\u00fcketimi [&hellip;]<\/p>\n","protected":false},"author":1,"featured_media":43686,"comment_status":"open","ping_status":"open","sticky":false,"template":"","format":"standard","meta":[],"categories":[51,53],"tags":[25344],"views":902,"_links":{"self":[{"href":"https:\/\/www.enerjigazetesi.ist\/en\/wp-json\/wp\/v2\/posts\/43685"}],"collection":[{"href":"https:\/\/www.enerjigazetesi.ist\/en\/wp-json\/wp\/v2\/posts"}],"about":[{"href":"https:\/\/www.enerjigazetesi.ist\/en\/wp-json\/wp\/v2\/types\/post"}],"author":[{"embeddable":true,"href":"https:\/\/www.enerjigazetesi.ist\/en\/wp-json\/wp\/v2\/users\/1"}],"replies":[{"embeddable":true,"href":"https:\/\/www.enerjigazetesi.ist\/en\/wp-json\/wp\/v2\/comments?post=43685"}],"version-history":[{"count":5,"href":"https:\/\/www.enerjigazetesi.ist\/en\/wp-json\/wp\/v2\/posts\/43685\/revisions"}],"predecessor-version":[{"id":43690,"href":"https:\/\/www.enerjigazetesi.ist\/en\/wp-json\/wp\/v2\/posts\/43685\/revisions\/43690"}],"wp:featuredmedia":[{"embeddable":true,"href":"https:\/\/www.enerjigazetesi.ist\/en\/wp-json\/wp\/v2\/media\/43686"}],"wp:attachment":[{"href":"https:\/\/www.enerjigazetesi.ist\/en\/wp-json\/wp\/v2\/media?parent=43685"}],"wp:term":[{"taxonomy":"category","embeddable":true,"href":"https:\/\/www.enerjigazetesi.ist\/en\/wp-json\/wp\/v2\/categories?post=43685"},{"taxonomy":"post_tag","embeddable":true,"href":"https:\/\/www.enerjigazetesi.ist\/en\/wp-json\/wp\/v2\/tags?post=43685"}],"curies":[{"name":"wp","href":"https:\/\/api.w.org\/{rel}","templated":true}]}}