{"id":43618,"date":"2015-08-30T23:52:51","date_gmt":"2015-08-30T20:52:51","guid":{"rendered":"https:\/\/www.enerjigazetesi.ist\/?p=43618"},"modified":"2015-08-30T23:52:51","modified_gmt":"2015-08-30T20:52:51","slug":"sekerbank-ve-baymak-30-mwlik-kurulu-guc-hedefliyor","status":"publish","type":"post","link":"https:\/\/www.enerjigazetesi.ist\/en\/sekerbank-ve-baymak-30-mwlik-kurulu-guc-hedefliyor\/","title":{"rendered":"(Turkish) \u015eekerbank ve Baymak 30 MW\u2019l\u0131k Kurulu G\u00fc\u00e7 Hedefliyor&#8230;"},"content":{"rendered":"<p class=\"qtranxs-available-languages-message qtranxs-available-languages-message-en\">Sorry, this entry is only available in <a href=\"https:\/\/www.enerjigazetesi.ist\/tr\/wp-json\/wp\/v2\/posts\/43618\" class=\"qtranxs-available-language-link qtranxs-available-language-link-tr\" title=\"Turkish\">Turkish<\/a>. For the sake of viewer convenience, the content is shown below in the alternative language. You may click the link to switch the active language.<\/p><p><\/p>\n<p style=\"color: #444444;\"><strong>\u015eekerbank ve Baymak \u00e7at\u0131 \u00fcst\u00fc g\u00fcne\u015f elektri\u011fi yat\u0131r\u0131mlar\u0131na y\u00f6nelik i\u015fbirli\u011fi geli\u015ftirdiklerini duyurdular.<\/strong><\/p>\n<p style=\"color: #444444;\">A\u00e7\u0131klama \u015eekerbank Perakende Bankac\u0131l\u0131k Pazarlama Genel M\u00fcd\u00fcr Yard\u0131mc\u0131s\u0131 G\u00f6khan Ert\u00fcrk ve Baymak Genel M\u00fcd\u00fcr\u00fc Ender \u00c7olak ev sahipli\u011finde ge\u00e7en hafta \u0130stanbul\u2019da ger\u00e7ekle\u015ftirilen ortak bas\u0131n toplant\u0131s\u0131 ile duyuruldu.<\/p>\n<p style=\"color: #444444;\">A\u00e7\u0131klamalara g\u00f6re i\u015fbirli\u011fi \u00e7at\u0131 tipi g\u00fcne\u015f elektri\u011fi yat\u0131r\u0131m\u0131 yapmak isteyen ger\u00e7ek veya t\u00fczel ki\u015filere Baymak \u00fcr\u00fcnlerini tercih ettikleri takdir<a href=\"https:\/\/www.enerjigazetesi.ist\/wp-content\/uploads\/2015\/08\/sekerbank-ve-baymak-30-mwlik-kurulu-guc-hedefliyor.jpg\"><img loading=\"lazy\" class=\"alignleft size-medium wp-image-43619\" src=\"https:\/\/www.enerjigazetesi.ist\/wp-content\/uploads\/2015\/08\/sekerbank-ve-baymak-30-mwlik-kurulu-guc-hedefliyor-300x163.jpg\" alt=\"sekerbank-ve-baymak-30-mwlik-kurulu-guc-hedefliyor\" width=\"300\" height=\"163\" srcset=\"https:\/\/www.enerjigazetesi.ist\/wp-content\/uploads\/2015\/08\/sekerbank-ve-baymak-30-mwlik-kurulu-guc-hedefliyor-300x163.jpg 300w, https:\/\/www.enerjigazetesi.ist\/wp-content\/uploads\/2015\/08\/sekerbank-ve-baymak-30-mwlik-kurulu-guc-hedefliyor-80x43.jpg 80w, https:\/\/www.enerjigazetesi.ist\/wp-content\/uploads\/2015\/08\/sekerbank-ve-baymak-30-mwlik-kurulu-guc-hedefliyor.jpg 460w\" sizes=\"(max-width: 300px) 100vw, 300px\" \/><\/a>de, \u015eekerbank\u2019\u0131n EkoKredi uygulamas\u0131 kapsam\u0131nda finansman sa\u011flanmas\u0131n\u0131 kaps\u0131yor. \u0130ki kurulu\u015fun hedefi 2017 y\u0131l\u0131na kadar 50 milyon TL\u2019lik finansman ile 30 MW\u2019l\u0131k kurulu g\u00fcc\u00fcn devreye girmesini sa\u011flamak.<\/p>\n<p style=\"color: #444444;\">Toplant\u0131da konu\u015fan \u015eekerbank Perakende Bankac\u0131l\u0131k Pazarlama Genel M\u00fcd\u00fcr Yard\u0131mc\u0131s\u0131 G\u00f6khan Ert\u00fcrk i\u015fbirli\u011fi kapsam\u0131nda apartman\/site y\u00f6netimlerine, bireysel m\u00fc\u015fterilere ve i\u015fletmelere 60 aya varan vadeler\u00a0 ve y\u00fczde 1\u2019in alt\u0131nda faiz oranlar\u0131 ile anahtar teslim kurulum hizmeti dahil olmak \u00fczere g\u00fcne\u015f enerjisi kredisi sa\u011flayabileceklerini s\u00f6yledi. Ert\u00fcrk \u00e7al\u0131\u015fma kapsam\u0131nda 4 ki\u015filik bir ailenin ihtiyac\u0131n\u0131 kar\u015f\u0131layabilecek d\u00fczeyde 3 kW g\u00fcc\u00fcndeki bir sisteme 60 ay vadeli olarak 420 TL\u2019den ba\u015flayabilen taksitler ile sahip olunabilece\u011fini de s\u00f6zlerine ekledi.<\/p>\n<p style=\"color: #444444;\">Baymak Genel M\u00fcd\u00fcr\u00fc Ender \u00c7olak ise fotovoltaik sistem yat\u0131r\u0131mlar\u0131n\u0131n kurulum g\u00fc\u00e7lerine ba\u011fl\u0131 olarak T\u00fcrkiye\u2019nin g\u00fcney b\u00f6lgelerinde 6, kuzey b\u00f6lgelerinde ise 7,5 y\u0131l i\u00e7inde kendilerini \u00f6deyebilece\u011finin alt\u0131n\u0131 \u00e7izdi.<\/p>\n<p style=\"color: #444444;\">\u00c7olak konu\u015fmas\u0131n\u0131n devam\u0131nda \u015funlar\u0131 kaydetti;<\/p>\n<p style=\"color: #444444;\">\u201cT\u00fcrkiye, 2.460 saat g\u00fcne\u015flenme s\u00fcresi ve y\u0131ll\u0131k ortalama 1.311 kilovat saat (kWh\/m2) g\u00fcne\u015f \u0131\u015f\u0131n\u0131m\u0131 ile g\u00fcne\u015f a\u00e7\u0131s\u0131ndan \u00e7ok zengin bir \u00fclkedir, potansiyeli 500 GW\u2019\u0131 a\u015fmaktad\u0131r. Yap\u0131lan \u00f6l\u00e7\u00fcmler, bir ailenin ortalama 3 kW&#8217;l\u0131k bir sistem kulland\u0131\u011f\u0131n\u0131 g\u00f6stermektedir. Bu enerjiyi elde etmek i\u00e7in kurulacak sistem ile g\u00fcne\u015ften yakla\u015f\u0131k 6,5 megavat saat (MWh) \u00fcretim yap\u0131lacak ve ortalama 6 y\u0131lda bu sistem kendini amorti edecektir. Dolay\u0131s\u0131yla 3 kW\u2019l\u0131k sistemi evine kuran bir aile, kalan 24 y\u0131l boyunca bedava elektrik kullanacak ve t\u00fcketiminden artan\u0131 devlete satabilecektir. Baymak olarak, bu sistemi hem bayilerimize hem de proje ortaklar\u0131m\u0131za daha iyi anlatabilmek i\u00e7in fabrikam\u0131za 10 kW\u2019lik bir PV sistemi kurduk. Bu sistem sayesinde 4 adet \u00fcretim band\u0131m\u0131z\u0131n elektrik t\u00fcketiminin y\u00fczde 80\u2019i g\u00fcne\u015f enerjisinden kar\u015f\u0131lanmaktad\u0131r. E\u015f zamanl\u0131 olarak bayi e\u011fitimlerimizi s\u00fcrd\u00fcr\u00fcyoruz. E\u011fitimlere k\u0131sa zamanda 110 ki\u015fi kat\u0131l\u0131m sa\u011flad\u0131. Bu kapsamda, sahada uygulama yapacak olan bayiler konu ile ilgili detayl\u0131 olarak bilgilendirildi. \u0130zmir, Manisa, Ayd\u0131n, Antalya, Adana, Konya, Kayseri ve Ankara\u2019n\u0131n da aralar\u0131nda bulundu\u011fu 23 ilden gelen kat\u0131l\u0131mc\u0131lar, g\u00fcne\u015f enerjisinden elektrik enerjisi \u00fcretme s\u00fcrecine canl\u0131 tan\u0131k oldular.\u201d<\/p>\n<p style=\"color: #444444;\">Ender \u00c7olak Baymak\u2019\u0131n T\u00fcrkiye genelindeki 300\u2019\u00fc a\u015fk\u0131n \u015fubesi, 1.000\u2019e yak\u0131n bayisi ile hedefinin 2017 y\u0131l\u0131na kadar 3.300 konut ve i\u015fyerini g\u00fcne\u015f enerjisi sistemleriyle tan\u0131\u015ft\u0131rmak ve 30 MW\u2019l\u0131k kurulu g\u00fcce ula\u015fmak oldu\u011funu s\u00f6yledi. \u00c7olak bu hedefe ula\u015fman\u0131n y\u0131ll\u0131k 65,7 milyon kWh elektrik \u00fcretimi sa\u011flanmas\u0131 anlam\u0131na gelece\u011fine de vurgu yapt\u0131.<\/p>\n<p style=\"color: #444444;\">\u015eekerbank EkoKredi uygulamas\u0131 kapsam\u0131nda \u015fimdiye kadar enerji verimlili\u011fi alan\u0131nda bireysel, KOB\u0130, esnaf ve \u00e7ift\u00e7ilere yakla\u015f\u0131k olarak 613 milyon TL&#8217;lik finansman sa\u011flam\u0131\u015f durumda.<\/p>\n<p style=\"color: #444444;\">Baymak ise \u00e7at\u0131 \u00fcst\u00fc g\u00fcne\u015f elektri\u011fi yat\u0131r\u0131mlar\u0131 i\u00e7in 3,5,10,15,20,25,30 kW olmak \u00fczere kurulu g\u00fc\u00e7lerine g\u00f6re de\u011fi\u015fen 7 ayr\u0131 paket halinde \u00fcr\u00fcn seti sunuyor.<\/p>\n<p style=\"color: #444444;\">Kaynak: B\u00fcltenler<\/p>\n<p><\/p>","protected":false},"excerpt":{"rendered":"<p>Sorry, this entry is only available in Turkish. For the sake of viewer convenience, the content is shown below in the alternative language. You may click the link to switch the active language. \u015eekerbank ve Baymak \u00e7at\u0131 \u00fcst\u00fc g\u00fcne\u015f elektri\u011fi yat\u0131r\u0131mlar\u0131na y\u00f6nelik i\u015fbirli\u011fi geli\u015ftirdiklerini duyurdular. A\u00e7\u0131klama \u015eekerbank Perakende Bankac\u0131l\u0131k Pazarlama Genel M\u00fcd\u00fcr Yard\u0131mc\u0131s\u0131 G\u00f6khan Ert\u00fcrk [&hellip;]<\/p>\n","protected":false},"author":1,"featured_media":43619,"comment_status":"open","ping_status":"open","sticky":false,"template":"","format":"standard","meta":[],"categories":[53,49],"tags":[5265,25308,22441,5266,63,67,1009,2698,165,3867,22442,227,13,1876,13835],"views":911,"_links":{"self":[{"href":"https:\/\/www.enerjigazetesi.ist\/en\/wp-json\/wp\/v2\/posts\/43618"}],"collection":[{"href":"https:\/\/www.enerjigazetesi.ist\/en\/wp-json\/wp\/v2\/posts"}],"about":[{"href":"https:\/\/www.enerjigazetesi.ist\/en\/wp-json\/wp\/v2\/types\/post"}],"author":[{"embeddable":true,"href":"https:\/\/www.enerjigazetesi.ist\/en\/wp-json\/wp\/v2\/users\/1"}],"replies":[{"embeddable":true,"href":"https:\/\/www.enerjigazetesi.ist\/en\/wp-json\/wp\/v2\/comments?post=43618"}],"version-history":[{"count":1,"href":"https:\/\/www.enerjigazetesi.ist\/en\/wp-json\/wp\/v2\/posts\/43618\/revisions"}],"predecessor-version":[{"id":43620,"href":"https:\/\/www.enerjigazetesi.ist\/en\/wp-json\/wp\/v2\/posts\/43618\/revisions\/43620"}],"wp:featuredmedia":[{"embeddable":true,"href":"https:\/\/www.enerjigazetesi.ist\/en\/wp-json\/wp\/v2\/media\/43619"}],"wp:attachment":[{"href":"https:\/\/www.enerjigazetesi.ist\/en\/wp-json\/wp\/v2\/media?parent=43618"}],"wp:term":[{"taxonomy":"category","embeddable":true,"href":"https:\/\/www.enerjigazetesi.ist\/en\/wp-json\/wp\/v2\/categories?post=43618"},{"taxonomy":"post_tag","embeddable":true,"href":"https:\/\/www.enerjigazetesi.ist\/en\/wp-json\/wp\/v2\/tags?post=43618"}],"curies":[{"name":"wp","href":"https:\/\/api.w.org\/{rel}","templated":true}]}}