{"id":4355,"date":"2012-12-12T10:49:01","date_gmt":"2012-12-12T07:49:01","guid":{"rendered":"https:\/\/www.enerjigazetesi.ist\/?p=4355"},"modified":"2012-12-12T11:01:27","modified_gmt":"2012-12-12T08:01:27","slug":"alplerde-sinirsiz-enerji-tasarrufu","status":"publish","type":"post","link":"https:\/\/www.enerjigazetesi.ist\/en\/alplerde-sinirsiz-enerji-tasarrufu\/","title":{"rendered":"(Turkish) Alpler\u2019de S\u0131n\u0131rs\u0131z Enerji Tasarrufu"},"content":{"rendered":"<p class=\"qtranxs-available-languages-message qtranxs-available-languages-message-en\">Sorry, this entry is only available in <a href=\"https:\/\/www.enerjigazetesi.ist\/tr\/wp-json\/wp\/v2\/posts\/4355\" class=\"qtranxs-available-language-link qtranxs-available-language-link-tr\" title=\"Turkish\">Turkish<\/a>. For the sake of viewer convenience, the content is shown below in the alternative language. You may click the link to switch the active language.<\/p><p><strong>Frans\u0131z Alpleri\u2019nde bir da\u011f evindeyiz. Turistler i\u00e7in bir s\u0131\u011f\u0131nak olan Sarenne S\u0131\u011f\u0131na\u011f\u0131 adl\u0131 bu ev, ayn\u0131 zamanda enerjiyi koruma ama\u00e7l\u0131 yap\u0131ld\u0131. 2000 metre y\u00fckseklikte r\u00fczgar enerjisi ve at\u0131klardan yararlan\u0131larak in\u015fa edilen evde pozitif bir enerji hakim.<\/strong><\/p>\n<p>Fabrice Andre, ruhunda bir m\u00fchendisi bar\u0131nd\u0131ran, yarat\u0131c\u0131 bir mucit. Kendi tasarlad\u0131\u011f\u0131, enerji tasarrufuna dayal\u0131 \u00fc\u00e7 tekerlekli bisikletle 270 <img loading=\"lazy\" class=\"alignright size-medium wp-image-4356\" title=\"fransa-alpler-enerji-tasarrufu-dag-evi\" src=\"https:\/\/www.enerjigazetesi.ist\/wp-content\/uploads\/2012\/12\/fransa-alpler-enerji-tasarrufu-dag-evi-300x184.jpg\" alt=\"\" width=\"300\" height=\"184\" srcset=\"https:\/\/www.enerjigazetesi.ist\/wp-content\/uploads\/2012\/12\/fransa-alpler-enerji-tasarrufu-dag-evi-300x184.jpg 300w, https:\/\/www.enerjigazetesi.ist\/wp-content\/uploads\/2012\/12\/fransa-alpler-enerji-tasarrufu-dag-evi-500x308.jpg 500w, https:\/\/www.enerjigazetesi.ist\/wp-content\/uploads\/2012\/12\/fransa-alpler-enerji-tasarrufu-dag-evi-80x50.jpg 80w, https:\/\/www.enerjigazetesi.ist\/wp-content\/uploads\/2012\/12\/fransa-alpler-enerji-tasarrufu-dag-evi.jpg 563w\" sizes=\"(max-width: 300px) 100vw, 300px\" \/>km kat edebilen Andre, arac\u0131n \u00e7al\u0131\u015fma mant\u0131\u011f\u0131n\u0131 anlatt\u0131: \u201cYararlan\u0131lan teknoloji, bir pilin \u015farj\u0131n\u0131n di\u011ferininkine aktar\u0131larak azami \u00f6l\u00e7\u00fcde \u00f6zerklik tan\u0131mas\u0131 \u00fczerine kurulu. Ayr\u0131ca pedal \u00e7evirmek i\u00e7in yard\u0131mc\u0131 bir par\u00e7a da var.\u201d<\/p>\n<p>Andre\u2019ye 2000 kilometre y\u00fckseklikte, Alpe d\u2019Huez kayak merkezinin yukar\u0131s\u0131nda rastlad\u0131k. Andre, bize bu enerji harikas\u0131 ev fikrinin \u00e7\u0131k\u0131\u015f noktas\u0131n\u0131 \u015fu s\u00f6zlerle a\u00e7\u0131klad\u0131: \u201cHi\u00e7li\u011fin ortas\u0131nda, her yere uzak bir bina yaparak enerji \u00f6zerkli\u011fi yaratabilece\u011fim fikrinden yola \u00e7\u0131kt\u0131m. Enerji \u00f6zerkli\u011fi, yaln\u0131zca elektrik kaynaklar\u0131n\u0131 ilgilendiren bir konu de\u011fil; ayn\u0131 zamanda \u0131s\u0131nma, ba\u011f ve bah\u00e7e i\u015fleri ve ula\u015f\u0131m konular\u0131n\u0131 da kaps\u0131yor.\u201d<\/p>\n<p>Mucit Andre\u2019nin pratik zekas\u0131 her anlamda enerji \u00f6zerkli\u011fi i\u00e7inde ya\u015famas\u0131na yard\u0131mc\u0131 oluyor. Andre, \u00f6zg\u00fcrl\u00fck ve rahatl\u0131\u011f\u0131 kendisine slogan olarak se\u00e7ti\u011finden s\u00f6z ediyor. \u0130n\u015fa etti\u011fi ah\u015fap evin yap\u0131m a\u015famas\u0131 ise yalzn\u0131ca tomruklar\u0131n \u00fcst \u00fcste y\u0131\u011f\u0131lmas\u0131ndan ibaret. Andre, bu \u015fekilde olduk\u00e7a iyi d\u00fczeyde bir yal\u0131t\u0131m sa\u011flad\u0131\u011f\u0131ndan bahsetti: \u201c\u015eunu bilmek gerek: 20 santimetre kal\u0131nl\u0131\u011f\u0131nda ah\u015fap, 2 metrelik cam y\u00fcn\u00fcne e\u015f de\u011fer bir yal\u0131t\u0131m sa\u011flar. Sonra y\u0131\u011fma y\u00f6ntemi var. Bu, y\u0131lland\u0131k\u00e7a yal\u0131t\u0131m\u0131n\u0131 koruyacak, su ge\u00e7irmeyecek tipte bir yap\u0131. Ba\u011flant\u0131y\u0131 ve yal\u0131t\u0131m\u0131 sa\u011flayan \u015fey, y\u00fck.\u201d<\/p>\n<p>Andre, bah\u00e7eye kurdu\u011fu r\u00fczgar g\u00fcl\u00fc ile ev i\u00e7in gerekli enerjinin bir k\u0131sm\u0131n\u0131 kar\u015f\u0131lad\u0131\u011f\u0131ndan s\u00f6z etti: \u201cDe\u011fi\u015fken bir geometrisi ve dikey ekseni olan bir r\u00fczgar g\u00fcl\u00fcm\u00fcz var. Bu \u015fekilde h\u0131zlan\u0131yor. Burada varagele halat\u0131 geri d\u00f6nerek yelkeni kapat\u0131yor. R\u00fczgar g\u00fcc\u00fcn\u00fc kaybediyor, yelken tamemen a\u00e7\u0131l\u0131yor. B\u00fct\u00fcn\u00fcyle a\u00e7\u0131k. Neredeyse yok edilemez \u00f6zellikte, \u00e7\u00fcnk\u00fc daha g\u00fc\u00e7l\u00fc r\u00fczgar\u0131 silindir haline gelerek kald\u0131rabiliyor.\u201d<\/p>\n<p>Enerji \u00fcretmek, at\u0131k maddelerin ve emisyonlar\u0131n da kontrol\u00fc anlam\u0131na geliyor. Fabrice Andre, bu konuda buldu\u011fu do\u011fal \u00e7\u00f6z\u00fcmden bahsetti: \u201cBu da\u011f evinde su ar\u0131tma havuzu bulunuyor. Evde kullan\u0131lm\u0131\u015f suyu, kirli sular\u0131 biriktiriyoruz. Do\u011fal ortamda kullanmadan \u00f6nce ar\u0131t\u0131yoruz. \u015eurada g\u00f6rd\u00fc\u011f\u00fcm\u00fcz su yosunu ve elodea bitkisi, oksijenleme i\u015flemini yap\u0131yor.\u201d G\u00fcne\u015f enerjisinden faydalanmay\u0131 da unutmayan mucit, bu k\u0131\u015fl\u0131k da\u011f evi i\u00e7in vazge\u00e7ilmez bir \u00f6zellik olan kara kar\u015f\u0131 geli\u015ftirdi\u011fi \u0131s\u0131 yal\u0131t\u0131m y\u00f6nteminden s\u00f6z etti: \u201cBurada g\u00fcne\u015f panelimiz var. Bu, binan\u0131n kuzey cephesine g\u00fcne\u015fi yans\u0131tmaya yarayan bir ayna. Sadece g\u00fcne\u015ften yararlanarak kar\u0131 eritmemize yard\u0131mc\u0131 oluyor. K\u00fcre\u011fe gerek kalm\u0131yor.\u201d<\/p>\n<p>G\u00fcne\u015f ve r\u00fczgardan yararland\u0131ktan sonra geriye at\u0131klar kal\u0131yor. Bu evde, plastik dahil t\u00fcm at\u0131k maddeler \u00f6zel bir \u0131s\u0131t\u0131c\u0131da kullan\u0131larak de\u011ferlendiriliyor. Andre, at\u0131k maddelerden ne \u015fekilde faydaland\u0131\u011f\u0131n\u0131 \u015fu s\u00f6zlerle a\u00e7\u0131klad\u0131: \u201c1600 derece s\u0131n\u0131r\u0131n\u0131 ge\u00e7ti\u011fimizde daha hassas maddelerden, plastik, strafor gibi \u00e7evreyi kirleten maddelerden de yararlanabiliyoruz. \u00c7\u00fcnk\u00fc asl\u0131nda istenmeyen molek\u00fclleri yok eden \u015fey \u0131s\u0131.\u201d<\/p>\n<p>K\u0131\u015f sezonunun ilk turistleri b\u00f6lgeye ak\u0131n etmeden, Fabrice, \u00f6zellikle de termodinamik enerjiye dayal\u0131 \u00e7al\u0131\u015fmalar\u0131n\u0131 salondaki masas\u0131na kurdu. Termodinamik sistemin nas\u0131l \u00e7al\u0131\u015ft\u0131\u011f\u0131n\u0131 \u015fu s\u00f6zlerle anlatt\u0131: \u201cHavadan ge\u00e7en ak\u0131m bu iki t\u00fcpte toplan\u0131yor. \u0130ki jenerat\u00f6r \u00fczerinde y\u00fczey aktif madde prensibini uyguluyoruz. Biri iletici, di\u011feri al\u0131c\u0131 g\u00f6revi g\u00f6r\u00fcyor. \u0130kisi aras\u0131nda \u00e7evredeki, havada gezinen elektronlar\u0131 pompal\u0131yoruz. Toprakla sonsuzluk aras\u0131nda, aya\u011f\u0131m\u0131z\u0131n alt\u0131yla d\u00fcnyan\u0131n merkezi aras\u0131nda oldu\u011fundan \u00e7ok daha fazla enerji kayna\u011f\u0131 oldu\u011fu kesin. \u015eimdilik yaln\u0131zca bir k\u0131sm\u0131n\u0131 tan\u0131yoruz. Termodinamik enerjiye gelince, daha \u00e7ok yenilenebilir enerji s\u00fcrecinden s\u00f6z edebiliriz. Akl\u0131n k\u00fc\u00e7\u00fck bir \u00f6l\u00e7\u00fcde de olsa ihtiya\u00e7lar\u0131m\u0131za cevap verdi\u011fi bir noktaday\u0131z. Bu, g\u00fcnl\u00fck 2 kilovat kadar bir ihtiya\u00e7. Y\u0131l\u0131n 365 g\u00fcn\u00fc i\u00e7in d\u00fc\u015f\u00fcnelim. E\u011fer y\u00fckleri dengelemeyi ve paralel bir \u015fekilde stoklamay\u0131 becerebilirsek bu da\u011f evinin ihtiya\u00e7lar\u0131na kusursuz bir \u015fekilde kar\u015f\u0131l\u0131k vermi\u015f oluyoruz.\u201d<\/p>\n<p>Kaynak: <a href=\"http:\/\/tr.euronews.com\/2012\/12\/04\/alpler-de-sinirsiz-enerji-tasarrufu\/\" target=\"_blank\">EuroNews<\/a><\/p>","protected":false},"excerpt":{"rendered":"<p>Sorry, this entry is only available in Turkish. For the sake of viewer convenience, the content is shown below in the alternative language. You may click the link to switch the active language.Frans\u0131z Alpleri\u2019nde bir da\u011f evindeyiz. Turistler i\u00e7in bir s\u0131\u011f\u0131nak olan Sarenne S\u0131\u011f\u0131na\u011f\u0131 adl\u0131 bu ev, ayn\u0131 zamanda enerjiyi koruma ama\u00e7l\u0131 yap\u0131ld\u0131. 2000 metre [&hellip;]<\/p>\n","protected":false},"author":1,"featured_media":4356,"comment_status":"open","ping_status":"open","sticky":false,"template":"","format":"standard","meta":[],"categories":[53,52,50],"tags":[1344,1345,67,103,12,1346,13,16,1243,1347],"views":1940,"_links":{"self":[{"href":"https:\/\/www.enerjigazetesi.ist\/en\/wp-json\/wp\/v2\/posts\/4355"}],"collection":[{"href":"https:\/\/www.enerjigazetesi.ist\/en\/wp-json\/wp\/v2\/posts"}],"about":[{"href":"https:\/\/www.enerjigazetesi.ist\/en\/wp-json\/wp\/v2\/types\/post"}],"author":[{"embeddable":true,"href":"https:\/\/www.enerjigazetesi.ist\/en\/wp-json\/wp\/v2\/users\/1"}],"replies":[{"embeddable":true,"href":"https:\/\/www.enerjigazetesi.ist\/en\/wp-json\/wp\/v2\/comments?post=4355"}],"version-history":[{"count":3,"href":"https:\/\/www.enerjigazetesi.ist\/en\/wp-json\/wp\/v2\/posts\/4355\/revisions"}],"predecessor-version":[{"id":4363,"href":"https:\/\/www.enerjigazetesi.ist\/en\/wp-json\/wp\/v2\/posts\/4355\/revisions\/4363"}],"wp:featuredmedia":[{"embeddable":true,"href":"https:\/\/www.enerjigazetesi.ist\/en\/wp-json\/wp\/v2\/media\/4356"}],"wp:attachment":[{"href":"https:\/\/www.enerjigazetesi.ist\/en\/wp-json\/wp\/v2\/media?parent=4355"}],"wp:term":[{"taxonomy":"category","embeddable":true,"href":"https:\/\/www.enerjigazetesi.ist\/en\/wp-json\/wp\/v2\/categories?post=4355"},{"taxonomy":"post_tag","embeddable":true,"href":"https:\/\/www.enerjigazetesi.ist\/en\/wp-json\/wp\/v2\/tags?post=4355"}],"curies":[{"name":"wp","href":"https:\/\/api.w.org\/{rel}","templated":true}]}}