{"id":43547,"date":"2015-08-28T16:21:47","date_gmt":"2015-08-28T13:21:47","guid":{"rendered":"https:\/\/www.enerjigazetesi.ist\/?p=43547"},"modified":"2015-08-28T18:55:05","modified_gmt":"2015-08-28T15:55:05","slug":"eif-2015te-solar-cadde-projesi","status":"publish","type":"post","link":"https:\/\/www.enerjigazetesi.ist\/en\/eif-2015te-solar-cadde-projesi\/","title":{"rendered":"(Turkish) EIF 2015\u2019te Solar Cadde Projesi&#8230;"},"content":{"rendered":"<p class=\"qtranxs-available-languages-message qtranxs-available-languages-message-en\">Sorry, this entry is only available in <a href=\"https:\/\/www.enerjigazetesi.ist\/tr\/wp-json\/wp\/v2\/posts\/43547\" class=\"qtranxs-available-language-link qtranxs-available-language-link-tr\" title=\"Turkish\">Turkish<\/a>. For the sake of viewer convenience, the content is shown below in the alternative language. You may click the link to switch the active language.<\/p><p><\/p>\n<p style=\"color: #666666;\"><strong style=\"font-weight: bold; color: #222222;\">EIF T\u00fcrkiye\u2019de yerli ve yabanc\u0131 g\u00fcne\u015f enerjisi \u015firketleri Solar Cadde \u00fczerinde ilk kez bir araya gelecek.<\/strong><\/p>\n<p style=\"color: #666666;\"><a href=\"https:\/\/www.enerjigazetesi.ist\/wp-content\/uploads\/2015\/08\/alternatif-enerji-ief-500x500_c.jpg\"><img loading=\"lazy\" class=\"alignleft size-medium wp-image-43548\" src=\"https:\/\/www.enerjigazetesi.ist\/wp-content\/uploads\/2015\/08\/alternatif-enerji-ief-500x500_c-300x300.jpg\" alt=\"alternatif-enerji-ief-500x500_c\" width=\"300\" height=\"300\" srcset=\"https:\/\/www.enerjigazetesi.ist\/wp-content\/uploads\/2015\/08\/alternatif-enerji-ief-500x500_c-300x300.jpg 300w, https:\/\/www.enerjigazetesi.ist\/wp-content\/uploads\/2015\/08\/alternatif-enerji-ief-500x500_c-150x150.jpg 150w, https:\/\/www.enerjigazetesi.ist\/wp-content\/uploads\/2015\/08\/alternatif-enerji-ief-500x500_c-400x400.jpg 400w, https:\/\/www.enerjigazetesi.ist\/wp-content\/uploads\/2015\/08\/alternatif-enerji-ief-500x500_c-50x50.jpg 50w, https:\/\/www.enerjigazetesi.ist\/wp-content\/uploads\/2015\/08\/alternatif-enerji-ief-500x500_c.jpg 500w\" sizes=\"(max-width: 300px) 100vw, 300px\" \/><\/a>T\u00fcrkiye\u2019de enerji temel selt\u00f6rlerden biri haline geldik\u00e7e, fuarlar da dikkat \u00e7ekiyor.<\/p>\n<p style=\"color: #666666;\">EIF T\u00fcrkiye\u2019de \u201cSolar Cadde Projesi\u201d kat\u0131l\u0131mc\u0131lara sunuluyor. Yerli ve yabanc\u0131 g\u00fcne\u015f enerjisi \u015firketleri Solar Cadde \u00fczerinde ilk kez bir araya gelecek.<\/p>\n<p style=\"color: #666666;\">Y\u00fckselen g\u00fcne\u015f enerjisi sekt\u00f6r\u00fcne dikkatleri \u00e7ekmek ad\u0131na, Domino Fuarc\u0131l\u0131k\u2013EIF ile Solarbaba Platformu yepyeni bir konsept yaratt\u0131.<\/p>\n<p style=\"color: #666666;\">Global Enerji Derne\u011fi Ba\u015fkan\u0131 Avukat \u00c7i\u011fdem Dilek; \u201cUluslararas\u0131 Enerji Kongresi ve Fuar\u0131\/ EIF 2015\u201d, D\u00fcnya\u2019da ve T\u00fcrkiye\u2019de enerji \u00fcretimine ili\u015fkin \u00e7ok \u00e7e\u015fitli konular\u0131n tart\u0131\u015f\u0131laca\u011f\u0131 bir platform. T.C. Enerji ve Tabii Kaynaklar Bakanl\u0131\u011f\u0131\u2019n\u0131n destekleriyle ger\u00e7ekle\u015fecek kongremizin amac\u0131; ba\u015fta elektrik \u00fcretim kaynaklar\u0131 olmak \u00fczere D\u00fcnya ve T\u00fcrkiye enerji piyasalar\u0131n\u0131n t\u00fcm boyutlar\u0131 ile de\u011ferlendirilmesi ve en son geli\u015fmeler ile uygulamalar\u0131n pek \u00e7ok a\u00e7\u0131dan tart\u0131\u015f\u0131l\u0131p ele al\u0131nabilece\u011fi bir ortam olu\u015fturmak. \u00dclkenin \u00f6nde gelen yerli ve yabanc\u0131 g\u00fcne\u015f enerjisi \u015firketleri T\u00fcrkiye\u2019de ilk defa olu\u015fturulan \u201cSolar Cadde\u201d \u00fczerinde bir araya gelecek. Bu \u00f6zel g\u00fcne\u015f enerjisi etkinli\u011fine \u015firketlerin sadece bilgisayar, not defteri ve \u00fcr\u00fcn\/servis tan\u0131t\u0131m bro\u015f\u00fcrlerini getirmesi yeterli. 5-6 Kas\u0131m tarihlerinde EIF kapsam\u0131nda Congresium\u2019da d\u00fczenlenecek Uluslararas\u0131 Enerji Kongresi ve Fuar\u0131 sahada ya\u015fanan teknik ve hukuki sorunlardan yeni 50kW ufak GES y\u00f6netmeli\u011fine, son teknolojilerden tar\u0131msal sulamaya, farkl\u0131 finans \u00e7\u00f6z\u00fcmlerinden g\u00fcne\u015f enerjili binalara, sekt\u00f6rdeki insan kayna\u011f\u0131 problemine varana kadar ele al\u0131nacak\u201d a\u00e7\u0131klamas\u0131nda bulundu.<\/p>\n<p style=\"color: #666666;\">Kaynak: Alternatif Enerji<\/p>\n<p><\/p>","protected":false},"excerpt":{"rendered":"<p>Sorry, this entry is only available in Turkish. For the sake of viewer convenience, the content is shown below in the alternative language. You may click the link to switch the active language. EIF T\u00fcrkiye\u2019de yerli ve yabanc\u0131 g\u00fcne\u015f enerjisi \u015firketleri Solar Cadde \u00fczerinde ilk kez bir araya gelecek. T\u00fcrkiye\u2019de enerji temel selt\u00f6rlerden biri haline [&hellip;]<\/p>\n","protected":false},"author":1,"featured_media":43548,"comment_status":"open","ping_status":"open","sticky":false,"template":"","format":"standard","meta":[],"categories":[53,49],"tags":[24478,13,105],"views":1049,"_links":{"self":[{"href":"https:\/\/www.enerjigazetesi.ist\/en\/wp-json\/wp\/v2\/posts\/43547"}],"collection":[{"href":"https:\/\/www.enerjigazetesi.ist\/en\/wp-json\/wp\/v2\/posts"}],"about":[{"href":"https:\/\/www.enerjigazetesi.ist\/en\/wp-json\/wp\/v2\/types\/post"}],"author":[{"embeddable":true,"href":"https:\/\/www.enerjigazetesi.ist\/en\/wp-json\/wp\/v2\/users\/1"}],"replies":[{"embeddable":true,"href":"https:\/\/www.enerjigazetesi.ist\/en\/wp-json\/wp\/v2\/comments?post=43547"}],"version-history":[{"count":1,"href":"https:\/\/www.enerjigazetesi.ist\/en\/wp-json\/wp\/v2\/posts\/43547\/revisions"}],"predecessor-version":[{"id":43549,"href":"https:\/\/www.enerjigazetesi.ist\/en\/wp-json\/wp\/v2\/posts\/43547\/revisions\/43549"}],"wp:featuredmedia":[{"embeddable":true,"href":"https:\/\/www.enerjigazetesi.ist\/en\/wp-json\/wp\/v2\/media\/43548"}],"wp:attachment":[{"href":"https:\/\/www.enerjigazetesi.ist\/en\/wp-json\/wp\/v2\/media?parent=43547"}],"wp:term":[{"taxonomy":"category","embeddable":true,"href":"https:\/\/www.enerjigazetesi.ist\/en\/wp-json\/wp\/v2\/categories?post=43547"},{"taxonomy":"post_tag","embeddable":true,"href":"https:\/\/www.enerjigazetesi.ist\/en\/wp-json\/wp\/v2\/tags?post=43547"}],"curies":[{"name":"wp","href":"https:\/\/api.w.org\/{rel}","templated":true}]}}