{"id":43543,"date":"2015-08-28T15:06:15","date_gmt":"2015-08-28T12:06:15","guid":{"rendered":"https:\/\/www.enerjigazetesi.ist\/?p=43543"},"modified":"2015-08-28T18:55:31","modified_gmt":"2015-08-28T15:55:31","slug":"efe-1-jes-uretime-basladi","status":"publish","type":"post","link":"https:\/\/www.enerjigazetesi.ist\/en\/efe-1-jes-uretime-basladi\/","title":{"rendered":"(Turkish) Efe 1 JES \u00dcretime Ba\u015flad\u0131!"},"content":{"rendered":"<p class=\"qtranxs-available-languages-message qtranxs-available-languages-message-en\">Sorry, this entry is only available in <a href=\"https:\/\/www.enerjigazetesi.ist\/tr\/wp-json\/wp\/v2\/posts\/43543\" class=\"qtranxs-available-language-link qtranxs-available-language-link-tr\" title=\"Turkish\">Turkish<\/a>. For the sake of viewer convenience, the content is shown below in the alternative language. You may click the link to switch the active language.<\/p><p><\/p>\n<p style=\"color: #666666;\"><strong style=\"font-weight: bold; color: #222222;\">G\u00fcri\u015f Holding`in Efeler Jeotermal Santrallerinden 47,4 MW g\u00fcc\u00fcndeki Efe 1 \u00fcretime ba\u015flad\u0131.<\/strong><\/p>\n<p style=\"color: #666666;\"><a href=\"https:\/\/www.enerjigazetesi.ist\/wp-content\/uploads\/2015\/08\/alternatif-enerji-efeler-jes1-1900x700_c.jpg\"><img loading=\"lazy\" class=\"alignright size-medium wp-image-43544\" src=\"https:\/\/www.enerjigazetesi.ist\/wp-content\/uploads\/2015\/08\/alternatif-enerji-efeler-jes1-1900x700_c-300x110.jpg\" alt=\"alternatif-enerji-efeler-jes1-1900x700_c\" width=\"300\" height=\"110\" srcset=\"https:\/\/www.enerjigazetesi.ist\/wp-content\/uploads\/2015\/08\/alternatif-enerji-efeler-jes1-1900x700_c-300x110.jpg 300w, https:\/\/www.enerjigazetesi.ist\/wp-content\/uploads\/2015\/08\/alternatif-enerji-efeler-jes1-1900x700_c-1024x377.jpg 1024w, https:\/\/www.enerjigazetesi.ist\/wp-content\/uploads\/2015\/08\/alternatif-enerji-efeler-jes1-1900x700_c-500x184.jpg 500w, https:\/\/www.enerjigazetesi.ist\/wp-content\/uploads\/2015\/08\/alternatif-enerji-efeler-jes1-1900x700_c-80x29.jpg 80w, https:\/\/www.enerjigazetesi.ist\/wp-content\/uploads\/2015\/08\/alternatif-enerji-efeler-jes1-1900x700_c.jpg 1900w\" sizes=\"(max-width: 300px) 100vw, 300px\" \/><\/a>T\u00fcrkiye\u00a0<strong style=\"font-weight: bold; color: #222222;\">jeotermal enerji potansiyelini\u00a0<\/strong>kullanma y\u00f6n\u00fcnde \u00f6nemli ad\u0131mlar at\u0131yor.<\/p>\n<p style=\"color: #666666;\">enerjigunlugu.net\u2019in haberine g\u00f6re, Efeler Jeotermal Santrallerinden 47,4 megawatt g\u00fcc\u00fcndeki Efe 1`in kabul\u00fc yap\u0131larak, devreye al\u0131nd\u0131. B\u00f6ylece Efeler JES`te faaliyette olan toplam g\u00fc\u00e7 162,3 megawatt`a ula\u015ft\u0131.<\/p>\n<p style=\"color: #666666;\">G\u00fcri\u015f`in Efeler JES`in bundan sonraki a\u015famalar\u0131n\u0131n tamamlanmas\u0131 ile toplam g\u00fcc\u00fc 232,2 megawatt\u2019a \u00e7\u0131kacak ve y\u0131lda 1,92 milyar kilowatt\/saat elektrik \u00fcretecek. Bunun 850 bin evin y\u0131ll\u0131k ihtiyac\u0131na kar\u015f\u0131l\u0131k geldi\u011fi ifade edildi.<\/p>\n<p style=\"color: #666666;\">Haberin devam\u0131 i\u00e7in\u00a0<a style=\"color: #fc8d8d;\" href=\"http:\/\/www.enerjigunlugu.net\/guris-holdingin-efe-1-jesi-uretime-basladi_15032.html#.VeAnsX3-m1s\" target=\"_blank\">t\u0131klay\u0131n<\/a><\/p>\n<p style=\"color: #666666;\">Kaynak: AlternatifEnerji<\/p>\n<p><\/p>","protected":false},"excerpt":{"rendered":"<p>Sorry, this entry is only available in Turkish. For the sake of viewer convenience, the content is shown below in the alternative language. You may click the link to switch the active language. G\u00fcri\u015f Holding`in Efeler Jeotermal Santrallerinden 47,4 MW g\u00fcc\u00fcndeki Efe 1 \u00fcretime ba\u015flad\u0131. T\u00fcrkiye\u00a0jeotermal enerji potansiyelini\u00a0kullanma y\u00f6n\u00fcnde \u00f6nemli ad\u0131mlar at\u0131yor. enerjigunlugu.net\u2019in haberine g\u00f6re, [&hellip;]<\/p>\n","protected":false},"author":1,"featured_media":43544,"comment_status":"open","ping_status":"open","sticky":false,"template":"","format":"standard","meta":[],"categories":[53,48],"tags":[63,67,1009,165,58,56],"views":1503,"_links":{"self":[{"href":"https:\/\/www.enerjigazetesi.ist\/en\/wp-json\/wp\/v2\/posts\/43543"}],"collection":[{"href":"https:\/\/www.enerjigazetesi.ist\/en\/wp-json\/wp\/v2\/posts"}],"about":[{"href":"https:\/\/www.enerjigazetesi.ist\/en\/wp-json\/wp\/v2\/types\/post"}],"author":[{"embeddable":true,"href":"https:\/\/www.enerjigazetesi.ist\/en\/wp-json\/wp\/v2\/users\/1"}],"replies":[{"embeddable":true,"href":"https:\/\/www.enerjigazetesi.ist\/en\/wp-json\/wp\/v2\/comments?post=43543"}],"version-history":[{"count":2,"href":"https:\/\/www.enerjigazetesi.ist\/en\/wp-json\/wp\/v2\/posts\/43543\/revisions"}],"predecessor-version":[{"id":43546,"href":"https:\/\/www.enerjigazetesi.ist\/en\/wp-json\/wp\/v2\/posts\/43543\/revisions\/43546"}],"wp:featuredmedia":[{"embeddable":true,"href":"https:\/\/www.enerjigazetesi.ist\/en\/wp-json\/wp\/v2\/media\/43544"}],"wp:attachment":[{"href":"https:\/\/www.enerjigazetesi.ist\/en\/wp-json\/wp\/v2\/media?parent=43543"}],"wp:term":[{"taxonomy":"category","embeddable":true,"href":"https:\/\/www.enerjigazetesi.ist\/en\/wp-json\/wp\/v2\/categories?post=43543"},{"taxonomy":"post_tag","embeddable":true,"href":"https:\/\/www.enerjigazetesi.ist\/en\/wp-json\/wp\/v2\/tags?post=43543"}],"curies":[{"name":"wp","href":"https:\/\/api.w.org\/{rel}","templated":true}]}}