{"id":43468,"date":"2015-08-27T22:21:22","date_gmt":"2015-08-27T19:21:22","guid":{"rendered":"https:\/\/www.enerjigazetesi.ist\/?p=43468"},"modified":"2015-08-27T22:21:22","modified_gmt":"2015-08-27T19:21:22","slug":"almanyada-enerji-donusumunun-maliyeti-vatandasa-cikariliyor","status":"publish","type":"post","link":"https:\/\/www.enerjigazetesi.ist\/en\/almanyada-enerji-donusumunun-maliyeti-vatandasa-cikariliyor\/","title":{"rendered":"(Turkish) Almanya\u2019da Enerji D\u00f6n\u00fc\u015f\u00fcm\u00fcn\u00fcn Maliyeti Vatanda\u015fa \u00c7\u0131kar\u0131l\u0131yor&#8230;"},"content":{"rendered":"<p class=\"qtranxs-available-languages-message qtranxs-available-languages-message-en\">Sorry, this entry is only available in <a href=\"https:\/\/www.enerjigazetesi.ist\/tr\/wp-json\/wp\/v2\/posts\/43468\" class=\"qtranxs-available-language-link qtranxs-available-language-link-tr\" title=\"Turkish\">Turkish<\/a>. For the sake of viewer convenience, the content is shown below in the alternative language. You may click the link to switch the active language.<\/p><p><\/p>\n<p style=\"color: #222222;\"><strong>Almanya\u2019da y\u00fcr\u00fcrl\u00fc\u011fe konmas\u0131 planlanan enerji d\u00f6n\u00fc\u015f\u00fcm\u00fc vatanda\u015fa pahal\u0131ya patl\u0131yor.<\/strong><span id=\"more-73250\"><\/span><\/p>\n<p style=\"color: #222222;\">Alman Ekonomi Enstit<a href=\"https:\/\/www.enerjigazetesi.ist\/wp-content\/uploads\/2015\/08\/almanyada-enerji-donusumunun-maliyeti-vatandasa-cikariliyor.jpg\"><img loading=\"lazy\" class=\"alignleft size-medium wp-image-43469\" src=\"https:\/\/www.enerjigazetesi.ist\/wp-content\/uploads\/2015\/08\/almanyada-enerji-donusumunun-maliyeti-vatandasa-cikariliyor-300x165.jpg\" alt=\"almanyada-enerji-donusumunun-maliyeti-vatandasa-cikariliyor\" width=\"300\" height=\"165\" srcset=\"https:\/\/www.enerjigazetesi.ist\/wp-content\/uploads\/2015\/08\/almanyada-enerji-donusumunun-maliyeti-vatandasa-cikariliyor-300x165.jpg 300w, https:\/\/www.enerjigazetesi.ist\/wp-content\/uploads\/2015\/08\/almanyada-enerji-donusumunun-maliyeti-vatandasa-cikariliyor-500x276.jpg 500w, https:\/\/www.enerjigazetesi.ist\/wp-content\/uploads\/2015\/08\/almanyada-enerji-donusumunun-maliyeti-vatandasa-cikariliyor-80x44.jpg 80w, https:\/\/www.enerjigazetesi.ist\/wp-content\/uploads\/2015\/08\/almanyada-enerji-donusumunun-maliyeti-vatandasa-cikariliyor.jpg 696w\" sizes=\"(max-width: 300px) 100vw, 300px\" \/><\/a>\u00fcs\u00fc\u2019n\u00fcn (IW) ara\u015ft\u0131rmas\u0131na g\u00f6re elektrik da\u011f\u0131tan \u015firketlerin m\u00fc\u015fterileri her y\u0131l enerji d\u00f6n\u00fc\u015f\u00fcm\u00fc i\u00e7in 28 milyar Euro \u00f6d\u00fcyor. Buna g\u00f6re 3 bin 500 kilovatsaat elektrik harcayan bir aile enerji d\u00f6n\u00fc\u015f\u00fcm\u00fc i\u00e7in y\u0131lda 270 Euro \u00f6d\u00fcyor. Bu miktar\u0131n i\u00e7inde sadece enerji d\u00f6n\u00fc\u015f\u00fcm\u00fcn\u00fcn te\u015fviki i\u00e7in gerekli mebla\u011f yok. Elektrik t\u00fcketicileri ayn\u0131 zamanda bu uygulamadan kaynaklanan a\u011f geni\u015fletmesi masraflar\u0131n\u0131 da \u00fcstlenmi\u015f oluyor.<\/p>\n<p style=\"color: #222222;\">Alman Sanayi Birli\u011fi Federasyonu Ba\u015fkan\u0131 Ulrich Grillo ise bu miktar kar\u015f\u0131s\u0131nda tepki g\u00f6steriyor. Bu hesaplar\u0131n enerji d\u00f6n\u00fc\u015f\u00fcm\u00fcn\u00fcn ger\u00e7ekte hangi masraflarla ili\u015fkili oldu\u011funu ortaya koydu\u011funu s\u00f6yleyen Grillo, \u201c\u0130\u015fletmeler masraflar\u0131n daha da artaca\u011f\u0131ndan korkuyor.\u201d dedi.<\/p>\n<p style=\"color: #222222;\">Kaynak: Enerji Enstit\u00fcs\u00fc<\/p>\n<p><\/p>","protected":false},"excerpt":{"rendered":"<p>Sorry, this entry is only available in Turkish. For the sake of viewer convenience, the content is shown below in the alternative language. You may click the link to switch the active language. Almanya\u2019da y\u00fcr\u00fcrl\u00fc\u011fe konmas\u0131 planlanan enerji d\u00f6n\u00fc\u015f\u00fcm\u00fc vatanda\u015fa pahal\u0131ya patl\u0131yor. Alman Ekonomi Enstit\u00fcs\u00fc\u2019n\u00fcn (IW) ara\u015ft\u0131rmas\u0131na g\u00f6re elektrik da\u011f\u0131tan \u015firketlerin m\u00fc\u015fterileri her y\u0131l enerji [&hellip;]<\/p>\n","protected":false},"author":1,"featured_media":43469,"comment_status":"open","ping_status":"open","sticky":false,"template":"","format":"standard","meta":[],"categories":[53],"tags":[929,1079,130,63,25223,1564,67,1009,2698,165],"views":764,"_links":{"self":[{"href":"https:\/\/www.enerjigazetesi.ist\/en\/wp-json\/wp\/v2\/posts\/43468"}],"collection":[{"href":"https:\/\/www.enerjigazetesi.ist\/en\/wp-json\/wp\/v2\/posts"}],"about":[{"href":"https:\/\/www.enerjigazetesi.ist\/en\/wp-json\/wp\/v2\/types\/post"}],"author":[{"embeddable":true,"href":"https:\/\/www.enerjigazetesi.ist\/en\/wp-json\/wp\/v2\/users\/1"}],"replies":[{"embeddable":true,"href":"https:\/\/www.enerjigazetesi.ist\/en\/wp-json\/wp\/v2\/comments?post=43468"}],"version-history":[{"count":1,"href":"https:\/\/www.enerjigazetesi.ist\/en\/wp-json\/wp\/v2\/posts\/43468\/revisions"}],"predecessor-version":[{"id":43470,"href":"https:\/\/www.enerjigazetesi.ist\/en\/wp-json\/wp\/v2\/posts\/43468\/revisions\/43470"}],"wp:featuredmedia":[{"embeddable":true,"href":"https:\/\/www.enerjigazetesi.ist\/en\/wp-json\/wp\/v2\/media\/43469"}],"wp:attachment":[{"href":"https:\/\/www.enerjigazetesi.ist\/en\/wp-json\/wp\/v2\/media?parent=43468"}],"wp:term":[{"taxonomy":"category","embeddable":true,"href":"https:\/\/www.enerjigazetesi.ist\/en\/wp-json\/wp\/v2\/categories?post=43468"},{"taxonomy":"post_tag","embeddable":true,"href":"https:\/\/www.enerjigazetesi.ist\/en\/wp-json\/wp\/v2\/tags?post=43468"}],"curies":[{"name":"wp","href":"https:\/\/api.w.org\/{rel}","templated":true}]}}