{"id":43460,"date":"2015-08-27T12:20:53","date_gmt":"2015-08-27T09:20:53","guid":{"rendered":"https:\/\/www.enerjigazetesi.ist\/?p=43460"},"modified":"2015-08-27T12:37:11","modified_gmt":"2015-08-27T09:37:11","slug":"bingolde-solar-enerji-atolyesi-acildi","status":"publish","type":"post","link":"https:\/\/www.enerjigazetesi.ist\/en\/bingolde-solar-enerji-atolyesi-acildi\/","title":{"rendered":"(Turkish) Bing\u00f6l\u2019de Solar Enerji At\u00f6lyesi A\u00e7\u0131ld\u0131&#8230;"},"content":{"rendered":"<p class=\"qtranxs-available-languages-message qtranxs-available-languages-message-en\">Sorry, this entry is only available in <a href=\"https:\/\/www.enerjigazetesi.ist\/tr\/wp-json\/wp\/v2\/posts\/43460\" class=\"qtranxs-available-language-link qtranxs-available-language-link-tr\" title=\"Turkish\">Turkish<\/a>. For the sake of viewer convenience, the content is shown below in the alternative language. You may click the link to switch the active language.<\/p><p><\/p>\n<p style=\"color: #363636;\"><strong>Bing\u00f6l Mesleki ve Teknik Anadolu Lisesi taraf\u0131ndan ge\u00e7en y\u0131l haz\u0131rlanan proje kapsam\u0131nda, okul bah\u00e7esindeki solar enerji at\u00f6lyesi t\u00f6renle a\u00e7\u0131ld\u0131.<\/strong><\/p>\n<p style=\"color: #363636;\"><a href=\"https:\/\/www.enerjigazetesi.ist\/wp-content\/uploads\/2015\/08\/timthumb8.jpg\"><img loading=\"lazy\" class=\"alignleft size-full wp-image-43461\" src=\"https:\/\/www.enerjigazetesi.ist\/wp-content\/uploads\/2015\/08\/timthumb8.jpg\" alt=\"timthumb\" width=\"300\" height=\"300\" srcset=\"https:\/\/www.enerjigazetesi.ist\/wp-content\/uploads\/2015\/08\/timthumb8.jpg 300w, https:\/\/www.enerjigazetesi.ist\/wp-content\/uploads\/2015\/08\/timthumb8-150x150.jpg 150w, https:\/\/www.enerjigazetesi.ist\/wp-content\/uploads\/2015\/08\/timthumb8-50x50.jpg 50w\" sizes=\"(max-width: 300px) 100vw, 300px\" \/><\/a>Bing\u00f6l Mesleki ve Teknik Anadolu Lisesi taraf\u0131ndan haz\u0131rlanan ve AB ile T\u00fcrkiye Cumhuriyeti taraf\u0131ndan finanse edilen solar enerji at\u00f6lyesinin kurulup i\u015fletim, bak\u0131m ve onar\u0131m mod\u00fcl\u00fcn\u00fcn haz\u0131rlanmas\u0131 projesinin kapan\u0131\u015f toplant\u0131s\u0131 ger\u00e7ekle\u015ftirildi. Toplant\u0131n\u0131n a\u00e7\u0131l\u0131\u015f konu\u015fmas\u0131n\u0131 yapan Bing\u00f6l Mesleki ve Teknik Anadolu Lisesi M\u00fcd\u00fcr\u00fc Abdulselam Be\u011fi\u00e7, projenin ge\u00e7en y\u0131l yaz\u0131ld\u0131\u011f\u0131n\u0131 ve yakla\u015f\u0131k 26 ay sonra kabul edildi\u011fini s\u00f6yledi. 1 Eyl\u00fcl 2014\u2032te projenin start\u0131n\u0131 verdiklerini belirten Be\u011fi\u00e7, \u201cProjeye yakla\u015f\u0131k 2 Bin okul ve kurum ba\u015fvurmu\u015ftu bunlardan projeyi ge\u00e7en okul ve kurum say\u0131s\u0131 100 civar\u0131ndayd\u0131 fakat nihai imza a\u015famas\u0131nda 30 okul ve kurum \u2018biz bu i\u015fin alt\u0131ndan kalkamay\u0131z\u2019 deyip vazge\u00e7ti. 70 okul ve kurumumuz projelerini imzalay\u0131p ba\u015flad\u0131lar. Bizde di\u011ferlerinden eksi\u011fimiz yok deyip, proje ekibimizi olu\u015fturduk ve ba\u015flam\u0131\u015f olduk. Bu proje 15 milyon euroluk bir projedir. Bizim projenin toplam tutar\u0131 241 Bin avro. Bu tutar\u0131n 190 avrosu aktar\u0131ld\u0131 geri kalan\u0131 da proje bitiminde aktar\u0131lacak\u201d dedi.<\/p>\n<p style=\"color: #363636;\">Proje kapsam\u0131nda at\u00f6lyeyi haz\u0131rlad\u0131klar\u0131n\u0131 kaydeden Be\u011fi\u00e7, \u201cHaz\u0131rlad\u0131k, at\u00f6lyedeki i\u015f ve i\u015fleyi\u015fler hen\u00fcz bitmedi. 70 bin lira de\u011ferinde malzeme al\u0131nacak at\u00f6lyemize ve malzemelerde al\u0131nd\u0131ktan sonra Eyl\u00fcl ay\u0131ndan sonra \u00f6\u011frencilerimiz at\u00f6lyede e\u011fitim \u00f6\u011fretime ba\u015flayacaklar\u201d diye konu\u015ftu.<\/p>\n<p style=\"color: #363636;\">\u201cL\u0130SEM\u0130Z FABR\u0130KA G\u0130B\u0130 \u00c7ALI\u015eTI\u201d<\/p>\n<p style=\"color: #363636;\">Toplant\u0131da konu\u015fan Milli E\u011fitim M\u00fcd\u00fcr\u00fc Yakup Sar\u0131, T\u00fcrkiye\u2019de sadece \u00fc\u00e7 be\u015f okulun ba\u015fard\u0131\u011f\u0131 bir solar enerji projesinin Bing\u00f6l\u2019de ba\u015far\u0131ld\u0131\u011f\u0131n\u0131 ifade ederek, \u201cMeslek liselerimizin ana gayesi yeti\u015fmi\u015f insan g\u00fcc\u00fcn\u00fc ekonomiye kazand\u0131rmakt\u0131r ki, hamdolsun meslek lisemiz fabrika gibi \u00e7al\u0131\u015ft\u0131. \u015euanda ilk\u00f6\u011fretim okullar\u0131m\u0131z\u0131n s\u0131ra, masa ve idare odalar\u0131ndaki donan\u0131m\u0131n tamam\u0131n\u0131 end\u00fcstri meslek lisemizden kar\u015f\u0131l\u0131yoruz\u201d \u015feklinde konu\u015ftu.<\/p>\n<p style=\"color: #363636;\">E\u011fitimdeki ba\u015far\u0131ya dikkat \u00e7eken Sar\u0131, \u015funlar\u0131 s\u00f6yledi:<\/p>\n<p style=\"color: #363636;\">\u201cBing\u00f6l bir\u00e7ok konuda kendini a\u015ft\u0131. \u00d6zellikle YGS ve TEOG sonu\u00e7lar\u0131 a\u00e7\u0131kland\u0131\u011f\u0131nda Do\u011fu ve G\u00fcneydo\u011fu\u2019daki 38 fen lisesini inceledim. Bu okullar aras\u0131nda Bing\u00f6l\u2019\u00fcm\u00fcz 12. s\u0131rada. Buda bizi ciddi anlamda onurland\u0131rd\u0131. Ge\u00e7en y\u0131l TEOG sonu\u00e7lar\u0131nda 400 puan ve \u00fczerinde 250-300 \u00f6\u011frenci varken, bu sene 750\u2032e yak\u0131n \u00f6\u011frenci oldu. Anadolu yerle\u015ftirmelerine bakt\u0131\u011f\u0131m\u0131z zaman b\u00fct\u00fcn okullar\u0131m\u0131z\u0131n puanlar\u0131 att\u0131 ve hi\u00e7bir Anadolu Lisesi\u2019nde bo\u015f kontenjan kalmad\u0131.\u201d<\/p>\n<p style=\"color: #363636;\">Bing\u00f6l\u2019de fiziki yap\u0131da hi\u00e7bir s\u0131k\u0131nt\u0131n\u0131n kalmad\u0131\u011f\u0131n\u0131 kaydeden Sar\u0131, \u201cArt\u0131k Milli E\u011fitim olarak ana gayemiz \u2018elinden ve dilinden zarar gelmeyen\u2019 bir nesil yeti\u015ftirmektir. \u0130kinci \u00f6nceli\u011fimiz, meslek liselerimizde beceri e\u011fitimini artt\u0131rmak, genel liselerimizde de akademik ba\u015far\u0131y\u0131 y\u00fckseltmektir. Bu anlamda ekibimizle birlikte \u00e7ok g\u00fczel \u00e7al\u0131\u015fmalar yapt\u0131k ve yapmaya da devam ediyoruz\u201d dedi.<\/p>\n<p style=\"color: #363636;\">Yap\u0131lan konu\u015fmalar\u0131n ard\u0131ndan solar enerji at\u00f6lyesinin a\u00e7\u0131l\u0131\u015f\u0131 ger\u00e7ekle\u015ftirildi.<\/p>\n<p style=\"color: #363636;\">Kaynak: \u0130HA<\/p>\n<p><\/p>","protected":false},"excerpt":{"rendered":"<p>Sorry, this entry is only available in Turkish. For the sake of viewer convenience, the content is shown below in the alternative language. You may click the link to switch the active language. Bing\u00f6l Mesleki ve Teknik Anadolu Lisesi taraf\u0131ndan ge\u00e7en y\u0131l haz\u0131rlanan proje kapsam\u0131nda, okul bah\u00e7esindeki solar enerji at\u00f6lyesi t\u00f6renle a\u00e7\u0131ld\u0131. Bing\u00f6l Mesleki ve [&hellip;]<\/p>\n","protected":false},"author":1,"featured_media":43461,"comment_status":"open","ping_status":"open","sticky":false,"template":"","format":"standard","meta":[],"categories":[53,49],"tags":[7355,63,227,15652,15653,803,275,25219],"views":1358,"_links":{"self":[{"href":"https:\/\/www.enerjigazetesi.ist\/en\/wp-json\/wp\/v2\/posts\/43460"}],"collection":[{"href":"https:\/\/www.enerjigazetesi.ist\/en\/wp-json\/wp\/v2\/posts"}],"about":[{"href":"https:\/\/www.enerjigazetesi.ist\/en\/wp-json\/wp\/v2\/types\/post"}],"author":[{"embeddable":true,"href":"https:\/\/www.enerjigazetesi.ist\/en\/wp-json\/wp\/v2\/users\/1"}],"replies":[{"embeddable":true,"href":"https:\/\/www.enerjigazetesi.ist\/en\/wp-json\/wp\/v2\/comments?post=43460"}],"version-history":[{"count":1,"href":"https:\/\/www.enerjigazetesi.ist\/en\/wp-json\/wp\/v2\/posts\/43460\/revisions"}],"predecessor-version":[{"id":43462,"href":"https:\/\/www.enerjigazetesi.ist\/en\/wp-json\/wp\/v2\/posts\/43460\/revisions\/43462"}],"wp:featuredmedia":[{"embeddable":true,"href":"https:\/\/www.enerjigazetesi.ist\/en\/wp-json\/wp\/v2\/media\/43461"}],"wp:attachment":[{"href":"https:\/\/www.enerjigazetesi.ist\/en\/wp-json\/wp\/v2\/media?parent=43460"}],"wp:term":[{"taxonomy":"category","embeddable":true,"href":"https:\/\/www.enerjigazetesi.ist\/en\/wp-json\/wp\/v2\/categories?post=43460"},{"taxonomy":"post_tag","embeddable":true,"href":"https:\/\/www.enerjigazetesi.ist\/en\/wp-json\/wp\/v2\/tags?post=43460"}],"curies":[{"name":"wp","href":"https:\/\/api.w.org\/{rel}","templated":true}]}}