{"id":43450,"date":"2015-08-27T11:14:25","date_gmt":"2015-08-27T08:14:25","guid":{"rendered":"https:\/\/www.enerjigazetesi.ist\/?p=43450"},"modified":"2015-08-27T12:39:10","modified_gmt":"2015-08-27T09:39:10","slug":"norvecli-statkraft-turkiyedeki-hes-ozellestirmeleriyle-ilgileniyor","status":"publish","type":"post","link":"https:\/\/www.enerjigazetesi.ist\/en\/norvecli-statkraft-turkiyedeki-hes-ozellestirmeleriyle-ilgileniyor\/","title":{"rendered":"(Turkish) Statkraft T\u00fcrkiye\u2019deki HES \u00d6zelle\u015ftirmeleriyle \u0130lgileniyor!"},"content":{"rendered":"<p class=\"qtranxs-available-languages-message qtranxs-available-languages-message-en\">Sorry, this entry is only available in <a href=\"https:\/\/www.enerjigazetesi.ist\/tr\/wp-json\/wp\/v2\/posts\/43450\" class=\"qtranxs-available-language-link qtranxs-available-language-link-tr\" title=\"Turkish\">Turkish<\/a>. For the sake of viewer convenience, the content is shown below in the alternative language. You may click the link to switch the active language.<\/p><p><\/p>\n<p style=\"color: #222222;\"><strong>Yenilenebilir enerjide Avrupa\u2019n\u0131n en b\u00fcy\u00fck \u015firketi olan Norve\u00e7li Statkraft\u2019\u0131n CEO\u2019su Christian Rynning-Toennesen, \u00d6zelle\u015ftirme \u0130daresi Ba\u015fkanl\u0131\u011f\u0131 taraf\u0131ndan ihaleye \u00e7\u0131k\u0131lan 10 hidroelektrik santrali i\u00e7indeki baz\u0131 portf\u00f6ylerin \u00f6zelle\u015ftirilmesiyle ilgilendiklerini ve \u015fartname ald\u0131klar\u0131n\u0131 s\u00f6yledi.<\/strong><br \/>\n<span id=\"more-73261\"><\/span><\/p>\n<p style=\"color: #222222;\"><a href=\"https:\/\/www.enerjigazetesi.ist\/wp-content\/uploads\/2015\/08\/guris-holding-arpa-hes-artvin-696x385.jpg\"><img loading=\"lazy\" class=\"alignleft size-medium wp-image-43451\" src=\"https:\/\/www.enerjigazetesi.ist\/wp-content\/uploads\/2015\/08\/guris-holding-arpa-hes-artvin-696x385-300x165.jpg\" alt=\"guris-holding-arpa-hes-artvin-696x385\" width=\"300\" height=\"165\" srcset=\"https:\/\/www.enerjigazetesi.ist\/wp-content\/uploads\/2015\/08\/guris-holding-arpa-hes-artvin-696x385-300x165.jpg 300w, https:\/\/www.enerjigazetesi.ist\/wp-content\/uploads\/2015\/08\/guris-holding-arpa-hes-artvin-696x385-500x276.jpg 500w, https:\/\/www.enerjigazetesi.ist\/wp-content\/uploads\/2015\/08\/guris-holding-arpa-hes-artvin-696x385-80x44.jpg 80w, https:\/\/www.enerjigazetesi.ist\/wp-content\/uploads\/2015\/08\/guris-holding-arpa-hes-artvin-696x385.jpg 696w\" sizes=\"(max-width: 300px) 100vw, 300px\" \/><\/a>T\u00fcrkiye\u2019deki ikinci santrallerini \u00c7orum\u2019da devreye almak i\u00e7in geldi\u011fi Ankara\u2019da Reuters\u2019\u0131n sorular\u0131n\u0131 yan\u0131tlayan Rynning-Toennesen, \u201c\u0130hale paketinde yer alan birka\u00e7 portf\u00f6y\u00fc inceliyoruz\u201d dedi.<\/p>\n<p style=\"color: #222222;\">\u00d6zelle\u015ftirme \u0130daresi Ba\u015fkanl\u0131\u011f\u0131 Temmuz ay\u0131 sonunda Karaca\u00f6ren 1 ve 2, Kepez 2 ve Manavgat, Fethiye, Kad\u0131nc\u0131k 1 ve 2, Do\u011fakent, K\u00fcrt\u00fcn ve Torul HES i\u00e7in ihaleye \u00e7\u0131km\u0131\u015ft\u0131. \u0130halede teklifler gruplar halinde 5 Ekim ile 20 Kas\u0131m aras\u0131nda al\u0131nacak.<br \/>\nStatkraft, Adana \u00c7at\u0131k HES\u2019in ard\u0131ndan 3.5 y\u0131ld\u0131r devam eden 250 milyon yat\u0131r\u0131m tutar\u0131na sahip 102 MW\u2019l\u0131k Karg\u0131 K\u0131z\u0131l\u0131rmak santralini bug\u00fcn devreye ald\u0131.<\/p>\n<p style=\"color: #222222;\">\u015eirketin \u00fc\u00e7\u00fcnc\u00fc yat\u0131r\u0131m\u0131 olan 600 milyon euroluk 517 MW\u2019lik \u00c7etin HES\u2019in yap\u0131m\u0131 ise halen Siirt\u2019te devam ediyor.<\/p>\n<p style=\"color: #222222;\">T\u00fcrkiye\u2019nin uzun vadede de yat\u0131r\u0131m yapmak istedikleri en \u00f6nemli \u00fclkelerden biri oldu\u011funu kaydeden Rynning-Toennesen, \u201cAyn\u0131 zamanda entegre edici rol\u00fcm\u00fcz\u00fc \u00fcstlenme ve hem m\u00fc\u015fteriler hem de enerji santrali sahipleri a\u00e7\u0131s\u0131ndan en k\u00e2rl\u0131 olan hidroelektrik, r\u00fczgar ve g\u00fcne\u015f enerjisi kombinasyonunu yaratma imkanlar\u0131m\u0131z\u0131 belirlemek i\u00e7in T\u00fcrk piyasalar\u0131n\u0131 inceliyoruz\u201d dedi.<\/p>\n<p style=\"color: #222222;\">Statkraft halen 20 \u00fclkede faaliyet g\u00f6steriyor.<\/p>\n<p style=\"color: #222222;\">Rynning-Toennesen, T\u00fcrkiye\u2019nin, hidroelektrik, r\u00fczgar ve g\u00fcne\u015f enerjisi kaynaklar\u0131n\u0131n bir arada kullan\u0131labilece\u011fi bir ortam a\u00e7\u0131s\u0131ndan \u00e7ok \u015fansl\u0131 bir \u00fclke oldu\u011funu kaydederek, \u201cBu durumda yenilenebilir kaynaklar\u0131n\u0131 artt\u0131rmak T\u00fcrkiye i\u00e7in iyi bir strateji olur\u201d dedi.<\/p>\n<p style=\"color: #222222;\">Kaynak: EnerjiEnstit\u00fcs\u00fc<\/p>\n<p><\/p>","protected":false},"excerpt":{"rendered":"<p>Sorry, this entry is only available in Turkish. For the sake of viewer convenience, the content is shown below in the alternative language. You may click the link to switch the active language. Yenilenebilir enerjide Avrupa\u2019n\u0131n en b\u00fcy\u00fck \u015firketi olan Norve\u00e7li Statkraft\u2019\u0131n CEO\u2019su Christian Rynning-Toennesen, \u00d6zelle\u015ftirme \u0130daresi Ba\u015fkanl\u0131\u011f\u0131 taraf\u0131ndan ihaleye \u00e7\u0131k\u0131lan 10 hidroelektrik santrali i\u00e7indeki [&hellip;]<\/p>\n","protected":false},"author":1,"featured_media":43451,"comment_status":"open","ping_status":"open","sticky":false,"template":"","format":"standard","meta":[],"categories":[53,47],"tags":[25216,70,3239,25217,2998,11149,25218,105],"views":1291,"_links":{"self":[{"href":"https:\/\/www.enerjigazetesi.ist\/en\/wp-json\/wp\/v2\/posts\/43450"}],"collection":[{"href":"https:\/\/www.enerjigazetesi.ist\/en\/wp-json\/wp\/v2\/posts"}],"about":[{"href":"https:\/\/www.enerjigazetesi.ist\/en\/wp-json\/wp\/v2\/types\/post"}],"author":[{"embeddable":true,"href":"https:\/\/www.enerjigazetesi.ist\/en\/wp-json\/wp\/v2\/users\/1"}],"replies":[{"embeddable":true,"href":"https:\/\/www.enerjigazetesi.ist\/en\/wp-json\/wp\/v2\/comments?post=43450"}],"version-history":[{"count":3,"href":"https:\/\/www.enerjigazetesi.ist\/en\/wp-json\/wp\/v2\/posts\/43450\/revisions"}],"predecessor-version":[{"id":43466,"href":"https:\/\/www.enerjigazetesi.ist\/en\/wp-json\/wp\/v2\/posts\/43450\/revisions\/43466"}],"wp:featuredmedia":[{"embeddable":true,"href":"https:\/\/www.enerjigazetesi.ist\/en\/wp-json\/wp\/v2\/media\/43451"}],"wp:attachment":[{"href":"https:\/\/www.enerjigazetesi.ist\/en\/wp-json\/wp\/v2\/media?parent=43450"}],"wp:term":[{"taxonomy":"category","embeddable":true,"href":"https:\/\/www.enerjigazetesi.ist\/en\/wp-json\/wp\/v2\/categories?post=43450"},{"taxonomy":"post_tag","embeddable":true,"href":"https:\/\/www.enerjigazetesi.ist\/en\/wp-json\/wp\/v2\/tags?post=43450"}],"curies":[{"name":"wp","href":"https:\/\/api.w.org\/{rel}","templated":true}]}}