{"id":43426,"date":"2015-08-26T17:34:38","date_gmt":"2015-08-26T14:34:38","guid":{"rendered":"https:\/\/www.enerjigazetesi.ist\/?p=43426"},"modified":"2015-08-26T17:34:38","modified_gmt":"2015-08-26T14:34:38","slug":"euas-yurt-disinda-da-hizmet-sunacak","status":"publish","type":"post","link":"https:\/\/www.enerjigazetesi.ist\/en\/euas-yurt-disinda-da-hizmet-sunacak\/","title":{"rendered":"(Turkish) E\u00dcA\u015e Yurt D\u0131\u015f\u0131nda da Hizmet Sunacak&#8230;"},"content":{"rendered":"<p class=\"qtranxs-available-languages-message qtranxs-available-languages-message-en\">Sorry, this entry is only available in <a href=\"https:\/\/www.enerjigazetesi.ist\/tr\/wp-json\/wp\/v2\/posts\/43426\" class=\"qtranxs-available-language-link qtranxs-available-language-link-tr\" title=\"Turkish\">Turkish<\/a>. For the sake of viewer convenience, the content is shown below in the alternative language. You may click the link to switch the active language.<\/p><p><\/p>\n<p style=\"color: #666666;\"><strong style=\"font-weight: bold; color: #222222;\">Devletin elektrik \u00fcretimi faaliyetleri y\u00fcr\u00fcten \u015firketi Elektrik \u00dcretim Anonim \u015eirketi (E\u00dcA\u015e) yurt d\u0131\u015f\u0131nda hizmet sunmak amac\u0131yla \u015firket kuruyor.<\/strong><\/p>\n<p style=\"color: #666666;\"><strong style=\"font-weight: bold; color: #222222;\"><a href=\"https:\/\/www.enerjigazetesi.ist\/wp-content\/uploads\/2015\/08\/alternatif-enerji-elektrik-uretim-as-euas-logo1-1900x700_c.jpg\"><img loading=\"lazy\" class=\"alignright size-medium wp-image-43427\" src=\"https:\/\/www.enerjigazetesi.ist\/wp-content\/uploads\/2015\/08\/alternatif-enerji-elektrik-uretim-as-euas-logo1-1900x700_c-300x110.jpg\" alt=\"alternatif-enerji-elektrik-uretim-as-euas-logo1-1900x700_c\" width=\"300\" height=\"110\" srcset=\"https:\/\/www.enerjigazetesi.ist\/wp-content\/uploads\/2015\/08\/alternatif-enerji-elektrik-uretim-as-euas-logo1-1900x700_c-300x110.jpg 300w, https:\/\/www.enerjigazetesi.ist\/wp-content\/uploads\/2015\/08\/alternatif-enerji-elektrik-uretim-as-euas-logo1-1900x700_c-1024x377.jpg 1024w, https:\/\/www.enerjigazetesi.ist\/wp-content\/uploads\/2015\/08\/alternatif-enerji-elektrik-uretim-as-euas-logo1-1900x700_c-500x184.jpg 500w, https:\/\/www.enerjigazetesi.ist\/wp-content\/uploads\/2015\/08\/alternatif-enerji-elektrik-uretim-as-euas-logo1-1900x700_c-80x29.jpg 80w, https:\/\/www.enerjigazetesi.ist\/wp-content\/uploads\/2015\/08\/alternatif-enerji-elektrik-uretim-as-euas-logo1-1900x700_c.jpg 1900w\" sizes=\"(max-width: 300px) 100vw, 300px\" \/><\/a>Enerji alan\u0131ndaki\u00a0<\/strong>kamu kurulu\u015flar\u0131n\u0131n yurt d\u0131\u015f\u0131nda da hizmet vermesi y\u00f6n\u00fcnde \u00e7al\u0131\u015fmalar yap\u0131l\u0131yor.<\/p>\n<p style=\"color: #666666;\">enerjigunlugu.net\u2019in haberine g\u00f6re, Enerji Bakanl\u0131\u011f\u0131`n\u0131n talebi \u00fczerine\u00a0<strong style=\"font-weight: bold; color: #222222;\">\u201cElektrik \u00dcretim Anonim\u00a0<\/strong>\u015eirketinin Yurt D\u0131\u015f\u0131nda \u015eirket Kurmas\u0131 Hakk\u0131nda Karar\u201d Bakanlar Kurulu taraf\u0131ndan y\u00fcr\u00fcrl\u00fc\u011fe konuldu.<\/p>\n<p style=\"color: #666666;\">Karar`a g\u00f6re, E\u00dcA\u015e yurt i\u00e7inde uluslararas\u0131 anla\u015fmalar \u00e7er\u00e7evesinde belirlenen faaliyetlerle, yurt d\u0131\u015f\u0131nda\u00a0<strong style=\"font-weight: bold; color: #222222;\">elektrik \u00fcretimi ve ticaretiyle yak\u0131t ve at\u0131k y\u00f6netimine<\/strong>\u00a0y\u00f6nelik (elektrik santrali kurulmas\u0131, i\u015fletilmesi, bak\u0131m\u0131, onar\u0131m\u0131 ve rehabilitasyonu, elektrik ticareti, yak\u0131t ve at\u0131k y\u00f6netimiyle elektrik ticareti gibi) faaliyetleri yerine getirmek amac\u0131yla, ilgili \u00fclke mevzuat\u0131na g\u00f6re yurt d\u0131\u015f\u0131nda bir \u015firket kurabilecek.<\/p>\n<p style=\"color: #666666;\">Haberin devam\u0131 i\u00e7in\u00a0<a style=\"color: #fc8d8d;\" href=\"http:\/\/www.enerjigunlugu.net\/euas-dunyaya-aciliyor_14996.html#.Vd2GuX3-m1s\" target=\"_blank\">t\u0131klay\u0131n<\/a><\/p>\n<p style=\"color: #666666;\">Kaynak: Alternatif Enerji<\/p>\n<p><\/p>","protected":false},"excerpt":{"rendered":"<p>Sorry, this entry is only available in Turkish. For the sake of viewer convenience, the content is shown below in the alternative language. You may click the link to switch the active language. Devletin elektrik \u00fcretimi faaliyetleri y\u00fcr\u00fcten \u015firketi Elektrik \u00dcretim Anonim \u015eirketi (E\u00dcA\u015e) yurt d\u0131\u015f\u0131nda hizmet sunmak amac\u0131yla \u015firket kuruyor. Enerji alan\u0131ndaki\u00a0kamu kurulu\u015flar\u0131n\u0131n yurt [&hellip;]<\/p>\n","protected":false},"author":1,"featured_media":43428,"comment_status":"open","ping_status":"open","sticky":false,"template":"","format":"standard","meta":[],"categories":[51,53],"tags":[68,1266],"views":1027,"_links":{"self":[{"href":"https:\/\/www.enerjigazetesi.ist\/en\/wp-json\/wp\/v2\/posts\/43426"}],"collection":[{"href":"https:\/\/www.enerjigazetesi.ist\/en\/wp-json\/wp\/v2\/posts"}],"about":[{"href":"https:\/\/www.enerjigazetesi.ist\/en\/wp-json\/wp\/v2\/types\/post"}],"author":[{"embeddable":true,"href":"https:\/\/www.enerjigazetesi.ist\/en\/wp-json\/wp\/v2\/users\/1"}],"replies":[{"embeddable":true,"href":"https:\/\/www.enerjigazetesi.ist\/en\/wp-json\/wp\/v2\/comments?post=43426"}],"version-history":[{"count":1,"href":"https:\/\/www.enerjigazetesi.ist\/en\/wp-json\/wp\/v2\/posts\/43426\/revisions"}],"predecessor-version":[{"id":43429,"href":"https:\/\/www.enerjigazetesi.ist\/en\/wp-json\/wp\/v2\/posts\/43426\/revisions\/43429"}],"wp:featuredmedia":[{"embeddable":true,"href":"https:\/\/www.enerjigazetesi.ist\/en\/wp-json\/wp\/v2\/media\/43428"}],"wp:attachment":[{"href":"https:\/\/www.enerjigazetesi.ist\/en\/wp-json\/wp\/v2\/media?parent=43426"}],"wp:term":[{"taxonomy":"category","embeddable":true,"href":"https:\/\/www.enerjigazetesi.ist\/en\/wp-json\/wp\/v2\/categories?post=43426"},{"taxonomy":"post_tag","embeddable":true,"href":"https:\/\/www.enerjigazetesi.ist\/en\/wp-json\/wp\/v2\/tags?post=43426"}],"curies":[{"name":"wp","href":"https:\/\/api.w.org\/{rel}","templated":true}]}}