{"id":43410,"date":"2015-08-26T10:28:17","date_gmt":"2015-08-26T07:28:17","guid":{"rendered":"https:\/\/www.enerjigazetesi.ist\/?p=43410"},"modified":"2015-08-26T12:13:36","modified_gmt":"2015-08-26T09:13:36","slug":"elektrik-faturalarinda-buyuk-degisiklik","status":"publish","type":"post","link":"https:\/\/www.enerjigazetesi.ist\/en\/elektrik-faturalarinda-buyuk-degisiklik\/","title":{"rendered":"(Turkish) Elektrik Faturalar\u0131nda B\u00fcy\u00fck De\u011fi\u015fiklik&#8230;"},"content":{"rendered":"<p class=\"qtranxs-available-languages-message qtranxs-available-languages-message-en\">Sorry, this entry is only available in <a href=\"https:\/\/www.enerjigazetesi.ist\/tr\/wp-json\/wp\/v2\/posts\/43410\" class=\"qtranxs-available-language-link qtranxs-available-language-link-tr\" title=\"Turkish\">Turkish<\/a>. For the sake of viewer convenience, the content is shown below in the alternative language. You may click the link to switch the active language.<\/p><p><\/p>\n<div class=\"summary fr \" style=\"color: #444444;\">\n<div class=\"sum\" style=\"font-weight: bold; font-style: inherit;\">Elektrik t\u00fcketicileri gerekli \u015fartlar\u0131 yerine getirdi\u011fi takdirde &#8220;elektrik kesme bildirimi&#8221; bir sonraki d\u00f6nem faturas\u0131yla yap\u0131labilecek.<\/div>\n<div class=\"sum\" style=\"font-weight: bold; font-style: inherit;\"><\/div>\n<div class=\"sum\" style=\"font-weight: bold; font-style: inherit;\"><a href=\"https:\/\/www.enerjigazetesi.ist\/wp-content\/uploads\/2015\/08\/elektrik-faturalarinda-buyuk-degisiklik-7629732_x_1862_300.jpg\"><img loading=\"lazy\" class=\"alignright size-full wp-image-43411\" src=\"https:\/\/www.enerjigazetesi.ist\/wp-content\/uploads\/2015\/08\/elektrik-faturalarinda-buyuk-degisiklik-7629732_x_1862_300.jpg\" alt=\"elektrik-faturalarinda-buyuk-degisiklik-7629732_x_1862_300\" width=\"292\" height=\"150\" srcset=\"https:\/\/www.enerjigazetesi.ist\/wp-content\/uploads\/2015\/08\/elektrik-faturalarinda-buyuk-degisiklik-7629732_x_1862_300.jpg 292w, https:\/\/www.enerjigazetesi.ist\/wp-content\/uploads\/2015\/08\/elektrik-faturalarinda-buyuk-degisiklik-7629732_x_1862_300-80x41.jpg 80w\" sizes=\"(max-width: 292px) 100vw, 292px\" \/><\/a><strong>Enerji Piyasas\u0131 D\u00fczenleme Kurumundan (EPDK) yap\u0131lan a\u00e7\u0131klamaya g\u00f6re, elektrik t\u00fcketicileri ve tedarik\u00e7i \u015firketler aras\u0131nda imzalanmas\u0131 ve uyulmas\u0131 zorunlu &#8220;Perakende Sat\u0131\u015f S\u00f6zle\u015fmesi&#8221; standard\u0131 Kurul karar\u0131 ile belirlendi ve elektrik t\u00fcketicilerine baz\u0131 avantajlar sa\u011fland\u0131.<\/strong><\/div>\n<\/div>\n<div class=\"detail\" style=\"color: #444444;\">\n<p class=\"imgmrg\"><strong>KESME B\u0130LD\u0130R\u0130M\u0130 B\u0130R SONRAK\u0130 FATURAYA\u00a0<\/strong><\/p>\n<p>Buna g\u00f6re, elektrik t\u00fcketicileri ge\u00e7mi\u015f d\u00f6nem bor\u00e7lar\u0131 i\u00e7in 5 i\u015f g\u00fcn\u00fc \u00f6deme s\u00fcresine uyar ve elektri\u011fin kesilece\u011fine ili\u015fkin bilgilendirmeyi sa\u011flarsa, kesme bildirimi bir sonraki d\u00f6nem faturas\u0131yla da yap\u0131labilecek, b\u00f6ylece t\u00fcketiciler elektri\u011fi kendilerinden kaynaklanan nedenlerle de olsa kesilmeden daha uzun s\u00fcre kullanabilecek. Bu s\u00f6zle\u015fme standard\u0131 ile da\u011f\u0131t\u0131m b\u00f6lgeleri baz\u0131ndaki farkl\u0131 uygulamalar\u0131n da \u00f6n\u00fcne ge\u00e7ildi, t\u00fcketicilere EPDK&#8217;n\u0131n d\u00fczenledi\u011fi bir s\u00f6zle\u015fmeyi g\u00fcvenle imzalama imkan\u0131 getirildi.<\/p>\n<p class=\"imgmrg\"><strong>YAZILI \u0130HTAR ZORUNLULU\u011eU<\/strong><\/p>\n<p class=\"imgmrg\">Da\u011f\u0131t\u0131c\u0131 \u015firketlere abonelik s\u00f6zle\u015fmesinin feshedilebilmesi i\u00e7in, son kez 15 g\u00fcnl\u00fck s\u00fcreyi i\u00e7eren yaz\u0131l\u0131 ihtarda bulunmas\u0131 zorunlulu\u011fu getirildi. T\u00fcketicilerin s\u00f6zle\u015fmelerinin feshedilece\u011fi konusunda son kez uyar\u0131lmas\u0131 sa\u011flanarak, s\u00f6zle\u015fmelerin m\u00fcmk\u00fcn oldu\u011funca ayakta kalmas\u0131n\u0131n sa\u011fland\u0131\u011f\u0131 kaydedilen a\u00e7\u0131klamaya g\u00f6re, t\u00fcketicilerin serbest t\u00fcketici olmaktan kaynaklanan tedarik\u00e7i se\u00e7me hakk\u0131n\u0131 kullanmas\u0131 durumunda ise ilgili mevzuata g\u00f6re yeni tedarik\u00e7iye ge\u00e7i\u015fin ger\u00e7ekle\u015fti\u011fi tarihte, s\u00f6zle\u015fmenin kendili\u011finden sona ermesi, ilgili anla\u015fmadaki mali sonu\u00e7lar sakl\u0131 kalmak \u015fart\u0131yla h\u00fck\u00fcm alt\u0131na al\u0131nd\u0131.<\/p>\n<p><strong>TAKS\u0130T KOLAYLI\u011eI VE \u0130T\u0130RAZ HAKKI\u00a0<\/strong><\/p>\n<p>Faturaland\u0131rman\u0131n 6 ay veya \u00fczeri t\u00fcketim d\u00f6nemini kapsayacak \u015fekilde haz\u0131rlanmas\u0131 durumunda, sayac\u0131n hangi aral\u0131klarda okundu\u011funa bak\u0131lmaks\u0131z\u0131n, abonenin talebi \u00fczerine vade farks\u0131z taksit uygulamas\u0131 zorunlulu\u011fu ile faturalar\u0131n posta kutusuna, posta kutusu yoksa bu ama\u00e7la te\u00e7hiz edilmi\u015f mekana veya abonenin kolayca ula\u015fabilece\u011fi yere b\u0131rak\u0131lmas\u0131 suretiyle yap\u0131lmas\u0131 zorunlulu\u011fu getirildi.<\/p>\n<p class=\"imgmrg\"><strong>SMS VE E-POSTA YOLUYLA FATURA<\/strong><\/p>\n<p>\u015eirketlere &#8220;faturalar\u0131n adrese teslim edilmesi hususunda gerekli dikkat ve \u00f6zeni g\u00f6stermeleri gereklili\u011fi&#8221;nin de h\u00fck\u00fcm alt\u0131na al\u0131nd\u0131\u011f\u0131 s\u00f6zle\u015fme ile t\u00fcketicilere SMS ve e-posta yoluyla fatura tebli\u011finin \u00f6n\u00fc a\u00e7\u0131ld\u0131.<\/p>\n<p>Elektrik sayac\u0131n\u0131n t\u00fcketimi kaydetmemesi ya da yanl\u0131\u015f kaydetmesi durumunda ise \u015firketin eksik t\u00fcketim miktar\u0131 i\u00e7in tahakkuk ettirdi\u011fi faturaya tebli\u011f tarihinden itibaren 1 y\u0131l i\u00e7inde itiraz edilebilecek.<\/p>\n<p class=\"imgmrg\">Kaynak: Enerji Rehberi<\/p>\n<p class=\"imgmrg\">\n<\/div>\n<p><\/p>","protected":false},"excerpt":{"rendered":"<p>Sorry, this entry is only available in Turkish. For the sake of viewer convenience, the content is shown below in the alternative language. You may click the link to switch the active language. Elektrik t\u00fcketicileri gerekli \u015fartlar\u0131 yerine getirdi\u011fi takdirde &#8220;elektrik kesme bildirimi&#8221; bir sonraki d\u00f6nem faturas\u0131yla yap\u0131labilecek. Enerji Piyasas\u0131 D\u00fczenleme Kurumundan (EPDK) yap\u0131lan a\u00e7\u0131klamaya [&hellip;]<\/p>\n","protected":false},"author":1,"featured_media":43411,"comment_status":"open","ping_status":"open","sticky":false,"template":"","format":"standard","meta":[],"categories":[51,53],"tags":[25202,63,1046,24848,21280],"views":1061,"_links":{"self":[{"href":"https:\/\/www.enerjigazetesi.ist\/en\/wp-json\/wp\/v2\/posts\/43410"}],"collection":[{"href":"https:\/\/www.enerjigazetesi.ist\/en\/wp-json\/wp\/v2\/posts"}],"about":[{"href":"https:\/\/www.enerjigazetesi.ist\/en\/wp-json\/wp\/v2\/types\/post"}],"author":[{"embeddable":true,"href":"https:\/\/www.enerjigazetesi.ist\/en\/wp-json\/wp\/v2\/users\/1"}],"replies":[{"embeddable":true,"href":"https:\/\/www.enerjigazetesi.ist\/en\/wp-json\/wp\/v2\/comments?post=43410"}],"version-history":[{"count":1,"href":"https:\/\/www.enerjigazetesi.ist\/en\/wp-json\/wp\/v2\/posts\/43410\/revisions"}],"predecessor-version":[{"id":43412,"href":"https:\/\/www.enerjigazetesi.ist\/en\/wp-json\/wp\/v2\/posts\/43410\/revisions\/43412"}],"wp:featuredmedia":[{"embeddable":true,"href":"https:\/\/www.enerjigazetesi.ist\/en\/wp-json\/wp\/v2\/media\/43411"}],"wp:attachment":[{"href":"https:\/\/www.enerjigazetesi.ist\/en\/wp-json\/wp\/v2\/media?parent=43410"}],"wp:term":[{"taxonomy":"category","embeddable":true,"href":"https:\/\/www.enerjigazetesi.ist\/en\/wp-json\/wp\/v2\/categories?post=43410"},{"taxonomy":"post_tag","embeddable":true,"href":"https:\/\/www.enerjigazetesi.ist\/en\/wp-json\/wp\/v2\/tags?post=43410"}],"curies":[{"name":"wp","href":"https:\/\/api.w.org\/{rel}","templated":true}]}}