{"id":43391,"date":"2015-08-25T23:21:08","date_gmt":"2015-08-25T20:21:08","guid":{"rendered":"https:\/\/www.enerjigazetesi.ist\/?p=43391"},"modified":"2015-08-25T23:21:08","modified_gmt":"2015-08-25T20:21:08","slug":"galatasaray-turkiyenin-gunes-enerjili-ilk-aile-arabasi-arunaya-sponsor","status":"publish","type":"post","link":"https:\/\/www.enerjigazetesi.ist\/en\/galatasaray-turkiyenin-gunes-enerjili-ilk-aile-arabasi-arunaya-sponsor\/","title":{"rendered":"(Turkish) Galatasaray, T\u00fcrkiye\u2019nin G\u00fcne\u015f Enerjili \u0130lk Aile Arabas\u0131 Aruna\u2019ya Sponsor&#8230;"},"content":{"rendered":"<p class=\"qtranxs-available-languages-message qtranxs-available-languages-message-en\">Sorry, this entry is only available in <a href=\"https:\/\/www.enerjigazetesi.ist\/tr\/wp-json\/wp\/v2\/posts\/43391\" class=\"qtranxs-available-language-link qtranxs-available-language-link-tr\" title=\"Turkish\">Turkish<\/a>. For the sake of viewer convenience, the content is shown below in the alternative language. You may click the link to switch the active language.<\/p><p><\/p>\n<p style=\"color: #222222;\"><strong>Galatasaray Kul\u00fcb\u00fc, T\u00fcrkiye\u2019nin g\u00fcne\u015f enerjisi ile \u00e7al\u0131\u015fan ilk aile arabas\u0131 Aruna\u2019ya sponsor oldu.<\/strong><\/p>\n<p style=\"color: #222222;\">\u0130T\u00dc G\u00fcne\u015f Arabas\u0131 Ekibi\u2019nin tasarlay\u0131p \u00fcretti\u011fi, T\u00fcrkiye\u2019nin g\u00fcne\u015f enerjisi ile \u00e7al\u0131\u015fan ilk aile arabas\u0131 \u201cAruna\u201dn\u0131n sponsorlar\u0131, \u0130T\u00dc\u2019de bir araya geldi.<span id=\"more-73234\"><\/span>\u00a0\u0130T\u00dc Rekt\u00f6r\u00fc Prof. Dr. Mehmet Karaca ev sahipli\u011finde ger\u00e7ekle\u015fen davete, \u0130stanbul Vali Yard\u0131mc\u0131s\u0131 Engin Durmaz, ana sponsorlardan Galatasaray spor Kul\u00fcb\u00fc Ba\u015fkan\u0131 Dursun \u00d6zbek, Galatasaray Genel Sekreteri Fatih \u0130\u015fbecer ve di\u011fer sponsor temsilcileri kat\u0131ld\u0131.<a href=\"https:\/\/www.enerjigazetesi.ist\/wp-content\/uploads\/2015\/08\/galatasaray-turkiyenin-gunes-enerjili-ilk-aile-arabasi-arunaya-sponsor.jpg\"><img loading=\"lazy\" class=\"alignright size-medium wp-image-43392\" src=\"https:\/\/www.enerjigazetesi.ist\/wp-content\/uploads\/2015\/08\/galatasaray-turkiyenin-gunes-enerjili-ilk-aile-arabasi-arunaya-sponsor-300x165.jpg\" alt=\"galatasaray-turkiyenin-gunes-enerjili-ilk-aile-arabasi-arunaya-sponsor\" width=\"300\" height=\"165\" srcset=\"https:\/\/www.enerjigazetesi.ist\/wp-content\/uploads\/2015\/08\/galatasaray-turkiyenin-gunes-enerjili-ilk-aile-arabasi-arunaya-sponsor-300x165.jpg 300w, https:\/\/www.enerjigazetesi.ist\/wp-content\/uploads\/2015\/08\/galatasaray-turkiyenin-gunes-enerjili-ilk-aile-arabasi-arunaya-sponsor-500x276.jpg 500w, https:\/\/www.enerjigazetesi.ist\/wp-content\/uploads\/2015\/08\/galatasaray-turkiyenin-gunes-enerjili-ilk-aile-arabasi-arunaya-sponsor-80x44.jpg 80w, https:\/\/www.enerjigazetesi.ist\/wp-content\/uploads\/2015\/08\/galatasaray-turkiyenin-gunes-enerjili-ilk-aile-arabasi-arunaya-sponsor.jpg 696w\" sizes=\"(max-width: 300px) 100vw, 300px\" \/><\/a><\/p>\n<p style=\"color: #222222;\">Davete kat\u0131lan \u0130stanbul Vali Yard\u0131mc\u0131s\u0131 Engin Durmaz\u2019a ve sponsorlara te\u015fekk\u00fcr eden Rekt\u00f6r Karaca, \u201c\u00c7o\u011fu \u0130T\u00dc mezunu olan sayg\u0131n i\u015f adamlar\u0131n\u0131n sponsorlu\u011funda, \u0130T\u00dc\u2019n\u00fcn vizyoner akademik kadrosunun liderli\u011finde, \u0130T\u00dc \u00f6\u011frencilerinin elinden \u00e7\u0131kan, T\u00fcrkiye\u2019nin g\u00fcne\u015f enerjisiyle \u00e7al\u0131\u015fan ilk aile arabas\u0131 Aruna ile kar\u015f\u0131n\u0131zda olmaktan mutluyum. bug\u00fcn, \u201cAruna\u201dya verdi\u011fi desteklerden dolay\u0131 sponsorlar\u0131n\u0131za te\u015fekk\u00fcr etmek \u00fczere bir araya geldik. \u00dcniversitemiz i\u00e7inde de \u201cYe\u015fil Kamp\u00fcs\u201d anlay\u0131\u015f\u0131 ile \u00e7al\u0131\u015fmalar\u0131m\u0131z\u0131 s\u00fcrd\u00fcr\u00fcyoruz.<\/p>\n<p style=\"color: #222222;\">\u0130nsana ve do\u011faya sayg\u0131 duyan bu anlay\u0131\u015f\u0131 bilimsel altyap\u0131m\u0131z, teknolojik olanaklar\u0131m\u0131z ve g\u00fc\u00e7l\u00fc akademik kadromuz ile s\u00fcrd\u00fcr\u00fcyoruz ve ilkleri ger\u00e7ekle\u015ftirmeye devam ediyoruz. Ye\u015fil enerji \u00fczerine \u00e7al\u0131\u015fan ba\u015fka tak\u0131mlar\u0131m\u0131z ve projelerimiz de var. Bu projelerle de sponsorlar\u0131m\u0131z\u0131n deste\u011fi ile yeni ba\u015far\u0131lar kazanaca\u011f\u0131m\u0131za inan\u0131yorum\u201d dedi.<br \/>\nDavete kat\u0131lmaktan b\u00fcy\u00fck mutluluk duydu\u011funu dile getiren Galatasaray Spor Kul\u00fcb\u00fc Ba\u015fkan\u0131 Dursun \u00d6zbek, \u201cBir \u0130T\u00dc\u2019l\u00fc olman\u0131n gururunu ya\u015f\u0131yorum. Bizler elimizden geldi\u011fince gen\u00e7 arkada\u015flar\u0131m\u0131za destek olaca\u011f\u0131z\u201d dedi.<\/p>\n<p style=\"color: #222222;\">\u0130T\u00dc G\u00fcne\u015f Arabas\u0131 Ekibini temsilen konu\u015fan Burak Oklar da, \u201c\u0130T\u00dc demek bilim demek, teknoloji demek, teknik imkan ve 242 y\u0131ll\u0131k birikim demek. Gelece\u011fin alternatif enerjisi ile \u00e7al\u0131\u015fan ara\u00e7lar \u00fcretmek, yerli Otomobil \u00fcretimine destek vermek ve alternatif enerjinin g\u00fcnl\u00fck hayatta uygulanabilir oldu\u011funu g\u00f6stermek amac\u0131yla bundan 11 y\u0131l \u00f6nce ilk arabam\u0131z\u0131 \u00fcrettik. En \u00e7ok kupaya sahip g\u00fcne\u015f arabas\u0131 ekibi olarak ilk hedefimiz, \u00f6n\u00fcm\u00fczdeki g\u00fcnlerde \u00e7\u0131kaca\u011f\u0131m\u0131z T\u00fcrkiye turunu ba\u015far\u0131yla tamamlamak\u201d dedi.<br \/>\nKonu\u015fmalar\u0131n ard\u0131ndan, Aruna ilk kez davetlilerin huzuruna \u00e7\u0131kt\u0131. \u201cAruna\u201d, kilometrede 1 kuru\u015fluk enerji harc\u0131yor. Ortalama 70 kilometre h\u0131zla, 5 TL\u2019ye, 500 kilometre yol gidecek.<\/p>\n<p style=\"color: #222222;\">\u00dcniversite \u00f6\u011frencilerinden olu\u015fan ve 11 y\u0131lda yapt\u0131\u011f\u0131 7 arabayla 19 kupa kazanan \u0130T\u00dc G\u00fcne\u015f Arabas\u0131 Ekibi, T\u00fcrkiye\u2019nin g\u00fcne\u015f enerjisi ile \u00e7al\u0131\u015fan, ilk 4 ki\u015filik aile arabas\u0131n\u0131 \u00fcretmenin gururunu ya\u015f\u0131yor. Aruna, yerli otomobil \u00fcretimine destek vermek ve alternatif enerjinin g\u00fcnl\u00fck hayatta uygulanabilir oldu\u011funu g\u00f6stermek amac\u0131yla tasarland\u0131. \u0130T\u00dc\u2019n\u00fcn \u00e7e\u015fitli fak\u00fcltelerinde okuyan 25 ki\u015filik ekip, \u00fcniversitenin imkanlar\u0131n\u0131 kullanarak \u00fcretti\u011fi ilk aile arabas\u0131 ile \u00f6nce, T\u00fcrkiye turuna \u00e7\u0131kacak ard\u0131ndan da Ekim ay\u0131nda ger\u00e7ekle\u015fecek \u201cWorld Solar Challenge\u201d yar\u0131\u015fmas\u0131na kat\u0131lmak \u00fczere Avustralya\u2019ya gidecek.<\/p>\n<p style=\"color: #222222;\">Kaynak:\u00a0B\u00fcltenler<\/p>\n<p><\/p>","protected":false},"excerpt":{"rendered":"<p>Sorry, this entry is only available in Turkish. For the sake of viewer convenience, the content is shown below in the alternative language. You may click the link to switch the active language. Galatasaray Kul\u00fcb\u00fc, T\u00fcrkiye\u2019nin g\u00fcne\u015f enerjisi ile \u00e7al\u0131\u015fan ilk aile arabas\u0131 Aruna\u2019ya sponsor oldu. \u0130T\u00dc G\u00fcne\u015f Arabas\u0131 Ekibi\u2019nin tasarlay\u0131p \u00fcretti\u011fi, T\u00fcrkiye\u2019nin g\u00fcne\u015f enerjisi [&hellip;]<\/p>\n","protected":false},"author":1,"featured_media":43392,"comment_status":"open","ping_status":"open","sticky":false,"template":"","format":"standard","meta":[],"categories":[53,49],"tags":[22235,63,67,1009,2698,165,25194,227,17145,13,25193,870,22236,25195,25196,14055],"views":2096,"_links":{"self":[{"href":"https:\/\/www.enerjigazetesi.ist\/en\/wp-json\/wp\/v2\/posts\/43391"}],"collection":[{"href":"https:\/\/www.enerjigazetesi.ist\/en\/wp-json\/wp\/v2\/posts"}],"about":[{"href":"https:\/\/www.enerjigazetesi.ist\/en\/wp-json\/wp\/v2\/types\/post"}],"author":[{"embeddable":true,"href":"https:\/\/www.enerjigazetesi.ist\/en\/wp-json\/wp\/v2\/users\/1"}],"replies":[{"embeddable":true,"href":"https:\/\/www.enerjigazetesi.ist\/en\/wp-json\/wp\/v2\/comments?post=43391"}],"version-history":[{"count":1,"href":"https:\/\/www.enerjigazetesi.ist\/en\/wp-json\/wp\/v2\/posts\/43391\/revisions"}],"predecessor-version":[{"id":43393,"href":"https:\/\/www.enerjigazetesi.ist\/en\/wp-json\/wp\/v2\/posts\/43391\/revisions\/43393"}],"wp:featuredmedia":[{"embeddable":true,"href":"https:\/\/www.enerjigazetesi.ist\/en\/wp-json\/wp\/v2\/media\/43392"}],"wp:attachment":[{"href":"https:\/\/www.enerjigazetesi.ist\/en\/wp-json\/wp\/v2\/media?parent=43391"}],"wp:term":[{"taxonomy":"category","embeddable":true,"href":"https:\/\/www.enerjigazetesi.ist\/en\/wp-json\/wp\/v2\/categories?post=43391"},{"taxonomy":"post_tag","embeddable":true,"href":"https:\/\/www.enerjigazetesi.ist\/en\/wp-json\/wp\/v2\/tags?post=43391"}],"curies":[{"name":"wp","href":"https:\/\/api.w.org\/{rel}","templated":true}]}}