{"id":43354,"date":"2015-08-24T23:56:11","date_gmt":"2015-08-24T20:56:11","guid":{"rendered":"https:\/\/www.enerjigazetesi.ist\/?p=43354"},"modified":"2015-08-24T23:56:11","modified_gmt":"2015-08-24T20:56:11","slug":"turkler-alman-esnek-gunes-paneli-ureticisini-satin-aldi","status":"publish","type":"post","link":"https:\/\/www.enerjigazetesi.ist\/en\/turkler-alman-esnek-gunes-paneli-ureticisini-satin-aldi\/","title":{"rendered":"(Turkish) T\u00fcrkler Alman Esnek G\u00fcne\u015f Paneli \u00dcreticisini Sat\u0131n Ald\u0131!"},"content":{"rendered":"<p class=\"qtranxs-available-languages-message qtranxs-available-languages-message-en\">Sorry, this entry is only available in <a href=\"https:\/\/www.enerjigazetesi.ist\/tr\/wp-json\/wp\/v2\/posts\/43354\" class=\"qtranxs-available-language-link qtranxs-available-language-link-tr\" title=\"Turkish\">Turkish<\/a>. For the sake of viewer convenience, the content is shown below in the alternative language. You may click the link to switch the active language.<\/p><p><strong>Daha \u00f6nce iki kez iflas eden Alman CIGS ince film ve esnek g\u00fcne\u015f paneli \u00fcreticisi Solarion&#8217;u bu sefer T\u00fcrkler kurtard\u0131. Nuh Grup b\u00fcnyesindeki OC3 \u015firketi Solarion firmas\u0131n\u0131 t\u00fcm varl\u0131klar\u0131, patentleri ve 12 \u00e7al\u0131\u015fan\u0131 ile birlikte sat\u0131n ald\u0131.<a href=\"https:\/\/www.enerjigazetesi.ist\/wp-content\/uploads\/2015\/08\/turkler-alman-esnek-gunes-paneli-ureticisini-satin-aldi.jpg\"><img loading=\"lazy\" class=\"alignleft size-medium wp-image-43355\" src=\"https:\/\/www.enerjigazetesi.ist\/wp-content\/uploads\/2015\/08\/turkler-alman-esnek-gunes-paneli-ureticisini-satin-aldi-300x150.jpg\" alt=\"turkler-alman-esnek-gunes-paneli-ureticisini-satin-aldi\" width=\"300\" height=\"150\" srcset=\"https:\/\/www.enerjigazetesi.ist\/wp-content\/uploads\/2015\/08\/turkler-alman-esnek-gunes-paneli-ureticisini-satin-aldi-300x150.jpg 300w, https:\/\/www.enerjigazetesi.ist\/wp-content\/uploads\/2015\/08\/turkler-alman-esnek-gunes-paneli-ureticisini-satin-aldi-500x250.jpg 500w, https:\/\/www.enerjigazetesi.ist\/wp-content\/uploads\/2015\/08\/turkler-alman-esnek-gunes-paneli-ureticisini-satin-aldi-80x40.jpg 80w, https:\/\/www.enerjigazetesi.ist\/wp-content\/uploads\/2015\/08\/turkler-alman-esnek-gunes-paneli-ureticisini-satin-aldi.jpg 800w\" sizes=\"(max-width: 300px) 100vw, 300px\" \/><\/a> <\/strong><\/p>\n<p>OC3 uzun zamand\u0131r esnek g\u00fcne\u015f panellerinin \u00e7at\u0131 malzemelerine entegrasyonu konusunda \u00e7al\u0131\u015fma yap\u0131yordu. Sat\u0131\u015f s\u00f6zle\u015fmesi uzun s\u00fcren g\u00f6r\u00fc\u015fmelerden sonra 1 A\u011fustos 2015 tarihinde imzalanm\u0131\u015f.<\/p>\n<p>T\u00fcrkiye&#8217;de \u00e7at\u0131 pazar\u0131n\u0131n g\u00fcne\u015f elektri\u011fi sekt\u00f6r\u00fcne sorunsuz ve minimum b\u00fcrokrasi ile a\u00e7\u0131lmas\u0131 ile birlikte bu tip \u00fcr\u00fcnlerin \u00f6nemli bir pazar pay\u0131na sahip olmas\u0131 m\u00fcmk\u00fcn.<\/p>\n<p>Kaynak: <a href=\"http:\/\/www.pv-magazine.com\/news\/details\/beitrag\/turkish-investor-acquires-solarion_100020644\/#axzz3jcXr4cDK\" target=\"_blank\" rel=\"nofollow\">pv-magazine<\/a><\/p>","protected":false},"excerpt":{"rendered":"<p>Sorry, this entry is only available in Turkish. For the sake of viewer convenience, the content is shown below in the alternative language. You may click the link to switch the active language.Daha \u00f6nce iki kez iflas eden Alman CIGS ince film ve esnek g\u00fcne\u015f paneli \u00fcreticisi Solarion&#8217;u bu sefer T\u00fcrkler kurtard\u0131. Nuh Grup b\u00fcnyesindeki [&hellip;]<\/p>\n","protected":false},"author":1,"featured_media":43355,"comment_status":"open","ping_status":"open","sticky":false,"template":"","format":"standard","meta":[],"categories":[53,49],"tags":[25184,63,67,1009,2698,165,227,13,142,25186,25185],"views":1815,"_links":{"self":[{"href":"https:\/\/www.enerjigazetesi.ist\/en\/wp-json\/wp\/v2\/posts\/43354"}],"collection":[{"href":"https:\/\/www.enerjigazetesi.ist\/en\/wp-json\/wp\/v2\/posts"}],"about":[{"href":"https:\/\/www.enerjigazetesi.ist\/en\/wp-json\/wp\/v2\/types\/post"}],"author":[{"embeddable":true,"href":"https:\/\/www.enerjigazetesi.ist\/en\/wp-json\/wp\/v2\/users\/1"}],"replies":[{"embeddable":true,"href":"https:\/\/www.enerjigazetesi.ist\/en\/wp-json\/wp\/v2\/comments?post=43354"}],"version-history":[{"count":1,"href":"https:\/\/www.enerjigazetesi.ist\/en\/wp-json\/wp\/v2\/posts\/43354\/revisions"}],"predecessor-version":[{"id":43356,"href":"https:\/\/www.enerjigazetesi.ist\/en\/wp-json\/wp\/v2\/posts\/43354\/revisions\/43356"}],"wp:featuredmedia":[{"embeddable":true,"href":"https:\/\/www.enerjigazetesi.ist\/en\/wp-json\/wp\/v2\/media\/43355"}],"wp:attachment":[{"href":"https:\/\/www.enerjigazetesi.ist\/en\/wp-json\/wp\/v2\/media?parent=43354"}],"wp:term":[{"taxonomy":"category","embeddable":true,"href":"https:\/\/www.enerjigazetesi.ist\/en\/wp-json\/wp\/v2\/categories?post=43354"},{"taxonomy":"post_tag","embeddable":true,"href":"https:\/\/www.enerjigazetesi.ist\/en\/wp-json\/wp\/v2\/tags?post=43354"}],"curies":[{"name":"wp","href":"https:\/\/api.w.org\/{rel}","templated":true}]}}