{"id":4335,"date":"2012-12-11T16:32:46","date_gmt":"2012-12-11T13:32:46","guid":{"rendered":"https:\/\/www.enerjigazetesi.ist\/?p=4335"},"modified":"2012-12-11T16:33:11","modified_gmt":"2012-12-11T13:33:11","slug":"cinli-firma-panel-uretimi-icin-geldi","status":"publish","type":"post","link":"https:\/\/www.enerjigazetesi.ist\/en\/cinli-firma-panel-uretimi-icin-geldi\/","title":{"rendered":"(Turkish) \u00c7inli Firma Panel \u00dcretimi \u0130\u00e7in Geldi"},"content":{"rendered":"<p class=\"qtranxs-available-languages-message qtranxs-available-languages-message-en\">Sorry, this entry is only available in <a href=\"https:\/\/www.enerjigazetesi.ist\/tr\/wp-json\/wp\/v2\/posts\/4335\" class=\"qtranxs-available-language-link qtranxs-available-language-link-tr\" title=\"Turkish\">Turkish<\/a>. For the sake of viewer convenience, the content is shown below in the alternative language. You may click the link to switch the active language.<\/p><p><strong>China Sunergy CEO&#8217;su T\u00fcrkiye&#8217;de g\u00fcne\u015f paneli \u00fcretimi i\u00e7in 100 MW&#8217;l\u0131k tesis\u00a0kurulumuna ba\u015flad\u0131klar\u0131n\u0131 bildirdi.<\/strong><\/p>\n<p>\u00c7inli g\u00fcne\u015f paneli \u00fcreticisi China Sunergy&#8217;nin T\u00fcrkiye&#8217;de g\u00fcne\u015f paneli\u00a0 \u00fcretimi i\u00e7in \u00e7al\u0131\u015fmalara ba\u015flad\u0131\u011f\u0131 a\u00e7\u0131kland\u0131.A\u00e7\u0131klama \u015firketin 2012&#8217;nin \u00fc\u00e7\u00fcnc\u00fc \u00e7eyre\u011fi finansal sonu\u00e7lar\u0131n\u0131n payla\u015f\u0131ld\u0131\u011f\u0131 konferans g\u00f6r\u00fc\u015fmede Sunergy CEO&#8217;su Stephen Cai taraf\u0131ndan\u00a0 yap\u0131ld\u0131.<\/p>\n<p>Cai konu\u015fmas\u0131nda toplam gelirlerinde y\u00fczde 26&#8217;l\u0131k pay sahibi olan\u00a0 Avustralya&#8217;n\u0131n kendileri i\u00e7in \u00e7ok \u00f6nemli bir pazar oldu\u011funu, bununla birlikte\u00a0 \u00c7in, ABD, Japonya, \u0130ngiltere, Almanya, Fransa ve T\u00fcrkiye&#8217;nin de 2013&#8217;te China\u00a0 Sunergy i\u00e7in \u00f6nemli pazarlar olaca\u011f\u0131n\u0131 kaydetti.<\/p>\n<p><img loading=\"lazy\" class=\"alignright size-medium wp-image-4337\" title=\"sunergy-panel-uretim\" src=\"https:\/\/www.enerjigazetesi.ist\/wp-content\/uploads\/2012\/12\/sunergy-panel-uretim-300x161.jpg\" alt=\"\" width=\"300\" height=\"161\" srcset=\"https:\/\/www.enerjigazetesi.ist\/wp-content\/uploads\/2012\/12\/sunergy-panel-uretim-300x161.jpg 300w, https:\/\/www.enerjigazetesi.ist\/wp-content\/uploads\/2012\/12\/sunergy-panel-uretim-80x43.jpg 80w, https:\/\/www.enerjigazetesi.ist\/wp-content\/uploads\/2012\/12\/sunergy-panel-uretim.jpg 460w\" sizes=\"(max-width: 300px) 100vw, 300px\" \/>Cai konu\u015fmas\u0131n\u0131n bu b\u00f6l\u00fcm\u00fcnde ise T\u00fcrkiye&#8217;de 2013&#8217;te devreye girecek te\u015fvik\u00a0 d\u00fczenlemesi ile b\u00fcy\u00fck bir portansiyel oldu\u011funu kaydederken \u015firketinin T\u00fcrkiye&#8217;de\u00a0 panel \u00fcretimi i\u00e7in yat\u0131r\u0131m s\u00fcrecini ba\u015flatt\u0131\u011f\u0131n\u0131 bildirdi.<\/p>\n<p>Stephen Cai T\u00fcrkiye&#8217;de yerel ve \u00fcst d\u00fczey bir ortak ile beraber hareket\u00a0 ettiklerini s\u00f6ylerken 100 MW&#8217;l\u0131k ilk h\u00fccre ve mod\u00fcl fabrikas\u0131 i\u00e7in \u00fcretim\u00a0 band\u0131n\u0131n \u015eangay&#8217;dan \u0130stanbul&#8217;a nakledildi\u011fini, T\u00fcrkiye&#8217;deki \u00fcretimin Aral\u0131k\u00a0 sonuna kadar ba\u015flayaca\u011f\u0131n\u0131 s\u00f6yledi.\u00a0 Avrupa&#8217;daki talebe g\u00f6re bu fabrikan\u0131n\u00a0 kapasitesinin artabilece\u011fini kaydeden Stephen Cai, T\u00fcrkiye pazar\u0131nda da\u00a0 kendilerine g\u00fcvendiklerini ifade etti. Bununla birlikte Stephen Cai yat\u0131r\u0131m\u0131n\u00a0 finansal boyutu, ortakl\u0131k oranlar\u0131 ve i\u015fbirli\u011fi geli\u015ftirdikleri \u015firketin ismi\u00a0 gibi bilgileri payla\u015fmad\u0131. Sunergy\u00a0 CEO&#8217;su konu\u015fmas\u0131n\u0131n devam\u0131nda\u00a0 \u00c7inli g\u00fcne\u015f enerjisi sistemleri \u00fcreticileri i\u00e7in ABD&#8217;de getirilen ek g\u00fcmr\u00fck\u00a0 vergileri uygulamalar\u0131 i\u00e7in gelecek y\u0131l verilecek nihai karar\u0131 beklediklerini\u00a0 belirtirken, Avrupa pazar\u0131nda kar\u015f\u0131la\u015ft\u0131klar\u0131n\u0131 benzer durumun risklerini ise\u00a0 T\u00fcrkiye&#8217;de yerel bir ortak ile kuracaklar\u0131 \u00fcretim tesisi ile a\u015facaklar\u0131n\u0131 s\u00f6yledi.<\/p>\n<p>Cai att\u0131klar\u0131 ad\u0131mlar\u0131n ise ABD ve Avrupa pazar\u0131ndaki m\u00fc\u015fterilerine\u00a0 ba\u011fl\u0131l\u0131klar\u0131 ile Sunergey&#8217;nin de\u011fi\u015fen sekt\u00f6r ko\u015fullar\u0131na adapte oldu\u011funu\u00a0 g\u00f6sterdi\u011fini savunurken,\u00a0 m\u00fctevazi \u00f6l\u00e7ek ve boyutlar\u0131 sayesinde\u00a0\u00a0 de\u011fi\u015fimleri \u00e7ok daha h\u0131zl\u0131 ger\u00e7ekle\u015ftirdiklerini kaydetti.<\/p>\n<p>Bununla birlikte konferans g\u00f6r\u00fc\u015fmede a\u00e7\u0131klanan sonu\u00e7lara g\u00f6re \u015firketin\u00a0 gelirleri \u00fc\u00e7\u00fcnc\u00fc \u00e7eyrekte bir \u00f6nceki d\u00f6neme g\u00f6re y\u00fczde 46 oran\u0131nda gerileyerek\u00a0 59.5 milyon dolar d\u00fczeyinde oldu. \u015eirketin bu d\u00f6nemde sevkiyatlar\u0131 ise y\u00fczde 45\u00a0 d\u00fc\u015ferek 82.5 MW&#8217;da kal\u0131rken, net kayb\u0131 ise 23.2 milyon dolar olarak\u00a0 ger\u00e7ekle\u015fti.<\/p>\n<p>\u00dc\u00e7\u00fcnc\u00fc \u00e7eyrekte China Sunergy&#8217;nin \u00fcr\u00fcnlerinin ortalama sat\u0131\u015f fiyat\u0131, bir\u00a0 \u00f6nceki d\u00f6neme g\u00f6re y\u00fczde 5.3 d\u00fc\u015f\u00fc\u015f ile watt ba\u015f\u0131na 0.71 dolar-sent seviyesine\u00a0 gerilerken,\u00a0 \u015firketin QSAR PV h\u00fccrelerinin verimlilikleri ise y\u00fczde 19&#8217;a\u00a0 y\u00fckseldi.<\/p>\n<p>Kaynak: <a href=\"http:\/\/www.yesilekonomi.com\/yenilenebilir-enerji\/cinli-firma-panel-uretimi-icin-geldi\" target=\"_blank\">Ye\u015fil Ekonomi<\/a><\/p>","protected":false},"excerpt":{"rendered":"<p>Sorry, this entry is only available in Turkish. For the sake of viewer convenience, the content is shown below in the alternative language. You may click the link to switch the active language.China Sunergy CEO&#8217;su T\u00fcrkiye&#8217;de g\u00fcne\u015f paneli \u00fcretimi i\u00e7in 100 MW&#8217;l\u0131k tesis\u00a0kurulumuna ba\u015flad\u0131klar\u0131n\u0131 bildirdi. \u00c7inli g\u00fcne\u015f paneli \u00fcreticisi China Sunergy&#8217;nin T\u00fcrkiye&#8217;de g\u00fcne\u015f paneli\u00a0 \u00fcretimi [&hellip;]<\/p>\n","protected":false},"author":1,"featured_media":4337,"comment_status":"open","ping_status":"open","sticky":false,"template":"","format":"standard","meta":[],"categories":[53,49],"tags":[1330,1327,67,13,1331,1332,1329,1328,846],"views":703,"_links":{"self":[{"href":"https:\/\/www.enerjigazetesi.ist\/en\/wp-json\/wp\/v2\/posts\/4335"}],"collection":[{"href":"https:\/\/www.enerjigazetesi.ist\/en\/wp-json\/wp\/v2\/posts"}],"about":[{"href":"https:\/\/www.enerjigazetesi.ist\/en\/wp-json\/wp\/v2\/types\/post"}],"author":[{"embeddable":true,"href":"https:\/\/www.enerjigazetesi.ist\/en\/wp-json\/wp\/v2\/users\/1"}],"replies":[{"embeddable":true,"href":"https:\/\/www.enerjigazetesi.ist\/en\/wp-json\/wp\/v2\/comments?post=4335"}],"version-history":[{"count":2,"href":"https:\/\/www.enerjigazetesi.ist\/en\/wp-json\/wp\/v2\/posts\/4335\/revisions"}],"predecessor-version":[{"id":4338,"href":"https:\/\/www.enerjigazetesi.ist\/en\/wp-json\/wp\/v2\/posts\/4335\/revisions\/4338"}],"wp:featuredmedia":[{"embeddable":true,"href":"https:\/\/www.enerjigazetesi.ist\/en\/wp-json\/wp\/v2\/media\/4337"}],"wp:attachment":[{"href":"https:\/\/www.enerjigazetesi.ist\/en\/wp-json\/wp\/v2\/media?parent=4335"}],"wp:term":[{"taxonomy":"category","embeddable":true,"href":"https:\/\/www.enerjigazetesi.ist\/en\/wp-json\/wp\/v2\/categories?post=4335"},{"taxonomy":"post_tag","embeddable":true,"href":"https:\/\/www.enerjigazetesi.ist\/en\/wp-json\/wp\/v2\/tags?post=4335"}],"curies":[{"name":"wp","href":"https:\/\/api.w.org\/{rel}","templated":true}]}}