{"id":43322,"date":"2015-08-24T09:07:21","date_gmt":"2015-08-24T06:07:21","guid":{"rendered":"https:\/\/www.enerjigazetesi.ist\/?p=43322"},"modified":"2015-08-24T09:07:21","modified_gmt":"2015-08-24T06:07:21","slug":"gunesin-efendisi-cunku-enerjisi-gunesten","status":"publish","type":"post","link":"https:\/\/www.enerjigazetesi.ist\/en\/gunesin-efendisi-cunku-enerjisi-gunesten\/","title":{"rendered":"(Turkish) \u201cG\u00fcne\u015fin Efendisi\u201d \u00c7\u00fcnk\u00fc Enerjisi G\u00fcne\u015ften!"},"content":{"rendered":"<p class=\"qtranxs-available-languages-message qtranxs-available-languages-message-en\">Sorry, this entry is only available in <a href=\"https:\/\/www.enerjigazetesi.ist\/tr\/wp-json\/wp\/v2\/posts\/43322\" class=\"qtranxs-available-language-link qtranxs-available-language-link-tr\" title=\"Turkish\">Turkish<\/a>. For the sake of viewer convenience, the content is shown below in the alternative language. You may click the link to switch the active language.<\/p><p><\/p>\n<p style=\"color: #666666;\"><a href=\"https:\/\/www.enerjigazetesi.ist\/wp-content\/uploads\/2015\/08\/alternatif-enerji-helios-yelkenli-500x500_c.jpg\"><img loading=\"lazy\" class=\"alignright size-medium wp-image-43323\" src=\"https:\/\/www.enerjigazetesi.ist\/wp-content\/uploads\/2015\/08\/alternatif-enerji-helios-yelkenli-500x500_c-300x300.jpg\" alt=\"alternatif-enerji-helios-yelkenli-500x500_c\" width=\"300\" height=\"300\" srcset=\"https:\/\/www.enerjigazetesi.ist\/wp-content\/uploads\/2015\/08\/alternatif-enerji-helios-yelkenli-500x500_c-300x300.jpg 300w, https:\/\/www.enerjigazetesi.ist\/wp-content\/uploads\/2015\/08\/alternatif-enerji-helios-yelkenli-500x500_c-150x150.jpg 150w, https:\/\/www.enerjigazetesi.ist\/wp-content\/uploads\/2015\/08\/alternatif-enerji-helios-yelkenli-500x500_c-400x400.jpg 400w, https:\/\/www.enerjigazetesi.ist\/wp-content\/uploads\/2015\/08\/alternatif-enerji-helios-yelkenli-500x500_c-50x50.jpg 50w, https:\/\/www.enerjigazetesi.ist\/wp-content\/uploads\/2015\/08\/alternatif-enerji-helios-yelkenli-500x500_c.jpg 500w\" sizes=\"(max-width: 300px) 100vw, 300px\" \/><\/a>Marco Ferrari ve Alberto Franchi ad\u0131ndaki iki gen\u00e7, \u00a0Politecnico di Milano\u2019da Yat Tasar\u0131m\u0131 b\u00f6l\u00fcm\u00fcnde \u00f6\u011frenciler. \u201cY\u0131l\u0131n Gen\u00e7 Tasar\u0131mc\u0131s\u0131\u201d yar\u0131\u015fmas\u0131na kat\u0131lan iki \u0130talyan gen\u00e7,\u00a0<strong style=\"font-weight: bold; color: #222222;\"><em>Helios<\/em><\/strong>\u00a0isimli 55 metre konsept tasar\u0131mlar\u0131 ile dikkat \u00e7ekmi\u015fler.\u00a0<strong style=\"font-weight: bold; color: #222222;\"><em>Helios<\/em><\/strong>\u00a0ad\u0131 verdikleri 55 metre uzunlu\u011fundaki iki direkli yelkenli, \u00e7evre dostu \u00f6zelli\u011fi \u00f6ne \u00e7\u0131kart\u0131lm\u0131\u015f olarak hem seyir i\u00e7in, hem de zaman zaman yar\u0131\u015flara kat\u0131lmak \u00fczere tasarlanm\u0131\u015f.<\/p>\n<p style=\"color: #666666;\">Yunan mitolojisinde G\u00fcne\u015fin Efendisi anlam\u0131na gelen \u201cHelios\u201dun en karakteristik \u00f6zelli\u011fi silikon malzemeden \u00fcretilmi\u015f, esnek g\u00fcne\u015f h\u00fccrelerinden\u00a0yap\u0131lm\u0131\u015f yelkenlerine sahip olmas\u0131. Sistem 2.052 m\u00b2\u2019lik toplam alana sahip 2.500 adet g\u00fcne\u015f h\u00fccresi\u00a0sayesinde, 355 kWh enerji elde etmekte. Bu enerji, makine dairesindeki \u00f6zel yat ak\u00fclerinde depolan\u0131yor\u00a0ve teknenin ihtiyac\u0131 olan elektri\u011fi \u00fcretiyor.<\/p>\n<p style=\"color: #666666;\">kaynak:\u00a0<a style=\"color: #fc8d8d;\" href=\"http:\/\/www.yatvitrini.com\/italyan-tasarimcilardan-konsept-tasarim-helios-55-m?pageID=128\" target=\"_blank\">yatvitrini.com<\/a><\/p>\n<p><\/p>","protected":false},"excerpt":{"rendered":"<p>Sorry, this entry is only available in Turkish. For the sake of viewer convenience, the content is shown below in the alternative language. You may click the link to switch the active language. Marco Ferrari ve Alberto Franchi ad\u0131ndaki iki gen\u00e7, \u00a0Politecnico di Milano\u2019da Yat Tasar\u0131m\u0131 b\u00f6l\u00fcm\u00fcnde \u00f6\u011frenciler. \u201cY\u0131l\u0131n Gen\u00e7 Tasar\u0131mc\u0131s\u0131\u201d yar\u0131\u015fmas\u0131na kat\u0131lan iki \u0130talyan [&hellip;]<\/p>\n","protected":false},"author":1,"featured_media":43323,"comment_status":"open","ping_status":"open","sticky":false,"template":"","format":"standard","meta":[],"categories":[53,49],"tags":[13],"views":1342,"_links":{"self":[{"href":"https:\/\/www.enerjigazetesi.ist\/en\/wp-json\/wp\/v2\/posts\/43322"}],"collection":[{"href":"https:\/\/www.enerjigazetesi.ist\/en\/wp-json\/wp\/v2\/posts"}],"about":[{"href":"https:\/\/www.enerjigazetesi.ist\/en\/wp-json\/wp\/v2\/types\/post"}],"author":[{"embeddable":true,"href":"https:\/\/www.enerjigazetesi.ist\/en\/wp-json\/wp\/v2\/users\/1"}],"replies":[{"embeddable":true,"href":"https:\/\/www.enerjigazetesi.ist\/en\/wp-json\/wp\/v2\/comments?post=43322"}],"version-history":[{"count":1,"href":"https:\/\/www.enerjigazetesi.ist\/en\/wp-json\/wp\/v2\/posts\/43322\/revisions"}],"predecessor-version":[{"id":43324,"href":"https:\/\/www.enerjigazetesi.ist\/en\/wp-json\/wp\/v2\/posts\/43322\/revisions\/43324"}],"wp:featuredmedia":[{"embeddable":true,"href":"https:\/\/www.enerjigazetesi.ist\/en\/wp-json\/wp\/v2\/media\/43323"}],"wp:attachment":[{"href":"https:\/\/www.enerjigazetesi.ist\/en\/wp-json\/wp\/v2\/media?parent=43322"}],"wp:term":[{"taxonomy":"category","embeddable":true,"href":"https:\/\/www.enerjigazetesi.ist\/en\/wp-json\/wp\/v2\/categories?post=43322"},{"taxonomy":"post_tag","embeddable":true,"href":"https:\/\/www.enerjigazetesi.ist\/en\/wp-json\/wp\/v2\/tags?post=43322"}],"curies":[{"name":"wp","href":"https:\/\/api.w.org\/{rel}","templated":true}]}}