{"id":43293,"date":"2015-08-23T20:48:46","date_gmt":"2015-08-23T17:48:46","guid":{"rendered":"https:\/\/www.enerjigazetesi.ist\/?p=43293"},"modified":"2015-08-23T20:49:11","modified_gmt":"2015-08-23T17:49:11","slug":"ilk-yuzde-yuz-yerli-turbin-sayesinde-elektrigi-en-yuksek-bedelden-satabiliyorlar","status":"publish","type":"post","link":"https:\/\/www.enerjigazetesi.ist\/en\/ilk-yuzde-yuz-yerli-turbin-sayesinde-elektrigi-en-yuksek-bedelden-satabiliyorlar\/","title":{"rendered":"(Turkish) \u0130lk %100 Yerli T\u00fcrbinle Elektri\u011fi En Y\u00fcksek Bedelden Satabiliyorlar!"},"content":{"rendered":"<p class=\"qtranxs-available-languages-message qtranxs-available-languages-message-en\">Sorry, this entry is only available in <a href=\"https:\/\/www.enerjigazetesi.ist\/tr\/wp-json\/wp\/v2\/posts\/43293\" class=\"qtranxs-available-language-link qtranxs-available-language-link-tr\" title=\"Turkish\">Turkish<\/a>. For the sake of viewer convenience, the content is shown below in the alternative language. You may click the link to switch the active language.<\/p><p><strong>18 A\u011fustos itibar\u0131 ile\u00a0Tokat\u2019l\u0131 i\u015fadam\u0131 Ahmet Duran Yal\u00e7\u0131n, tamam\u0131 Northel Enerji taraf\u0131ndan tasarlanan, imal edilen ve kurulan %100 yerli 100 kw t\u00fcrbini \u015febekeye ba\u011flayarak , kilowatt\u2019\u0131n\u0131 11 USD cent\u2019ten satma hakk\u0131n\u0131 elde etti. Normalde 7,3 USD cent olan sat\u0131n alma garantisi, \u201cyerli \u00fcr\u00fcn\u201d sertifikasyonu olan t\u00fcrbinler kullan\u0131ld\u0131\u011f\u0131 zaman 11 USD cent\u2019e \u00e7\u0131k\u0131yor. Ancak \u015fu anda T\u00fcrkiye\u2019de bu sertifikasyona sahip (ve dolay\u0131s\u0131yla 11 cent te\u015fvik alabileben) tek bir t\u00fcrbin \u00fcreticisi var: Ayval\u0131k\u2019ta 7 senedir bu i\u015fe emek veren Northel Enerji&#8230;<\/strong><\/p>\n<p>TRT\u2019de seyretti\u011fimiz haberin hemen ard\u0131ndan Northel Enerji Genel M\u00fcd\u00fcr\u00fc Say\u0131n Cem Yal\u00e7\u0131n\u2019\u0131 arad\u0131k ve kendisi ile hayli bilgilendirici bir konu\u015fma yapt\u0131k. \u00d6\u011frendik ki asl\u0131nda Temmuz ay\u0131 sonu itibar\u0131 ile \u015febeke ba\u011flanan ve hatta s<a href=\"https:\/\/www.enerjigazetesi.ist\/wp-content\/uploads\/2015\/08\/ilk-yuzde-yuz-yerli-turbin-sayesinde-elektrigi-en-yuksek-bedelden-satabiliyorlar.png\"><img loading=\"lazy\" class=\"alignright  wp-image-43294\" src=\"https:\/\/www.enerjigazetesi.ist\/wp-content\/uploads\/2015\/08\/ilk-yuzde-yuz-yerli-turbin-sayesinde-elektrigi-en-yuksek-bedelden-satabiliyorlar-300x110.png\" alt=\"ilk-yuzde-yuz-yerli-turbin-sayesinde-elektrigi-en-yuksek-bedelden-satabiliyorlar\" width=\"300\" height=\"172\" \/><\/a>att\u0131\u011f\u0131 r\u00fczgar elektri\u011finin faturas\u0131n\u0131 kwh 11 cent\u2019ten kesip tahsil eden ilk \u015firket <strong>Band\u0131rma<\/strong> Organize Sanayi\u2019de<strong> SER Me<\/strong><strong>tal<\/strong> olmu\u015f. Orada kurulu Northel t\u00fcrbinin g\u00fcc\u00fc ise <strong>250 Kw<\/strong>. Dolay\u0131s\u0131yla \u015fu an itibar\u0131 ile 2 \u015firket %100 yerli t\u00fcrbin kullanarak, r\u00fczgar elektri\u011fini en y\u00fcksek bedelden satabiliyorlar.<\/p>\n<p>7 senelik \u00e7ok yo\u011fun bir \u00fcretim, tasar\u0131m, b\u00fcrokrasi ile bitmeyen bir \u201cdans\u201d s\u00fcrecinin ard\u0131ndan gelinen bu noktay\u0131 elbette yetersiz buluyor Cem Bey, ancak umutsuz de\u011fil. Aksine \u015fu ana kadar 94 klas\u00f6r, 185 kg a\u011f\u0131rl\u0131\u011f\u0131nda evrak sunduklar\u0131, her kademeden b\u00fcrokrata i\u015fin teknik boyutlar\u0131n\u0131 ve kar\u015f\u0131la\u015ft\u0131klar\u0131 zorluklar\u0131 anlatmaya \u00e7al\u0131\u015ft\u0131klar\u0131 bu durumun de\u011fi\u015fmeye ba\u015flad\u0131\u011f\u0131n\u0131 g\u00f6rmekten de memnun. \u201cAsl\u0131nda \u00fclkemizde b\u00fcrokrasinin engelledi\u011fi \u00f6nemli bir \u00fcretim ve yat\u0131r\u0131m kapasitesi var\u201d diyor Cem Bey. \u201cHer proje i\u00e7in onlarca klas\u00f6r haz\u0131rlanmas\u0131, EPDK ve Ankara\u2019daki ba\u015fka birimlerden izinler al\u0131nmas\u0131, heyetlerin gelip kabuller yapmas\u0131 hem yat\u0131r\u0131mc\u0131 i\u00e7in usand\u0131r\u0131c\u0131 \u00a0hem de yerli \u00fcretimi te\u015fvik etmekten uzak bir s\u00fcre\u00e7. Sertifikasyonlar\u0131 yap\u0131lm\u0131\u015f, belirli kalite belgelerini alm\u0131\u015f, yat\u0131r\u0131mc\u0131y\u0131 teknik ve ekonomik anlamda ikna etmi\u015f 500 kw alt\u0131ndaki projelerin art\u0131k b\u00f6lge TEDA\u015e\u2019lar\u0131n onay ve kabul\u00fcne ba\u011flanmas\u0131 gerekli. T\u0130P projeler bunlar i\u00e7in var. Her t\u00fcrbin, her proje izni i\u00e7in aylarca u\u011fra\u015fmak yerine, enerji ve potansiyelimizi \u201cteknik a\u00e7\u0131dan nas\u0131l \u00a0m\u00fckemmelle\u015febiliriz ?\u201d i\u00e7in kullanmak daha do\u011fru de\u011fil mi? Bunu senelerdir anlatmaktan da, her kademedeki b\u00fcrokratlara hem teknik kapasitemizi hem de yat\u0131r\u0131mc\u0131lar\u0131m\u0131z\u0131n s\u0131k\u0131nt\u0131lar\u0131n\u0131 izah etmeye \u00e7al\u0131\u015fmaktan da s\u0131k\u0131lmad\u0131k. 7 senenin sonunda nihayet olumlu de\u011fi\u015fiklikler, gerek Bakanl\u0131k gerek <strong>EPDK<\/strong> nezdinde bu izin ve b\u00fcrokratik s\u00fcre\u00e7lerinin art\u0131k yerelle\u015fmesi ve azalt\u0131lmas\u0131 y\u00f6n\u00fcnde de \u00e7al\u0131\u015fmalar g\u00f6rmeye ba\u015flad\u0131k.\u201d<\/p>\n<p>Northel Enerji Gnel M\u00fcd\u00fcr\u00fc Yal\u00e7\u0131n, bundan 4 sene \u00f6nce Amerika\u2019da<strong> kendi \u00fcretimleri<\/strong> olan bir t\u00fcrbin kurulumunu t\u00fcm izinleri ile beraber 4 g\u00fcnde bitirdiklerini anlat\u0131yor ve bu s\u00fcrecin \u00fclkemizde maalesef 1 y\u0131ldan fazla s\u00fcrd\u00fc\u011f\u00fcnden yak\u0131n\u0131yor. \u201c\u015eu anda<strong> 50 kw -100kw -250kw \u00a0ve 380 kw<\/strong> kapasiteli t\u00fcrbinlerimiz var ve <strong>500 kw t\u00fcrbin<\/strong> i\u00e7in de t\u00fcm tasar\u0131mlar\u0131m\u0131z haz\u0131r, 8 ay i\u00e7inde piyasaya \u00e7\u0131karabilecek durumday\u0131z. Hatta 2 sene i\u00e7inde <strong>2 MW<\/strong> \u00fcretmek i\u00e7in de planlar\u0131m\u0131z var. Bizler<strong> ilk %100 yerli t\u00fcrbin \u00fcreticisi<\/strong> olmaktan gurur duyuyoruz ancak bu a\u011f\u0131r b\u00fcrokrasi olmasa \u00fclkemizde \u00e7ok daha b\u00fcy\u00fck g\u00fc\u00e7te ve h\u0131zl\u0131 hareket edebilecek bir yat\u0131r\u0131mc\u0131 potansiyeli var. Amac\u0131m\u0131z \u00fcretim sekt\u00f6r\u00fcn\u00fcn de \u00f6n\u00fcn\u00fc a\u00e7mak. Biz <strong>Ayval\u0131k<\/strong>\u2018taki fabrikam\u0131zdaki know-how\u2019u herkesle payla\u015fmaya haz\u0131r\u0131z. Yeter ki\u00a0lisanss\u0131z r\u00fczgar t\u00fcrbini \u00fcretimi konusunda pazar b\u00fcy\u00fcs\u00fcn\u201d<\/p>\n<p>Bu arada Tokat\u2019taki proje\u00a0yat\u0131r\u0131m tutar\u0131n\u0131n %\u00a050`lik b\u00f6l\u00fcm\u00fcn\u00fcn <strong>Orta Karadeniz Kalk\u0131nma Ajans\u0131<\/strong> taraf\u0131ndan kar\u015f\u0131land\u0131\u011f\u0131n\u0131 ve toplamda 190.000 USD\u2019a mal olan projenin ald\u0131\u011f\u0131\u00a095.000 USD\u2019l\u0131k\u00a0hibe sayesinde en fazla\u00a03.5 y\u0131l i\u00e7inde kendisini amorti edece\u011fini de ekleyelim.<\/p>\n<p><iframe loading=\"lazy\" src=\"https:\/\/www.youtube.com\/embed\/D8hy7QR51mM\" width=\"560\" height=\"315\" frameborder=\"0\" allowfullscreen=\"allowfullscreen\"><\/iframe><\/p>\n<p>Kaynak: Alternatif Enerji<\/p>","protected":false},"excerpt":{"rendered":"<p>Sorry, this entry is only available in Turkish. For the sake of viewer convenience, the content is shown below in the alternative language. You may click the link to switch the active language.18 A\u011fustos itibar\u0131 ile\u00a0Tokat\u2019l\u0131 i\u015fadam\u0131 Ahmet Duran Yal\u00e7\u0131n, tamam\u0131 Northel Enerji taraf\u0131ndan tasarlanan, imal edilen ve kurulan %100 yerli 100 kw t\u00fcrbini \u015febekeye [&hellip;]<\/p>\n","protected":false},"author":1,"featured_media":43294,"comment_status":"open","ping_status":"open","sticky":false,"template":"","format":"standard","meta":[],"categories":[51,53,50],"tags":[63,67,1009,2698,165,12154,69,16,12158],"views":2108,"_links":{"self":[{"href":"https:\/\/www.enerjigazetesi.ist\/en\/wp-json\/wp\/v2\/posts\/43293"}],"collection":[{"href":"https:\/\/www.enerjigazetesi.ist\/en\/wp-json\/wp\/v2\/posts"}],"about":[{"href":"https:\/\/www.enerjigazetesi.ist\/en\/wp-json\/wp\/v2\/types\/post"}],"author":[{"embeddable":true,"href":"https:\/\/www.enerjigazetesi.ist\/en\/wp-json\/wp\/v2\/users\/1"}],"replies":[{"embeddable":true,"href":"https:\/\/www.enerjigazetesi.ist\/en\/wp-json\/wp\/v2\/comments?post=43293"}],"version-history":[{"count":2,"href":"https:\/\/www.enerjigazetesi.ist\/en\/wp-json\/wp\/v2\/posts\/43293\/revisions"}],"predecessor-version":[{"id":43296,"href":"https:\/\/www.enerjigazetesi.ist\/en\/wp-json\/wp\/v2\/posts\/43293\/revisions\/43296"}],"wp:featuredmedia":[{"embeddable":true,"href":"https:\/\/www.enerjigazetesi.ist\/en\/wp-json\/wp\/v2\/media\/43294"}],"wp:attachment":[{"href":"https:\/\/www.enerjigazetesi.ist\/en\/wp-json\/wp\/v2\/media?parent=43293"}],"wp:term":[{"taxonomy":"category","embeddable":true,"href":"https:\/\/www.enerjigazetesi.ist\/en\/wp-json\/wp\/v2\/categories?post=43293"},{"taxonomy":"post_tag","embeddable":true,"href":"https:\/\/www.enerjigazetesi.ist\/en\/wp-json\/wp\/v2\/tags?post=43293"}],"curies":[{"name":"wp","href":"https:\/\/api.w.org\/{rel}","templated":true}]}}