{"id":43263,"date":"2015-08-22T23:04:53","date_gmt":"2015-08-22T20:04:53","guid":{"rendered":"https:\/\/www.enerjigazetesi.ist\/?p=43263"},"modified":"2015-08-22T23:04:53","modified_gmt":"2015-08-22T20:04:53","slug":"incirliova-jeotermal-enerjiyle-tanisiyor","status":"publish","type":"post","link":"https:\/\/www.enerjigazetesi.ist\/en\/incirliova-jeotermal-enerjiyle-tanisiyor\/","title":{"rendered":"(Turkish) \u0130ncirliova Jeotermal Enerjiyle Tan\u0131\u015f\u0131yor!"},"content":{"rendered":"<p class=\"qtranxs-available-languages-message qtranxs-available-languages-message-en\">Sorry, this entry is only available in <a href=\"https:\/\/www.enerjigazetesi.ist\/tr\/wp-json\/wp\/v2\/posts\/43263\" class=\"qtranxs-available-language-link qtranxs-available-language-link-tr\" title=\"Turkish\">Turkish<\/a>. For the sake of viewer convenience, the content is shown below in the alternative language. You may click the link to switch the active language.<\/p><p><\/p>\n<p style=\"color: #363636;\"><strong>Ayd\u0131n \u0130ncirliova Belediye Ba\u015fkan\u0131 G\u00fcr\u015fay Kale, Osmanb\u00fck\u00fc Mahallesi\u2019nde devam eden jeotermal kuyu \u00e7al\u0131\u015fmalar\u0131n\u0131 yerinde inceledi.\u0130ncirliova jeotermal enerjiyle tan\u0131\u015f\u0131yor.<\/strong><\/p>\n<p style=\"color: #363636;\">\u0130ncirliova\u2019n\u0131n Osmanb\u00fck\u00fc Mahallesi\u2019nde bin 700 hektar alan \u00fczerinde jeotermal enerji \u00fcretimi ger\u00e7e<a href=\"https:\/\/www.enerjigazetesi.ist\/wp-content\/uploads\/2015\/08\/incirliova-jeotermal-enerjiyle-tanisiyor.jpg\"><img loading=\"lazy\" class=\"alignright  wp-image-43264\" src=\"https:\/\/www.enerjigazetesi.ist\/wp-content\/uploads\/2015\/08\/incirliova-jeotermal-enerjiyle-tanisiyor.jpg\" alt=\"incirliova-jeotermal-enerjiyle-tanisiyor\" width=\"300\" height=\"194\" \/><\/a>kle\u015ftirmek \u00fczere ilk sondaj kuyusu \u00e7al\u0131\u015fmalar\u0131n\u0131 ba\u015flatt\u0131. Kurban kesilerek ba\u015flanan sondaj \u00e7al\u0131\u015fmas\u0131na \u0130ncirliova Belediye Ba\u015fkan\u0131 G\u00fcr\u015fat Kale, Belediye Ba\u015fkan Yard\u0131mc\u0131s\u0131 Yal\u00e7\u0131n Sar\u0131, firma yetkilisi Mevl\u00fct Alp G\u00fcr\u00fcn, Osmanb\u00fck\u00fc Mahalle Muhtar\u0131 Ali \u015eahin ve \u0130ncirliova Belediye Meclis \u00dcyesi \u015eevki Can kat\u0131ld\u0131.<\/p>\n<p style=\"color: #363636;\"><strong>\u201c\u00c7ALI\u015eMALARA SAH\u0130P \u00c7IKMALIYIZ\u201d<\/strong><\/p>\n<p style=\"color: #363636;\">\u0130ncirliova Belediye Ba\u015fkan\u0131 G\u00fcr\u015fat Kale, jeotermal enerji kuyusunun a\u00e7\u0131l\u0131\u015f\u0131 s\u0131ras\u0131nda yapt\u0131\u011f\u0131 a\u00e7\u0131klamada; \u201c\u0130ncirliova\u2019da ki ilk jeotermal kuyusunun \u00e7al\u0131\u015fmas\u0131 Osmanb\u00fck\u00fc Mahallesi\u2019nde ba\u015flat\u0131ld\u0131. Aylar s\u00fcren bir \u00e7al\u0131\u015fman\u0131n sonucunda bug\u00fcn ilk sondaj \u00e7al\u0131\u015fmas\u0131 ger\u00e7ekle\u015ftiriliyor. Ben de bir petrol m\u00fchendisiyim. Bu t\u00fcr \u00e7al\u0131\u015fmalar\u0131n il\u00e7emizde yap\u0131l\u0131yor olmas\u0131 beni son derece mutlu etmektedir. B\u00f6ylesine yat\u0131r\u0131mlar hayat\u0131m\u0131z\u0131n bir par\u00e7as\u0131d\u0131r. Dolay\u0131s\u0131yla bu \u00e7al\u0131\u015fmalara sahip \u00e7\u0131kmazsak g\u00f6revimizi yerine getirmemi\u015f oluruz\u201d dedi.<\/p>\n<p style=\"color: #363636;\"><strong>\u201cB\u0130L\u0130MSEL VER\u0130LER\u0130 TARTI\u015eMAK GEREK\u0130YOR\u201d<\/strong><\/p>\n<p style=\"color: #363636;\">Jeotermal enerji \u00fcretimine ili\u015fkin hemen her kesimin g\u00f6r\u00fc\u015f bildirdi\u011fine vurguda bulunan Ba\u015fkan Kale, \u201cJeotermalin \u00e7evreye ve insanlar\u0131n sa\u011fl\u0131\u011f\u0131na zararl\u0131 olup olmad\u0131\u011f\u0131 konusunda ilmi ara\u015ft\u0131rmalar\u0131n yap\u0131lmas\u0131 gerekmektedir. Jeotermale kar\u015f\u0131 \u00e7\u0131kman\u0131n ilmi verilerle yap\u0131lmas\u0131 gerekiyor. E\u011fer bu konular ilmi konularla ortaya konulursa biz bunu her alanda tart\u0131\u015fabiliriz. Yap\u0131lan i\u015f d\u00fcnyan\u0131n her alan\u0131nda yap\u0131labilen bir i\u015f oldu\u011fu i\u00e7in bu konuda ger\u00e7ekten ilmi anlamda \u00e7ok iyi \u00e7al\u0131\u015fmak gerekiyor. Adnan Menderes \u00dcniversitesi\u2019nden birisinin konuyla ilgili yaz\u0131s\u0131n\u0131 okudum \u00e7ok sevindim. Demek ki halen daha ilimle ilgilenen birilerinin olmas\u0131 beni son derece mutlu etti. Yap\u0131lan t\u00fcm \u00e7al\u0131\u015fmalar\u0131n ilmi \u00f6zelli\u011finin olmas\u0131 laz\u0131m\u201d diye konu\u015ftu.<\/p>\n<p style=\"color: #363636;\"><strong>\u201cT\u0130T\u0130ZL\u0130KLE \u00c7ALI\u015eIYORUZ\u201d<\/strong><\/p>\n<p style=\"color: #363636;\">Firma yetkilisi Mevl\u00fct Alp G\u00fcr\u00fcn de, \u0130ncirliova\u2019da ba\u015flatt\u0131klar\u0131 jeotermal kuyusunun derinli\u011finin 3 bin 500 metreye kadar inebilece\u011fini s\u00f6yledi. Jeotermal Enerji ile yak\u0131ndan ilgilendiklerini dile getiren G\u00fcr\u00fcn; \u201cBe\u015f y\u0131ldan beri enerji konusuyla ilgileniyoruz. Jeotermal bizim ilk enerji konumuz. Jeotermal memleketimizin bir zenginli\u011fidir. B\u00f6lgede titiz bir \u00e7al\u0131\u015fma yapt\u0131k. Burada aylardan beri yapt\u0131\u011f\u0131m\u0131z \u00e7al\u0131\u015fmalar sonucunda bu noktayla ba\u015flamay\u0131 uygun g\u00f6rd\u00fck. Belediye Ba\u015fkan\u0131 G\u00fcr\u015fat Kale\u2019de bu konuda bizlere \u00e7ok yard\u0131mc\u0131 oldu. Tabi\u00ee ki \u00f6nceli\u011fimiz i\u015f\u00e7i sa\u011fl\u0131\u011f\u0131 ve g\u00fcvenli\u011fidir. Bug\u00fcnde ilk \u00e7al\u0131\u015fmam\u0131za ba\u015fl\u0131yoruz. Yer alt\u0131ndaki zenginli\u011fin kapasitesini hen\u00fcz bilemiyoruz. Yapacak oldu\u011fumuz sondajla bulunacak suyun miktar\u0131n\u0131 ortaya \u00e7\u0131karaca\u011f\u0131z\u201d \u015feklinde konu\u015ftu.<\/p>\n<p style=\"color: #363636;\">Kaynak: \u0130HA<\/p>\n<p><\/p>","protected":false},"excerpt":{"rendered":"<p>Sorry, this entry is only available in Turkish. For the sake of viewer convenience, the content is shown below in the alternative language. You may click the link to switch the active language. Ayd\u0131n \u0130ncirliova Belediye Ba\u015fkan\u0131 G\u00fcr\u015fay Kale, Osmanb\u00fck\u00fc Mahallesi\u2019nde devam eden jeotermal kuyu \u00e7al\u0131\u015fmalar\u0131n\u0131 yerinde inceledi.\u0130ncirliova jeotermal enerjiyle tan\u0131\u015f\u0131yor. \u0130ncirliova\u2019n\u0131n Osmanb\u00fck\u00fc Mahallesi\u2019nde bin [&hellip;]<\/p>\n","protected":false},"author":1,"featured_media":43264,"comment_status":"open","ping_status":"open","sticky":false,"template":"","format":"standard","meta":[],"categories":[53,48],"tags":[7179,63,67,1009,2698,165,25139,25140,58,56],"views":1585,"_links":{"self":[{"href":"https:\/\/www.enerjigazetesi.ist\/en\/wp-json\/wp\/v2\/posts\/43263"}],"collection":[{"href":"https:\/\/www.enerjigazetesi.ist\/en\/wp-json\/wp\/v2\/posts"}],"about":[{"href":"https:\/\/www.enerjigazetesi.ist\/en\/wp-json\/wp\/v2\/types\/post"}],"author":[{"embeddable":true,"href":"https:\/\/www.enerjigazetesi.ist\/en\/wp-json\/wp\/v2\/users\/1"}],"replies":[{"embeddable":true,"href":"https:\/\/www.enerjigazetesi.ist\/en\/wp-json\/wp\/v2\/comments?post=43263"}],"version-history":[{"count":1,"href":"https:\/\/www.enerjigazetesi.ist\/en\/wp-json\/wp\/v2\/posts\/43263\/revisions"}],"predecessor-version":[{"id":43265,"href":"https:\/\/www.enerjigazetesi.ist\/en\/wp-json\/wp\/v2\/posts\/43263\/revisions\/43265"}],"wp:featuredmedia":[{"embeddable":true,"href":"https:\/\/www.enerjigazetesi.ist\/en\/wp-json\/wp\/v2\/media\/43264"}],"wp:attachment":[{"href":"https:\/\/www.enerjigazetesi.ist\/en\/wp-json\/wp\/v2\/media?parent=43263"}],"wp:term":[{"taxonomy":"category","embeddable":true,"href":"https:\/\/www.enerjigazetesi.ist\/en\/wp-json\/wp\/v2\/categories?post=43263"},{"taxonomy":"post_tag","embeddable":true,"href":"https:\/\/www.enerjigazetesi.ist\/en\/wp-json\/wp\/v2\/tags?post=43263"}],"curies":[{"name":"wp","href":"https:\/\/api.w.org\/{rel}","templated":true}]}}