{"id":43103,"date":"2015-08-19T14:36:01","date_gmt":"2015-08-19T11:36:01","guid":{"rendered":"https:\/\/www.enerjigazetesi.ist\/?p=43103"},"modified":"2015-08-19T14:36:01","modified_gmt":"2015-08-19T11:36:01","slug":"gunesle-yolculuk-basliyor","status":"publish","type":"post","link":"https:\/\/www.enerjigazetesi.ist\/en\/gunesle-yolculuk-basliyor\/","title":{"rendered":"(Turkish) G\u00fcne\u015fle Yolculuk Ba\u015fl\u0131yor&#8230;"},"content":{"rendered":"<p class=\"qtranxs-available-languages-message qtranxs-available-languages-message-en\">Sorry, this entry is only available in <a href=\"https:\/\/www.enerjigazetesi.ist\/tr\/wp-json\/wp\/v2\/posts\/43103\" class=\"qtranxs-available-language-link qtranxs-available-language-link-tr\" title=\"Turkish\">Turkish<\/a>. For the sake of viewer convenience, the content is shown below in the alternative language. You may click the link to switch the active language.<\/p><p><\/p>\n<p style=\"color: #363636;\"><strong>\u0130ETT T\u00fcrkiye\u2019nin ilk g\u00fcne\u015f panelli \u015fehir i\u00e7i toplu ta\u015f\u0131ma arac\u0131n\u0131 \u00fcretti.<\/strong><\/p>\n<p style=\"color: #363636;\"><a href=\"https:\/\/www.enerjigazetesi.ist\/wp-content\/uploads\/2015\/08\/timthumb4.jpg\"><img loading=\"lazy\" class=\"alignleft size-full wp-image-43104\" src=\"https:\/\/www.enerjigazetesi.ist\/wp-content\/uploads\/2015\/08\/timthumb4.jpg\" alt=\"timthumb\" width=\"300\" height=\"300\" srcset=\"https:\/\/www.enerjigazetesi.ist\/wp-content\/uploads\/2015\/08\/timthumb4.jpg 300w, https:\/\/www.enerjigazetesi.ist\/wp-content\/uploads\/2015\/08\/timthumb4-150x150.jpg 150w, https:\/\/www.enerjigazetesi.ist\/wp-content\/uploads\/2015\/08\/timthumb4-50x50.jpg 50w\" sizes=\"(max-width: 300px) 100vw, 300px\" \/><\/a>T\u00fcm filosunu \u00e7evre dostu motorlardan ve do\u011falgazl\u0131 ara\u00e7lardan olu\u015fturan \u0130ETT \u00e7evreye kar\u015f\u0131 sorumlu ve alternatif enerji kaynaklar\u0131na y\u00f6nelik projelerine devam ediyor. \u0130ETT, BOTOB\u00dcS\u2019\u00fcn ard\u0131ndan \u015fimdi de g\u00fcne\u015f panelli otob\u00fcs\u00fc ile \u00e7evre duyarl\u0131l\u0131\u011f\u0131na dikkat \u00e7ekmek istiyor.<\/p>\n<p style=\"color: #363636;\">Bir otob\u00fcse pilot olarak uygulanan g\u00fcne\u015f panellerinin di\u011fer otob\u00fcslerde de yayg\u0131nla\u015ft\u0131r\u0131lmas\u0131 hedefleniyor. Tavan\u0131n\u0131n 15 adet g\u00fcne\u015f paneli ile kapland\u0131\u011f\u0131 otob\u00fcste \u00f6nemli oranda ak\u00fc tasarrufu sa\u011flan\u0131yor. Ayr\u0131ca yenilenebilir enerji \u00fcretti\u011fi i\u00e7in karbondioksit sal\u0131n\u0131m\u0131 ger\u00e7ekle\u015fmiyor ve k\u00fcresel \u0131s\u0131nmaya sebep olmuyor. Azotoksit, k\u00fck\u00fcrtoksit ve u\u00e7ucu k\u00fcl sal\u0131n\u0131mlar\u0131 da yapm\u0131yor.<\/p>\n<p style=\"color: #363636;\">Otob\u00fcste G\u00fcne\u015f Enerjisi Ne Sa\u011flayacak?<\/p>\n<p style=\"color: #363636;\">\u0130ETT Genel M\u00fcd\u00fcr\u00fc M\u00fcmin Kahveci g\u00fcne\u015f panelli otob\u00fcs\u00fcn ara\u00e7 i\u00e7inde ak\u00fc ile \u00e7al\u0131\u015fan t\u00fcm sistemlerin enerji ihtiyac\u0131n\u0131 kar\u015f\u0131layaca\u011f\u0131n\u0131 belirterek ara\u00e7 i\u00e7i led ekranlar, \u0130stanbulkartlar\u0131 okuttu\u011fumuz validat\u00f6r cihazlar\u0131, anons sistemi, wifi ve \u015farj hizmeti, ayd\u0131nlatma ve kameralar\u0131n g\u00fcne\u015f enerjisi ile \u00e7al\u0131\u015faca\u011f\u0131n\u0131 s\u00f6yledi. Panellerin hava \u015fartlar\u0131na dayanakl\u0131 oldu\u011funu kaydeden Kahveci, \u201c\u0130ETT \u00e7evre dostu projelerine devam edecek\u201d dedi.<\/p>\n<p style=\"color: #363636;\">Kaynak: B\u00fcltenler<\/p>\n<p><\/p>","protected":false},"excerpt":{"rendered":"<p>Sorry, this entry is only available in Turkish. For the sake of viewer convenience, the content is shown below in the alternative language. You may click the link to switch the active language. \u0130ETT T\u00fcrkiye\u2019nin ilk g\u00fcne\u015f panelli \u015fehir i\u00e7i toplu ta\u015f\u0131ma arac\u0131n\u0131 \u00fcretti. T\u00fcm filosunu \u00e7evre dostu motorlardan ve do\u011falgazl\u0131 ara\u00e7lardan olu\u015fturan \u0130ETT \u00e7evreye [&hellip;]<\/p>\n","protected":false},"author":1,"featured_media":43104,"comment_status":"open","ping_status":"open","sticky":false,"template":"","format":"standard","meta":[],"categories":[46,53,49,157],"tags":[2530,92,63,227,13,142,25030,2087,1967,15652,25031,1384,105],"views":1216,"_links":{"self":[{"href":"https:\/\/www.enerjigazetesi.ist\/en\/wp-json\/wp\/v2\/posts\/43103"}],"collection":[{"href":"https:\/\/www.enerjigazetesi.ist\/en\/wp-json\/wp\/v2\/posts"}],"about":[{"href":"https:\/\/www.enerjigazetesi.ist\/en\/wp-json\/wp\/v2\/types\/post"}],"author":[{"embeddable":true,"href":"https:\/\/www.enerjigazetesi.ist\/en\/wp-json\/wp\/v2\/users\/1"}],"replies":[{"embeddable":true,"href":"https:\/\/www.enerjigazetesi.ist\/en\/wp-json\/wp\/v2\/comments?post=43103"}],"version-history":[{"count":1,"href":"https:\/\/www.enerjigazetesi.ist\/en\/wp-json\/wp\/v2\/posts\/43103\/revisions"}],"predecessor-version":[{"id":43105,"href":"https:\/\/www.enerjigazetesi.ist\/en\/wp-json\/wp\/v2\/posts\/43103\/revisions\/43105"}],"wp:featuredmedia":[{"embeddable":true,"href":"https:\/\/www.enerjigazetesi.ist\/en\/wp-json\/wp\/v2\/media\/43104"}],"wp:attachment":[{"href":"https:\/\/www.enerjigazetesi.ist\/en\/wp-json\/wp\/v2\/media?parent=43103"}],"wp:term":[{"taxonomy":"category","embeddable":true,"href":"https:\/\/www.enerjigazetesi.ist\/en\/wp-json\/wp\/v2\/categories?post=43103"},{"taxonomy":"post_tag","embeddable":true,"href":"https:\/\/www.enerjigazetesi.ist\/en\/wp-json\/wp\/v2\/tags?post=43103"}],"curies":[{"name":"wp","href":"https:\/\/api.w.org\/{rel}","templated":true}]}}