{"id":43079,"date":"2015-08-18T17:32:14","date_gmt":"2015-08-18T14:32:14","guid":{"rendered":"https:\/\/www.enerjigazetesi.ist\/?p=43079"},"modified":"2015-08-18T17:48:59","modified_gmt":"2015-08-18T14:48:59","slug":"kuzeybati-ingilterenin-ilk-sifir-karbon-evi-gelecegin-mimarisine-ilham-veriyor","status":"publish","type":"post","link":"https:\/\/www.enerjigazetesi.ist\/en\/kuzeybati-ingilterenin-ilk-sifir-karbon-evi-gelecegin-mimarisine-ilham-veriyor\/","title":{"rendered":"(Turkish) Kuzeybat\u0131 \u0130ngiltere\u2019nin \u0130lk S\u0131f\u0131r Karbon Evi Gelece\u011fin Mimarisine \u0130lham Veriyor&#8230;"},"content":{"rendered":"<p class=\"qtranxs-available-languages-message qtranxs-available-languages-message-en\">Sorry, this entry is only available in <a href=\"https:\/\/www.enerjigazetesi.ist\/tr\/wp-json\/wp\/v2\/posts\/43079\" class=\"qtranxs-available-language-link qtranxs-available-language-link-tr\" title=\"Turkish\">Turkish<\/a>. For the sake of viewer convenience, the content is shown below in the alternative language. You may click the link to switch the active language.<\/p><p><strong>\u0130ngiltere\u2019nin\u00a0<span style=\"color: #008000;\">Bolton<\/span>\u00a0\u015fehrinde yap\u0131lan ve\u00a0<span style=\"color: #008000;\">\u201cgelece\u011fin evi\u201c<\/span>\u00a0olarak adland\u0131r\u0131lan ev, tasar\u0131m ve in\u015fas\u0131 a\u00e7\u0131s\u0131ndan mevcut s\u00fcrd\u00fcr\u00fclebilirlik anlay\u0131\u015f\u0131n\u0131n s\u0131n\u0131rlar\u0131n\u0131 zorluyor.<\/strong><\/p>\n<p>Proje 920 metre karelik bir alan\u0131 kaps\u0131yor ve\u00a0Kuzeybat\u0131 \u0130ngiltere\u2019nin ilk karbon s\u0131f\u0131r evi\u00a0say\u0131l\u0131yor. D\u00f6rt yatak odal\u0131, tek katl\u0131 bina Pennine da\u011f\u0131n\u0131n yamac\u0131na yerle\u015ftirilmi\u015f. S\u00fcrd\u00fcr\u00fclebilirlik kriterleri \u00fczerine tasarlanm\u0131\u015f yap\u0131, al\u0131\u015f\u0131k olmad\u0131k manzaral\u0131 bir noktaya yap\u0131lm\u0131\u015f. G\u00f6rsel olarak bu manzaran\u0131n g\u00fczelle\u015fmesi i\u00e7in binan\u0131n etraf\u0131 ve \u00e7at\u0131 kendili\u011finden \u00e7\u0131kan \u00e7i\u00e7eklerle ve bitkilerle kaplanm\u0131\u015f.<\/p>\n<p><a style=\"color: #444444;\" href=\"https:\/\/gaiadergi.com\/wp-content\/uploads\/2015\/08\/Bolton-Eko-Evi-%C4%B0lham-veren-ekolojik-ev-1.jpg\"><img loading=\"lazy\" class=\"aligncenter wp-image-22239 tie-appear\" src=\"https:\/\/gaiadergi.com\/wp-content\/uploads\/2015\/08\/Bolton-Eko-Evi-%C4%B0lham-veren-ekolojik-ev-1.jpg\" alt=\"Bolton Eko Evi \u0130lham veren ekolojik ev (1)\" width=\"665\" height=\"398\" \/><\/a><br \/>\nEkolojik ev yapman\u0131n bir yolu da yer alt\u0131nda ev yapmak.\u00a0Make Architects\u00a0taraf\u0131ndan tasarlanan yap\u0131n\u0131n da en \u00e7arp\u0131c\u0131 taraf\u0131,\u00a0yer alt\u0131nda tasarlanm\u0131\u015f\u00a0olmas\u0131. Bu \u015fekilde havaland\u0131rma a\u00e7\u0131s\u0131ndan y\u00fczde 90\u2019a yak\u0131n enerji tasarrufu sa\u011flanabiliyor. S\u0131cakl\u0131k ve so\u011fukluk sihirli bir \u015fekilde ortadan kalkm\u0131\u015f g\u00f6r\u00fcnse de bunun da alt\u0131nda bilim yat\u0131yor. Ayr\u0131ca, bu yer alt\u0131 d\u00fcnyas\u0131 yap\u0131s\u0131 k\u00fcresel \u0131s\u0131nma, asit ya\u011fmurlar\u0131, bombalanma ve depremlere kar\u015f\u0131 korunmal\u0131.<\/p>\n<p>Bu deneysel yap\u0131, sadece yer alt\u0131nda ya\u015faman\u0131n faydalar\u0131n\u0131 tan\u0131tm\u0131yor, ayn\u0131 zamanda tasarlanan binan\u0131n i\u00e7 ya\u015fam alanlar\u0131n\u0131n in\u015fas\u0131 i\u00e7in gereken duvarlar\u0131 yapmak i\u00e7in arazideki \u00e7ukurlar\u0131 kullan\u0131yor. \u0130n\u015faat\u0131 bitirmek i\u00e7in az miktarda kullan\u0131lan birka\u00e7 malzeme (odalar\u0131 ay\u0131r\u0131rken, \u00e7ukurlar\u0131 ve ah\u015fap malzemeyi birle\u015ftirmek i\u00e7in kullan\u0131lan \u00e7imento gibi) d\u0131\u015f\u0131nda geri kalan malzeme; sadece arazi ve toprak. Proje y\u00f6neticilerine g\u00f6re ev imha edildi\u011finde topra\u011fa geri d\u00f6necek.<\/p>\n<p><a style=\"color: #444444;\" href=\"https:\/\/gaiadergi.com\/wp-content\/uploads\/2015\/08\/Bolton-Eko-Evi-%C4%B0lham-veren-ekolojik-ev-3.jpg\"><img loading=\"lazy\" class=\"aligncenter wp-image-22241 shareaholic-media-target-hover-state tie-appear\" src=\"https:\/\/gaiadergi.com\/wp-content\/uploads\/2015\/08\/Bolton-Eko-Evi-%C4%B0lham-veren-ekolojik-ev-3.jpg\" alt=\"Bolton Eko Evi \u0130lham veren ekolojik ev (3)\" width=\"665\" height=\"408\" \/><\/a><\/p>\n<p>\u00c7ok az enerji harcamak \u00fczere tasarlanan ev; jeotermal \u0131s\u0131 pompalar\u0131, fotovoltaik paneller ve r\u00fczgar t\u00fcrbinleri ile\u00a0yenilenebilir enerji\u00a0\u00fcretiyor. Binan\u0131n yeri ve y\u00f6n\u00fc dikkatle se\u00e7ilmi\u015f, yerel malzemeler kullan\u0131larak ve geleneksel yap\u0131 metodlar\u0131 ile yap\u0131l\u0131yor.<\/p>\n<p>Bu proje \u0130ngiliz h\u00fck\u00fcmetinin \u201cYenilenebilir ve D\u00fc\u015f\u00fck Karbon Enerji Tasar\u0131lar\u0131 i\u00e7in Performans Planlama Anla\u015fmalar\u0131\u201d \u00f6rne\u011fi olarak kabul edilmi\u015f.<\/p>\n<p><a style=\"color: #000000;\" href=\"https:\/\/gaiadergi.com\/wp-content\/uploads\/2015\/08\/Bolton-Eko-Evi-%C4%B0lham-veren-ekolojik-ev-5.jpg\"><img loading=\"lazy\" class=\"aligncenter wp-image-22243 tie-appear shareaholic-media-target-hover-state\" src=\"https:\/\/gaiadergi.com\/wp-content\/uploads\/2015\/08\/Bolton-Eko-Evi-%C4%B0lham-veren-ekolojik-ev-5.jpg\" alt=\"Bolton Eko Evi \u0130lham veren ekolojik ev (5)\" width=\"665\" height=\"445\" \/><\/a><\/p>\n<p><span style=\"color: #000000;\"><strong>Kaynak:<\/strong>\u00a0<span style=\"color: #008000;\"><a style=\"color: #008000;\" href=\"http:\/\/diarioecologia.com\/casas-que-inspiran-no-tienes-que-ser-un-topo-para-vivir-bajo-tierra\/?doing_wp_cron=1439531392.6275849342346191406250\" target=\"_blank\">Diario Ecologia<\/a><\/span>,\u00a0<span style=\"color: #008000;\"><a style=\"color: #008000;\" href=\"http:\/\/www.mymodernmet.com\/profiles\/blogs\/make-architects-bolton-eco-house\" target=\"_blank\">My Modern Met<\/a><\/span><\/span><\/p>","protected":false},"excerpt":{"rendered":"<p>Sorry, this entry is only available in Turkish. For the sake of viewer convenience, the content is shown below in the alternative language. You may click the link to switch the active language.\u0130ngiltere\u2019nin\u00a0Bolton\u00a0\u015fehrinde yap\u0131lan ve\u00a0\u201cgelece\u011fin evi\u201c\u00a0olarak adland\u0131r\u0131lan ev, tasar\u0131m ve in\u015fas\u0131 a\u00e7\u0131s\u0131ndan mevcut s\u00fcrd\u00fcr\u00fclebilirlik anlay\u0131\u015f\u0131n\u0131n s\u0131n\u0131rlar\u0131n\u0131 zorluyor. Proje 920 metre karelik bir alan\u0131 kaps\u0131yor ve\u00a0Kuzeybat\u0131 [&hellip;]<\/p>\n","protected":false},"author":1,"featured_media":43082,"comment_status":"open","ping_status":"open","sticky":false,"template":"","format":"standard","meta":[],"categories":[53,49],"tags":[25024,25025,25026,24884,1092,25027,1296,105],"views":2026,"_links":{"self":[{"href":"https:\/\/www.enerjigazetesi.ist\/en\/wp-json\/wp\/v2\/posts\/43079"}],"collection":[{"href":"https:\/\/www.enerjigazetesi.ist\/en\/wp-json\/wp\/v2\/posts"}],"about":[{"href":"https:\/\/www.enerjigazetesi.ist\/en\/wp-json\/wp\/v2\/types\/post"}],"author":[{"embeddable":true,"href":"https:\/\/www.enerjigazetesi.ist\/en\/wp-json\/wp\/v2\/users\/1"}],"replies":[{"embeddable":true,"href":"https:\/\/www.enerjigazetesi.ist\/en\/wp-json\/wp\/v2\/comments?post=43079"}],"version-history":[{"count":3,"href":"https:\/\/www.enerjigazetesi.ist\/en\/wp-json\/wp\/v2\/posts\/43079\/revisions"}],"predecessor-version":[{"id":43085,"href":"https:\/\/www.enerjigazetesi.ist\/en\/wp-json\/wp\/v2\/posts\/43079\/revisions\/43085"}],"wp:featuredmedia":[{"embeddable":true,"href":"https:\/\/www.enerjigazetesi.ist\/en\/wp-json\/wp\/v2\/media\/43082"}],"wp:attachment":[{"href":"https:\/\/www.enerjigazetesi.ist\/en\/wp-json\/wp\/v2\/media?parent=43079"}],"wp:term":[{"taxonomy":"category","embeddable":true,"href":"https:\/\/www.enerjigazetesi.ist\/en\/wp-json\/wp\/v2\/categories?post=43079"},{"taxonomy":"post_tag","embeddable":true,"href":"https:\/\/www.enerjigazetesi.ist\/en\/wp-json\/wp\/v2\/tags?post=43079"}],"curies":[{"name":"wp","href":"https:\/\/api.w.org\/{rel}","templated":true}]}}