{"id":43077,"date":"2015-08-18T17:25:44","date_gmt":"2015-08-18T14:25:44","guid":{"rendered":"https:\/\/www.enerjigazetesi.ist\/?p=43077"},"modified":"2015-08-18T17:25:54","modified_gmt":"2015-08-18T14:25:54","slug":"petrol-kenti-musulu-iside-birakan-yoneticiler-yargilanacak","status":"publish","type":"post","link":"https:\/\/www.enerjigazetesi.ist\/en\/petrol-kenti-musulu-iside-birakan-yoneticiler-yargilanacak\/","title":{"rendered":"(Turkish) Petrol Kenti Musul\u2019u I\u015e\u0130D\u2019e B\u0131rakan Y\u00f6neticiler Yarg\u0131lanacak&#8230;"},"content":{"rendered":"<p class=\"qtranxs-available-languages-message qtranxs-available-languages-message-en\">Sorry, this entry is only available in <a href=\"https:\/\/www.enerjigazetesi.ist\/tr\/wp-json\/wp\/v2\/posts\/43077\" class=\"qtranxs-available-language-link qtranxs-available-language-link-tr\" title=\"Turkish\">Turkish<\/a>. For the sake of viewer convenience, the content is shown below in the alternative language. You may click the link to switch the active language.<\/p><p><\/p>\n<p style=\"color: #222222;\"><strong>Irak\u2019ta petrol kenti Musul\u2019un tek kur\u015fun atmadan I\u015e\u0130D\u2019e terk edilmesi d\u00f6nemin y\u00f6neticilerinin pe\u015fini b\u0131rakm\u0131yor. Irak Meclisi, Savunma ve G\u00fcvenlik Komitesi\u2019nin haz\u0131rlad\u0131\u011f\u0131 raporu dayanak g\u00f6stererek, d\u00f6nemin ba\u015fbakan\u0131 Nuri El Maliki ve 30 \u00fcst d\u00fczey y\u00f6neticinin yarg\u0131lanmas\u0131n\u0131 istedi.<\/strong><\/p>\n<p style=\"color: #222222;\">Rapora g\u00f6re, eski ba\u015fbakan Maliki\u2019nin b\u00f6lgeye atad\u0131\u011f\u0131 komutanlar r\u00fc\u015fvete ve yolsuzlu\u011fa bo\u011fuldu. Maliki de bu komutanlardan bilgi alamad\u0131\u011f\u0131 i\u00e7in Musul\u2019a y\u00f6nelen tehdidin b\u00fcy\u00fckl\u00fc\u011f\u00fcn\u00fc g\u00f6remedi.<\/p>\n<p style=\"color: #222222;\">Yolsuzluklar\u0131 protes<a href=\"https:\/\/www.enerjigazetesi.ist\/wp-content\/uploads\/2015\/08\/petrol-kenti-musulu-iside-birakan-yoneticiler-yargilanacak.jpg\"><img loading=\"lazy\" class=\"alignleft size-medium wp-image-43078\" src=\"https:\/\/www.enerjigazetesi.ist\/wp-content\/uploads\/2015\/08\/petrol-kenti-musulu-iside-birakan-yoneticiler-yargilanacak-300x165.jpg\" alt=\"petrol-kenti-musulu-iside-birakan-yoneticiler-yargilanacak\" width=\"300\" height=\"165\" srcset=\"https:\/\/www.enerjigazetesi.ist\/wp-content\/uploads\/2015\/08\/petrol-kenti-musulu-iside-birakan-yoneticiler-yargilanacak-300x165.jpg 300w, https:\/\/www.enerjigazetesi.ist\/wp-content\/uploads\/2015\/08\/petrol-kenti-musulu-iside-birakan-yoneticiler-yargilanacak-500x276.jpg 500w, https:\/\/www.enerjigazetesi.ist\/wp-content\/uploads\/2015\/08\/petrol-kenti-musulu-iside-birakan-yoneticiler-yargilanacak-80x44.jpg 80w, https:\/\/www.enerjigazetesi.ist\/wp-content\/uploads\/2015\/08\/petrol-kenti-musulu-iside-birakan-yoneticiler-yargilanacak.jpg 696w\" sizes=\"(max-width: 300px) 100vw, 300px\" \/><\/a>to i\u00e7in sokaklara d\u00f6k\u00fclen Irakl\u0131lar, yarg\u0131lama \u00e7a\u011fr\u0131s\u0131n\u0131 sevin\u00e7le kar\u015f\u0131lad\u0131.<\/p>\n<p style=\"color: #222222;\">\u201cDaha \u00f6nceki siyasi s\u00fcrece kat\u0131lanlar\u0131n hepsi, Musul\u2019un ve \u00fclkenin di\u011fer k\u0131s\u0131mlar\u0131n\u0131n kaybedilmesi ile Irak\u2019\u0131n i\u00e7inden ge\u00e7ti\u011fi k\u00f6t\u00fc ekonomik \u015fartlardan sorumlu. Ge\u00e7mi\u015f u\u011fursuz politik s\u00fcre\u00e7 bizi bu u\u00e7uruma getirdi.\u201d<\/p>\n<p style=\"color: #222222;\">Irak\u2019ta Musul\u2019un nas\u0131l kaybedildi\u011fine dair herhangi bir sorumlu veya m\u00fccadeleyi b\u0131rakma emrini kimin verdi\u011fine dair hi\u00e7bir resmi a\u00e7\u0131klama bulunmuyor.<\/p>\n<p style=\"color: #222222;\">Halifelik ilan eden Irak \u015eam \u0130slam Devleti, Suriye s\u0131n\u0131rlar\u0131 boyunca geni\u015f bir alan\u0131 kontrol ederken, Musul\u2019u da Haziran 2014\u2019te \u00e7at\u0131\u015fmaya girmeden ele ge\u00e7irdi.<\/p>\n<p style=\"color: #222222;\">Irak\u2019ta yolsuzlukla i\u015fleyen bozuk sistemin I\u015e\u0130D\u2019le m\u00fccadelede h\u00fck\u00fcmet g\u00fc\u00e7lerini zay\u0131flatt\u0131\u011f\u0131 i\u00e7in reform \u00f6neren Ba\u015fbakan\u0131 Haydar el Abadi g\u00f6reve geleli bir y\u0131l oldu.<\/p>\n<p style=\"color: #222222;\">Son d\u00f6nemde radikal ad\u0131mlar atan Ba\u015fbakan Abadi, pazar g\u00fcn\u00fc de Ramadi\u2019nin kaybedilmesinden sorumlu tuttu\u011fu komutanlar\u0131n yarg\u0131lanmas\u0131 i\u00e7in emir verdi.<\/p>\n<p style=\"color: #222222;\">Anbar b\u00f6lgesinin ba\u015fkenti olan Ramadi ge\u00e7en may\u0131s ay\u0131nda I\u015e\u0130D\u2019in eline ge\u00e7ti. Kenti yeniden alma giri\u015fimleri ise Ba\u011fdat h\u00fck\u00fcmetini \u0130ran taraf\u0131ndan finansal olarak desteklenen \u015eii militanlara mecbur b\u0131rakt\u0131.<\/p>\n<p style=\"color: #222222;\">Bu durum Ba\u015fbakan Abadi\u2019yi Iran\u2019dan gelecek bask\u0131lara daha a\u00e7\u0131k hale getirdi.<\/p>\n<p style=\"color: #222222;\">Analist Hisham al-Hashimi: \u201cIran\u2019\u0131n eski Ba\u015fbakan Maliki\u2019nin tutuklanmas\u0131na veya ceza almas\u0131na engel olmaya \u00e7al\u0131\u015ft\u0131\u011f\u0131 \u00e7ok a\u00e7\u0131k. Bu yarg\u0131lamaya engel olma \u00e7abas\u0131n\u0131, \u0130ran taraf\u0131ndan desteklenen bloklar ve bask\u0131lardan anlayabiliyoruz\u201d ifadelerini kulland\u0131.<\/p>\n<p style=\"color: #222222;\">Irakl\u0131lar bir ayd\u0131r neredeyse her hafta yolsuzluk ve yetersiz temel hizmetler nedeniyle protesto i\u00e7in sokaklara \u00e7\u0131k\u0131yor.<\/p>\n<p style=\"color: #222222;\">Fakat Irakl\u0131 siyasi partileri aras\u0131nda devam eden \u00e7eki\u015fme h\u00fck\u00fcmetlerin reform arzular\u0131na darbe vurmaya devam ediyor.<\/p>\n<p style=\"color: #222222;\">Kaynak: Enerji Enstit\u00fcs\u00fc<\/p>\n<p><\/p>","protected":false},"excerpt":{"rendered":"<p>Sorry, this entry is only available in Turkish. For the sake of viewer convenience, the content is shown below in the alternative language. You may click the link to switch the active language. Irak\u2019ta petrol kenti Musul\u2019un tek kur\u015fun atmadan I\u015e\u0130D\u2019e terk edilmesi d\u00f6nemin y\u00f6neticilerinin pe\u015fini b\u0131rakm\u0131yor. Irak Meclisi, Savunma ve G\u00fcvenlik Komitesi\u2019nin haz\u0131rlad\u0131\u011f\u0131 raporu [&hellip;]<\/p>\n","protected":false},"author":1,"featured_media":43078,"comment_status":"open","ping_status":"open","sticky":false,"template":"","format":"standard","meta":[],"categories":[53,44],"tags":[63,67,1009,2698,165,25022,13970,945,745,7319,11672,59,79,2388,25023,887,1369],"views":762,"_links":{"self":[{"href":"https:\/\/www.enerjigazetesi.ist\/en\/wp-json\/wp\/v2\/posts\/43077"}],"collection":[{"href":"https:\/\/www.enerjigazetesi.ist\/en\/wp-json\/wp\/v2\/posts"}],"about":[{"href":"https:\/\/www.enerjigazetesi.ist\/en\/wp-json\/wp\/v2\/types\/post"}],"author":[{"embeddable":true,"href":"https:\/\/www.enerjigazetesi.ist\/en\/wp-json\/wp\/v2\/users\/1"}],"replies":[{"embeddable":true,"href":"https:\/\/www.enerjigazetesi.ist\/en\/wp-json\/wp\/v2\/comments?post=43077"}],"version-history":[{"count":2,"href":"https:\/\/www.enerjigazetesi.ist\/en\/wp-json\/wp\/v2\/posts\/43077\/revisions"}],"predecessor-version":[{"id":43081,"href":"https:\/\/www.enerjigazetesi.ist\/en\/wp-json\/wp\/v2\/posts\/43077\/revisions\/43081"}],"wp:featuredmedia":[{"embeddable":true,"href":"https:\/\/www.enerjigazetesi.ist\/en\/wp-json\/wp\/v2\/media\/43078"}],"wp:attachment":[{"href":"https:\/\/www.enerjigazetesi.ist\/en\/wp-json\/wp\/v2\/media?parent=43077"}],"wp:term":[{"taxonomy":"category","embeddable":true,"href":"https:\/\/www.enerjigazetesi.ist\/en\/wp-json\/wp\/v2\/categories?post=43077"},{"taxonomy":"post_tag","embeddable":true,"href":"https:\/\/www.enerjigazetesi.ist\/en\/wp-json\/wp\/v2\/tags?post=43077"}],"curies":[{"name":"wp","href":"https:\/\/api.w.org\/{rel}","templated":true}]}}