{"id":42999,"date":"2015-08-16T19:15:49","date_gmt":"2015-08-16T16:15:49","guid":{"rendered":"https:\/\/www.enerjigazetesi.ist\/?p=42999"},"modified":"2015-08-17T09:38:37","modified_gmt":"2015-08-17T06:38:37","slug":"gelecegin-doga-dostu-evleri-sifir-karbon-evler","status":"publish","type":"post","link":"https:\/\/www.enerjigazetesi.ist\/en\/gelecegin-doga-dostu-evleri-sifir-karbon-evler\/","title":{"rendered":"(Turkish) Gelece\u011fin Do\u011fa Dostu Evleri: S\u0131f\u0131r Karbon Evler&#8230;"},"content":{"rendered":"<p class=\"qtranxs-available-languages-message qtranxs-available-languages-message-en\">Sorry, this entry is only available in <a href=\"https:\/\/www.enerjigazetesi.ist\/tr\/wp-json\/wp\/v2\/posts\/42999\" class=\"qtranxs-available-language-link qtranxs-available-language-link-tr\" title=\"Turkish\">Turkish<\/a>. For the sake of viewer convenience, the content is shown below in the alternative language. You may click the link to switch the active language.<\/p><p><strong>Is\u0131nmas\u0131n\u0131, s\u0131cak suyunu, ayd\u0131nlanmas\u0131n\u0131, cihazlar\u0131n \u00e7al\u0131\u015fmas\u0131n\u0131 kendi \u00fcretti\u011fi enerji ile sa\u011flayan ve atmosfere hi\u00e7 karbondioksit salmayan evlere s\u0131f\u0131r karbon evler deniyor. Bu yap\u0131larda ihtiyaca g\u00f6re enerji fazlas\u0131 d\u0131\u015far\u0131 veriliyor ya da ihtiya\u00e7 durumunda d\u0131\u015far\u0131dan enerji al\u0131n\u0131yor. B\u00f6ylece \u015febeke elektri\u011fi yerine d\u0131\u015far\u0131 verilen enerji ile sal\u0131nan karbondioksit miktar\u0131 telafi ediliyor. Sonu\u00e7ta da y\u0131ll\u0131k net karbondioksit emisyonunun s\u0131f\u0131r olmas\u0131 sa\u011flan\u0131yor.<\/strong><\/p>\n<p>Gelece\u011fin evleri, s\u0131f\u0131r karbon evler olma yolunda ilerliyor. George Osborne\u2019un bir zamanlar imkans\u0131z diye adland\u0131rd\u0131\u011f\u0131 s\u0131f\u0131r karbon ev, Cardiff \u00dcniversitesi taraf\u0131ndan in\u015fa edildi. B\u00f6yle bir evin in\u015fas\u0131n\u0131n a\u015f\u0131r\u0131 pahal\u0131ya m\u00e2l olaca\u011f\u0131 ifade edilirken, Cardiff \u00dcniversitesi in\u015fa ettikleri evin \u015febekeden ald\u0131\u011f\u0131 enerjiden daha fazlas\u0131n\u0131 \u015febekeye veren bir ev oldu\u011funu a\u00e7\u0131klad\u0131. Ayr\u0131ca, bina maliyetinin toplu konut b\u00fct\u00e7esi aral\u0131\u011f\u0131nda oldu\u011funu da ekledi.<\/p>\n<p>Evin in\u015fas\u0131 16 hafta ald\u0131 ve metre kare ba\u015f\u0131na maliyeti bin pound tuttu. Tasar\u0131mc\u0131lara g\u00f6re toplu konut maliyetleri de metrekare ba\u015f\u0131na 800 ile bin pound aras\u0131nda. Gelecekte ev sahipleri fazla enerjiyi satarak gelir bile elde edebilecekler.<\/p>\n<div class=\"content post-cover\">\n<article id=\"the-post\" class=\"post-listing post-21791 post type-post status-publish format-standard has-post-thumbnail hentry category-eko-mimari-yesil category-enerji category-iklimvesu tag-cardiff-universitesi tag-cevre-dostu tag-eko-mimari-yesil tag-george-osborne tag-guncel tag-iklim tag-jenny-holland tag-phil-jones tag-ruken-zilan tag-sifir-karbon-evler\"><a style=\"color: #444444;\" href=\"https:\/\/gaiadergi.com\/wp-content\/uploads\/2015\/08\/Karbon-S%C4%B1f%C4%B1r-Cardiff.jpg\"><img loading=\"lazy\" class=\"aligncenter wp-image-21866 tie-appear shareaholic-media-target-hover-state\" src=\"https:\/\/gaiadergi.com\/wp-content\/uploads\/2015\/08\/Karbon-S%C4%B1f%C4%B1r-Cardiff.jpg\" alt=\"Karbon S\u0131f\u0131r Cardiff\" width=\"525\" height=\"295\" \/><\/a><\/article>\n<article class=\"post-listing post-21791 post type-post status-publish format-standard has-post-thumbnail hentry category-eko-mimari-yesil category-enerji category-iklimvesu tag-cardiff-universitesi tag-cevre-dostu tag-eko-mimari-yesil tag-george-osborne tag-guncel tag-iklim tag-jenny-holland tag-phil-jones tag-ruken-zilan tag-sifir-karbon-evler\"><\/article>\n<article class=\"post-listing post-21791 post type-post status-publish format-standard has-post-thumbnail hentry category-eko-mimari-yesil category-enerji category-iklimvesu tag-cardiff-universitesi tag-cevre-dostu tag-eko-mimari-yesil tag-george-osborne tag-guncel tag-iklim tag-jenny-holland tag-phil-jones tag-ruken-zilan tag-sifir-karbon-evler\">Bridgend yak\u0131nlar\u0131ndaki yap\u0131, g\u00fcne\u015fe ba\u011fl\u0131 hava ile \u0131s\u0131tma sistemine sahip ve d\u0131\u015far\u0131dan da izolasyon yap\u0131lm\u0131\u015f. Tasar\u0131mc\u0131lar k\u0131\u015f aylar\u0131nda d\u0131\u015far\u0131dan enerji ihtiyac\u0131 oldu\u011funu, bunun da yaz aylar\u0131nda d\u0131\u015far\u0131 verilen enerji ile m\u00fcmk\u00fcn olabilece\u011fini ifade ediyorlar.Bridgend evi fotovoltaik paneller ile kapl\u0131 ve paneller \u00e7at\u0131n\u0131n g\u00fcneyine y\u00f6nlendirilerek altta kalan alan\u0131n do\u011fal \u0131\u015f\u0131kla ayd\u0131nlanmas\u0131 sa\u011flanm\u0131\u015f. Bina g\u00fcne\u015fle elektrik \u00fcretmekte ve pillerle de enerjiyi depolamakta, b\u00f6ylece bu kayna\u011fa ba\u011fl\u0131 sistemler (\u0131s\u0131tma, havaland\u0131rma, s\u0131cak su sistemleri ve elektrikli ayg\u0131tlar\u0131, LED \u0131\u015f\u0131klar\u0131yla ayd\u0131nlanma ve \u0131s\u0131tma pompas\u0131) \u00e7al\u0131\u015fabiliyor. G\u00fcne\u015f-hava sistemi ise hava sirk\u00fclasyonu \u00f6ncesi \u0131s\u0131nma sa\u011fl\u0131yor.<\/p>\n<p><a style=\"color: #444444;\" href=\"https:\/\/gaiadergi.com\/wp-content\/uploads\/2015\/08\/Karbon-S%C4%B1f%C4%B1r-Cardiff-2.jpg\"><img loading=\"lazy\" class=\"aligncenter wp-image-21867 tie-appear shareaholic-media-target-hover-state\" src=\"https:\/\/gaiadergi.com\/wp-content\/uploads\/2015\/08\/Karbon-S%C4%B1f%C4%B1r-Cardiff-2.jpg\" alt=\"Karbon S\u0131f\u0131r Cardiff 2\" width=\"530\" height=\"279\" \/><\/a><\/p>\n<p>Projeyi y\u00f6neten Profes\u00f6r\u00a0Phil Jones\u00a0\u201cSon teknolojiyi, yenilikleri ve tasar\u0131mlar\u0131 kullanarak, d\u00fc\u015f\u00fck maliyetli, ekonomik ve \u00e7evre a\u00e7\u0131s\u0131ndan uzun vadeli faydalar sa\u011flayan, s\u0131f\u0131r karbon evler in\u015fa etmek m\u00fcmk\u00fcnd\u00fcr\u201d\u00a0diyor.<\/p>\n<p>Bu yap\u0131lar\u0131n \u0130ngiltere\u2019de yayg\u0131nla\u015fmas\u0131 a\u00e7\u0131s\u0131ndan ise i\u015fin en zorlu k\u0131sm\u0131 \u0130ngiltere\u2019nin mevcut evlerinin iyile\u015ftirilmesi. Bu evlerin baz\u0131lar\u0131 Avrupa\u2019n\u0131n en az verimli evleri olarak biliniyor. \u00d6te yandan \u0130ngiliz H\u00fckumeti\u2019nin tasarruf tedbirleri dahilinde, enerji verimlili\u011fi \u00f6deneklerine kesinti yapmas\u0131 da cabas\u0131.<\/p>\n<p>Enerji Koruma Derne\u011finden\u00a0Jenny Holland,\u00a0\u201cHazine\u2019nin sadece bina in\u015faat maliyetini hesaplayan \u2018miyop yakla\u015f\u0131m\u0131na\u2019 son vermemiz gerekiyor. Ev sahipleri binan\u0131n ka\u00e7a mal oldu\u011funu de\u011fil, i\u00e7inde ya\u015faman\u0131n maliyetiyle ilgileniyorlar. \u0130nsanlar verimli bir dondurucu ya da buzdolab\u0131 i\u00e7in ekstradan masraf yapabiliyorlar. \u015eayet bina yap\u0131m\u0131na yap\u0131lacak masraf, s\u0131f\u0131r enerji faturas\u0131 getirecekse, binada ya\u015fayanlar mutlu olacaklard\u0131r. Ayr\u0131ca hep birlikte \u00e7evresel \u00f6d\u00fcllerden de faydalanaca\u011f\u0131z\u201d\u00a0diyor.<\/p>\n<p>S\u0131f\u0131r karbon ev kavram\u0131n\u0131n, ge\u00e7mi\u015fe oranla \u00e7ok daha ekonomik hale gelmesi, bu yap\u0131lar\u0131n yayg\u0131nla\u015fmas\u0131na da yol a\u00e7acakt\u0131r. Yak\u0131n gelecekte bu evlerin herkes taraf\u0131ndan istenen, talep edilen binalar haline gelmesi ise bir di\u011fer g\u00fczel haber olacakt\u0131r.<\/p>\n<p><iframe loading=\"lazy\" src=\"https:\/\/www.youtube.com\/embed\/pW8CAHdNoMU\" width=\"560\" height=\"315\" frameborder=\"0\" allowfullscreen=\"allowfullscreen\"><\/iframe><\/p>\n<p>Kaynak:<span style=\"color: #993300;\">\u00a0<a style=\"color: #993300;\" href=\"http:\/\/www.bbc.com\/news\/science-environment-33544831\" target=\"_blank\">BBC<\/a><\/span><span style=\"color: #000000;\">,\u00a0<\/span><span style=\"color: #993300;\"><a style=\"color: #993300;\" href=\"http:\/\/www.building.co.uk\/zero-carbon-homes\/3085012.article\" target=\"_blank\">Building<\/a><\/span><span style=\"color: #000000;\">,\u00a0<\/span><span style=\"color: #993300;\"><a style=\"color: #993300;\" href=\"http:\/\/www.ukconstructionweek.com\/what-s-on\/news\/509-skanska-to-develop-construction-robots-construction-buzz-21\" target=\"_blank\">UK Construction Week<\/a><\/span><\/p>\n<\/article>\n<\/div>\n<p><\/p>","protected":false},"excerpt":{"rendered":"<p>Sorry, this entry is only available in Turkish. For the sake of viewer convenience, the content is shown below in the alternative language. You may click the link to switch the active language.Is\u0131nmas\u0131n\u0131, s\u0131cak suyunu, ayd\u0131nlanmas\u0131n\u0131, cihazlar\u0131n \u00e7al\u0131\u015fmas\u0131n\u0131 kendi \u00fcretti\u011fi enerji ile sa\u011flayan ve atmosfere hi\u00e7 karbondioksit salmayan evlere s\u0131f\u0131r karbon evler deniyor. Bu yap\u0131larda [&hellip;]<\/p>\n","protected":false},"author":1,"featured_media":43000,"comment_status":"open","ping_status":"open","sticky":false,"template":"","format":"standard","meta":[],"categories":[53,52],"tags":[24977,24975,24979,63,67,1009,24982,2698,165,1970,9697,24978,24981,948,24980,24974,24976],"views":2417,"_links":{"self":[{"href":"https:\/\/www.enerjigazetesi.ist\/en\/wp-json\/wp\/v2\/posts\/42999"}],"collection":[{"href":"https:\/\/www.enerjigazetesi.ist\/en\/wp-json\/wp\/v2\/posts"}],"about":[{"href":"https:\/\/www.enerjigazetesi.ist\/en\/wp-json\/wp\/v2\/types\/post"}],"author":[{"embeddable":true,"href":"https:\/\/www.enerjigazetesi.ist\/en\/wp-json\/wp\/v2\/users\/1"}],"replies":[{"embeddable":true,"href":"https:\/\/www.enerjigazetesi.ist\/en\/wp-json\/wp\/v2\/comments?post=42999"}],"version-history":[{"count":2,"href":"https:\/\/www.enerjigazetesi.ist\/en\/wp-json\/wp\/v2\/posts\/42999\/revisions"}],"predecessor-version":[{"id":43002,"href":"https:\/\/www.enerjigazetesi.ist\/en\/wp-json\/wp\/v2\/posts\/42999\/revisions\/43002"}],"wp:featuredmedia":[{"embeddable":true,"href":"https:\/\/www.enerjigazetesi.ist\/en\/wp-json\/wp\/v2\/media\/43000"}],"wp:attachment":[{"href":"https:\/\/www.enerjigazetesi.ist\/en\/wp-json\/wp\/v2\/media?parent=42999"}],"wp:term":[{"taxonomy":"category","embeddable":true,"href":"https:\/\/www.enerjigazetesi.ist\/en\/wp-json\/wp\/v2\/categories?post=42999"},{"taxonomy":"post_tag","embeddable":true,"href":"https:\/\/www.enerjigazetesi.ist\/en\/wp-json\/wp\/v2\/tags?post=42999"}],"curies":[{"name":"wp","href":"https:\/\/api.w.org\/{rel}","templated":true}]}}