{"id":42987,"date":"2015-08-16T18:53:45","date_gmt":"2015-08-16T15:53:45","guid":{"rendered":"https:\/\/www.enerjigazetesi.ist\/?p=42987"},"modified":"2015-08-16T18:53:45","modified_gmt":"2015-08-16T15:53:45","slug":"gunes-yatirimlari-icin-turkiye-cok-daha-cekici","status":"publish","type":"post","link":"https:\/\/www.enerjigazetesi.ist\/en\/gunes-yatirimlari-icin-turkiye-cok-daha-cekici\/","title":{"rendered":"(Turkish) G\u00fcne\u015f Yat\u0131r\u0131mlar\u0131 \u0130\u00e7in T\u00fcrkiye \u00c7ok Daha \u00c7ekici&#8230;"},"content":{"rendered":"<p class=\"qtranxs-available-languages-message qtranxs-available-languages-message-en\">Sorry, this entry is only available in <a href=\"https:\/\/www.enerjigazetesi.ist\/tr\/wp-json\/wp\/v2\/posts\/42987\" class=\"qtranxs-available-language-link qtranxs-available-language-link-tr\" title=\"Turkish\">Turkish<\/a>. For the sake of viewer convenience, the content is shown below in the alternative language. You may click the link to switch the active language.<\/p><p><strong>T\u00fcrkiye, \u00fclkelerin yenilenebilir enerji alan\u0131ndaki yat\u0131r\u0131m yap\u0131labilirli\u011fini g\u00f6steren Ernst &amp; Young Yenilenebilir Enerji \u00dclke \u00c7ekicili\u011fi Endeksi`nde bir basamak y\u00fckselerek 17`incili\u011fe oturdu.<\/strong><\/p>\n<p>Uluslararas\u0131 denetim ve dan\u0131<a href=\"https:\/\/www.enerjigazetesi.ist\/wp-content\/uploads\/2015\/08\/gunes-yatirimlari-icin-turkiye-cok-daha-cekici.jpg\"><img loading=\"lazy\" class=\"alignleft size-medium wp-image-42988\" src=\"https:\/\/www.enerjigazetesi.ist\/wp-content\/uploads\/2015\/08\/gunes-yatirimlari-icin-turkiye-cok-daha-cekici-300x200.jpg\" alt=\"gunes-yatirimlari-icin-turkiye-cok-daha-cekici\" width=\"300\" height=\"200\" srcset=\"https:\/\/www.enerjigazetesi.ist\/wp-content\/uploads\/2015\/08\/gunes-yatirimlari-icin-turkiye-cok-daha-cekici-300x200.jpg 300w, https:\/\/www.enerjigazetesi.ist\/wp-content\/uploads\/2015\/08\/gunes-yatirimlari-icin-turkiye-cok-daha-cekici-500x333.jpg 500w, https:\/\/www.enerjigazetesi.ist\/wp-content\/uploads\/2015\/08\/gunes-yatirimlari-icin-turkiye-cok-daha-cekici-75x50.jpg 75w, https:\/\/www.enerjigazetesi.ist\/wp-content\/uploads\/2015\/08\/gunes-yatirimlari-icin-turkiye-cok-daha-cekici.jpg 600w\" sizes=\"(max-width: 300px) 100vw, 300px\" \/><\/a>\u015fmanl\u0131k firmas\u0131 EY\u2019nin haz\u0131rlad\u0131\u011f\u0131 Yenilenebilir Enerji \u00dclke \u00c7ekicili\u011fi Endeksi\u2019ne (RECAI) g\u00f6re, enerji depolamas\u0131, sekt\u00f6rdeki \u015firketler i\u00e7in bir di\u011fervarl\u0131k alan\u0131 haline gelirken h\u00fck\u00fcmetlerin enerji alan\u0131ndaki proaktif yakla\u015f\u0131mlar\u0131 pazar\u0131 olumlu etkiliyor.<\/p>\n<p>Yat\u0131r\u0131mc\u0131lar i\u00e7in, enerji depolamas\u0131 alan\u0131ndaki f\u0131rsatlar\u0131 ve i\u015f modellerini net bir \u015fekilde g\u00f6rebilmenin yak\u0131n zamana kadar zor oldu\u011funa dikkat \u00e7eken rapor, g\u00fcn\u00fcm\u00fczde bu durumun de\u011fi\u015fti\u011fine dikkat \u00e7ekiyor. Buna g\u00f6re depolama enerji sekt\u00f6r\u00fcne yat\u0131r\u0131m yapmak isteyen \u015firketler i\u00e7in varl\u0131k g\u00f6sterilecek bir alan olarak daha fazla \u00f6ne \u00e7\u0131kmaya ba\u015flad\u0131.<\/p>\n<p><strong>T\u00dcRK\u0130YE 17`\u0130NC\u0130 SIRAYA Y\u00dcKSELD\u0130<\/strong><\/p>\n<p>Yenilenebilir enerji i\u00e7in Ulusal Eylem Plan\u0131\u2019n\u0131 a\u00e7\u0131klayan T\u00fcrkiye bu y\u0131l endekste bir basamak y\u00fckselerek 17. s\u0131rada yer ald\u0131. Ge\u00e7en y\u0131l 18. s\u0131rada yer alan T\u00fcrkiye\u2019nin s\u0131ralamadaki bu y\u00fckseli\u015fini 2023 y\u0131l\u0131 i\u00e7in belirledi\u011fi 61 GW\u2019l\u0131k yenilenebilir enerji kapasite hedefi sa\u011flad\u0131.<\/p>\n<p>T\u00fcrkiye\u2019nin 61 GW\u2019l\u0131k yenilenebilir enerji kapasitesinin yar\u0131s\u0131na yak\u0131n k\u0131sm\u0131n\u0131 hidro-elektrik d\u0131\u015f\u0131 kaynaklardan sa\u011flama hedefi,daha uzun vadeli bir \u00f6ng\u00f6r\u00fclebilirlik sa\u011flad\u0131. Raporda May\u0131s ay\u0131nda 3GW\u2019l\u0131kr\u00fczgar enerjisi kapasitesi i\u00e7in 42GW\u2019tan fazla projenin \u00f6nlisans i\u00e7in ba\u015fvuruda bulunmas\u0131na da dikkat \u00e7ekildi.<\/p>","protected":false},"excerpt":{"rendered":"<p>Sorry, this entry is only available in Turkish. For the sake of viewer convenience, the content is shown below in the alternative language. You may click the link to switch the active language.T\u00fcrkiye, \u00fclkelerin yenilenebilir enerji alan\u0131ndaki yat\u0131r\u0131m yap\u0131labilirli\u011fini g\u00f6steren Ernst &amp; Young Yenilenebilir Enerji \u00dclke \u00c7ekicili\u011fi Endeksi`nde bir basamak y\u00fckselerek 17`incili\u011fe oturdu. Uluslararas\u0131 denetim [&hellip;]<\/p>\n","protected":false},"author":1,"featured_media":42988,"comment_status":"open","ping_status":"open","sticky":false,"template":"","format":"standard","meta":[],"categories":[53,49],"tags":[68,63,67,1009,2698,165,11426,2326,227,13,2569,431,14611,69,16,430,846,4198,105],"views":894,"_links":{"self":[{"href":"https:\/\/www.enerjigazetesi.ist\/en\/wp-json\/wp\/v2\/posts\/42987"}],"collection":[{"href":"https:\/\/www.enerjigazetesi.ist\/en\/wp-json\/wp\/v2\/posts"}],"about":[{"href":"https:\/\/www.enerjigazetesi.ist\/en\/wp-json\/wp\/v2\/types\/post"}],"author":[{"embeddable":true,"href":"https:\/\/www.enerjigazetesi.ist\/en\/wp-json\/wp\/v2\/users\/1"}],"replies":[{"embeddable":true,"href":"https:\/\/www.enerjigazetesi.ist\/en\/wp-json\/wp\/v2\/comments?post=42987"}],"version-history":[{"count":1,"href":"https:\/\/www.enerjigazetesi.ist\/en\/wp-json\/wp\/v2\/posts\/42987\/revisions"}],"predecessor-version":[{"id":42989,"href":"https:\/\/www.enerjigazetesi.ist\/en\/wp-json\/wp\/v2\/posts\/42987\/revisions\/42989"}],"wp:featuredmedia":[{"embeddable":true,"href":"https:\/\/www.enerjigazetesi.ist\/en\/wp-json\/wp\/v2\/media\/42988"}],"wp:attachment":[{"href":"https:\/\/www.enerjigazetesi.ist\/en\/wp-json\/wp\/v2\/media?parent=42987"}],"wp:term":[{"taxonomy":"category","embeddable":true,"href":"https:\/\/www.enerjigazetesi.ist\/en\/wp-json\/wp\/v2\/categories?post=42987"},{"taxonomy":"post_tag","embeddable":true,"href":"https:\/\/www.enerjigazetesi.ist\/en\/wp-json\/wp\/v2\/tags?post=42987"}],"curies":[{"name":"wp","href":"https:\/\/api.w.org\/{rel}","templated":true}]}}