{"id":42975,"date":"2015-08-16T18:35:50","date_gmt":"2015-08-16T15:35:50","guid":{"rendered":"https:\/\/www.enerjigazetesi.ist\/?p=42975"},"modified":"2015-08-16T18:35:50","modified_gmt":"2015-08-16T15:35:50","slug":"elektrik-sektoru-yatirim-cazibesini-kaybetmektedir","status":"publish","type":"post","link":"https:\/\/www.enerjigazetesi.ist\/en\/elektrik-sektoru-yatirim-cazibesini-kaybetmektedir\/","title":{"rendered":"(Turkish) \u201cElektrik Sekt\u00f6r\u00fc Yat\u0131r\u0131m Cazibesini Kaybetmektedir!\u201d"},"content":{"rendered":"<p class=\"qtranxs-available-languages-message qtranxs-available-languages-message-en\">Sorry, this entry is only available in <a href=\"https:\/\/www.enerjigazetesi.ist\/tr\/wp-json\/wp\/v2\/posts\/42975\" class=\"qtranxs-available-language-link qtranxs-available-language-link-tr\" title=\"Turkish\">Turkish<\/a>. For the sake of viewer convenience, the content is shown below in the alternative language. You may click the link to switch the active language.<\/p><p><\/p>\n<p style=\"color: #666666;\"><strong>Sabanc\u0131 Holding CEO`su Zafer Kurtul, rekabet\u00e7i bir elektrik piyasas\u0131 olu\u015fturulamad\u0131\u011f\u0131n\u0131 s\u00f6yledi. Kurtul, \u201cElektrik sekt\u00f6r\u00fc \u00f6zel sekt\u00f6r a\u00e7\u0131s\u0131ndan yat\u0131r\u0131m cazibesini kaybetmektedir\u201d dedi.<img loading=\"lazy\" class=\"alignright  wp-image-42976\" src=\"https:\/\/www.enerjigazetesi.ist\/wp-content\/uploads\/2015\/08\/elektrik-sektoru-yatirim-cazibesini-kaybetmektedir-300x110.jpg\" alt=\"elektrik-sektoru-yatirim-cazibesini-kaybetmektedir\" width=\"300\" height=\"202\" \/><\/strong><\/p>\n<p style=\"color: #666666;\"><span style=\"font-weight: bold; color: #222222;\">Elektrik sekt\u00f6r\u00fcnde<\/span>\u00a0serbest piyasa ko\u015fullar\u0131n\u0131n tam olarak yerle\u015ftirilemedi\u011fine y\u00f6nelik ipu\u00e7lar\u0131 olu\u015fuyor.<\/p>\n<p style=\"color: #666666;\">Sabanc\u0131 Holding, 2015 y\u0131l\u0131n\u0131n ilk alt\u0131 ay\u0131na ili\u015fkin konsolide mali verilerini a\u00e7\u0131klad\u0131. Buna g\u00f6re Sabanc\u0131 Holding\u2019in y\u0131l\u0131n il yar\u0131s\u0131ndaki konsolide net sat\u0131\u015f tutar\u0131 14 milyar 142 milyon liraya ula\u015ft\u0131. \u015eirket`in konsolide net k\u00e2r\u0131 ise ge\u00e7en y\u0131l\u0131n ayn\u0131 d\u00f6nemine g\u00f6re y\u00fczde 24 artarak 1 milyar218 milyon TL oldu.<\/p>\n<p style=\"color: #666666;\">Sabanc\u0131 Holding\u2019in toplam varl\u0131klar\u0131 30 Haziran 2015 itibariyle 250 milyar TL\u2019ye yakla\u015f\u0131rken, toplam konsolide \u00f6zkaynaklar ise 20 milyar TL\u2018yi a\u015ft\u0131.<\/p>\n<p style=\"color: #666666;\">Haberin devam\u0131 i\u00e7in\u00a0<span style=\"color: #99cc00;\"><a style=\"color: #fc8d8d;\" href=\"http:\/\/enerjigunlugu.net\/sabanci-elektrikte-rekabet-olusamiyor_14845.html#.Vc8ikLX-m1s\" target=\"_blank\"><span style=\"color: #99cc00;\">t\u0131klay\u0131n&gt;&gt;&gt;<\/span><\/a><\/span><\/p>\n<p style=\"color: #666666;\">Kaynak: Enerji G\u00fcnl\u00fc\u011f\u00fc<\/p>\n<p><\/p>","protected":false},"excerpt":{"rendered":"<p>Sorry, this entry is only available in Turkish. For the sake of viewer convenience, the content is shown below in the alternative language. You may click the link to switch the active language. Sabanc\u0131 Holding CEO`su Zafer Kurtul, rekabet\u00e7i bir elektrik piyasas\u0131 olu\u015fturulamad\u0131\u011f\u0131n\u0131 s\u00f6yledi. Kurtul, \u201cElektrik sekt\u00f6r\u00fc \u00f6zel sekt\u00f6r a\u00e7\u0131s\u0131ndan yat\u0131r\u0131m cazibesini kaybetmektedir\u201d dedi. Elektrik [&hellip;]<\/p>\n","protected":false},"author":1,"featured_media":42976,"comment_status":"open","ping_status":"open","sticky":false,"template":"","format":"standard","meta":[],"categories":[51,53],"tags":[68,61,19638,1451,2873,63,67,1009,2698,165,1013],"views":839,"_links":{"self":[{"href":"https:\/\/www.enerjigazetesi.ist\/en\/wp-json\/wp\/v2\/posts\/42975"}],"collection":[{"href":"https:\/\/www.enerjigazetesi.ist\/en\/wp-json\/wp\/v2\/posts"}],"about":[{"href":"https:\/\/www.enerjigazetesi.ist\/en\/wp-json\/wp\/v2\/types\/post"}],"author":[{"embeddable":true,"href":"https:\/\/www.enerjigazetesi.ist\/en\/wp-json\/wp\/v2\/users\/1"}],"replies":[{"embeddable":true,"href":"https:\/\/www.enerjigazetesi.ist\/en\/wp-json\/wp\/v2\/comments?post=42975"}],"version-history":[{"count":1,"href":"https:\/\/www.enerjigazetesi.ist\/en\/wp-json\/wp\/v2\/posts\/42975\/revisions"}],"predecessor-version":[{"id":42977,"href":"https:\/\/www.enerjigazetesi.ist\/en\/wp-json\/wp\/v2\/posts\/42975\/revisions\/42977"}],"wp:featuredmedia":[{"embeddable":true,"href":"https:\/\/www.enerjigazetesi.ist\/en\/wp-json\/wp\/v2\/media\/42976"}],"wp:attachment":[{"href":"https:\/\/www.enerjigazetesi.ist\/en\/wp-json\/wp\/v2\/media?parent=42975"}],"wp:term":[{"taxonomy":"category","embeddable":true,"href":"https:\/\/www.enerjigazetesi.ist\/en\/wp-json\/wp\/v2\/categories?post=42975"},{"taxonomy":"post_tag","embeddable":true,"href":"https:\/\/www.enerjigazetesi.ist\/en\/wp-json\/wp\/v2\/tags?post=42975"}],"curies":[{"name":"wp","href":"https:\/\/api.w.org\/{rel}","templated":true}]}}