{"id":42901,"date":"2015-08-14T16:21:31","date_gmt":"2015-08-14T13:21:31","guid":{"rendered":"https:\/\/www.enerjigazetesi.ist\/?p=42901"},"modified":"2015-08-14T16:22:34","modified_gmt":"2015-08-14T13:22:34","slug":"isvicre-irana-yonelik-yaptirimlari-kaldirdi","status":"publish","type":"post","link":"https:\/\/www.enerjigazetesi.ist\/en\/isvicre-irana-yonelik-yaptirimlari-kaldirdi\/","title":{"rendered":"(Turkish) \u0130svi\u00e7re, \u0130ran\u2019a Y\u00f6nelik Yapt\u0131r\u0131mlar\u0131 Kald\u0131rd\u0131!"},"content":{"rendered":"<p class=\"qtranxs-available-languages-message qtranxs-available-languages-message-en\">Sorry, this entry is only available in <a href=\"https:\/\/www.enerjigazetesi.ist\/tr\/wp-json\/wp\/v2\/posts\/42901\" class=\"qtranxs-available-language-link qtranxs-available-language-link-tr\" title=\"Turkish\">Turkish<\/a>. For the sake of viewer convenience, the content is shown below in the alternative language. You may click the link to switch the active language.<\/p><p><\/p>\n<p style=\"color: #222222;\"><strong>\u0130svi\u00e7re Federal Konseyi\u2019nden yap\u0131lan a\u00e7\u0131klamaya g\u00f6re, \u0130ran ile 12 y\u0131ld\u0131r devam eden n\u00fckleer krizin sona ermesi sebebiyle ge\u00e7en y\u0131l ocak ay\u0131ndan bu yana ask\u0131da tutulan \u0130ran\u2019a y\u00f6nelik yapt\u0131r\u0131mlar\u0131n kald\u0131r\u0131ld\u0131\u011f\u0131 bildirildi.<\/strong><span id=\"more-73111\"><\/span><\/p>\n<p style=\"color: #222222;\">Konseyin, ge\u00e7en ay \u0130ran ile imzalanan n\u00fckleer anla\u015fman\u0131n uygulanmas\u0131na y\u00f6nelik destek vermek ve bu \u00fclke ile ikili ili\u015fkilerin geli\u015ftirilmesine katk\u0131 sa<a href=\"https:\/\/www.enerjigazetesi.ist\/wp-content\/uploads\/2015\/08\/isvicre-irana-yonelik-yaptirimlari-kaldirdi.jpg\"><img loading=\"lazy\" class=\"alignleft size-medium wp-image-42904\" src=\"https:\/\/www.enerjigazetesi.ist\/wp-content\/uploads\/2015\/08\/isvicre-irana-yonelik-yaptirimlari-kaldirdi-300x165.jpg\" alt=\"isvicre-irana-yonelik-yaptirimlari-kaldirdi\" width=\"300\" height=\"165\" srcset=\"https:\/\/www.enerjigazetesi.ist\/wp-content\/uploads\/2015\/08\/isvicre-irana-yonelik-yaptirimlari-kaldirdi-300x165.jpg 300w, https:\/\/www.enerjigazetesi.ist\/wp-content\/uploads\/2015\/08\/isvicre-irana-yonelik-yaptirimlari-kaldirdi-500x276.jpg 500w, https:\/\/www.enerjigazetesi.ist\/wp-content\/uploads\/2015\/08\/isvicre-irana-yonelik-yaptirimlari-kaldirdi-80x44.jpg 80w, https:\/\/www.enerjigazetesi.ist\/wp-content\/uploads\/2015\/08\/isvicre-irana-yonelik-yaptirimlari-kaldirdi.jpg 696w\" sizes=\"(max-width: 300px) 100vw, 300px\" \/><\/a>\u011flamak amac\u0131yla bu karar\u0131 ald\u0131\u011f\u0131 ifade edildi.<\/p>\n<p style=\"color: #222222;\">Al\u0131nan kararla \u0130svi\u00e7re, \u0130ran ile k\u0131ymetli metal-maden ticareti, petrokimya \u00fcr\u00fcnleri, ham petrol, petrol nakliye i\u015flemleri ile sigorta i\u015flemleri \u00fczerindeki yapt\u0131r\u0131mlar\u0131n\u0131 kald\u0131rm\u0131\u015f oldu.<\/p>\n<p style=\"color: #222222;\">A\u00e7\u0131klamada, 20 Temmuz\u2019da BM G\u00fcvenlik Konseyi\u2019nin \u0130ran ile var\u0131lan mutabakatla ilgili karar\u0131n\u0131n uygulanmaya ba\u015flanmas\u0131yla ve \u0130ran\u2019\u0131n da y\u00fck\u00fcml\u00fcl\u00fcklerini yerine getirmesi ko\u015fuluyla, bu \u00fclkeye y\u00f6nelik uluslararas\u0131 yapt\u0131r\u0131mlar\u0131n neredeyse tamam\u0131n\u0131n derhal kald\u0131r\u0131laca\u011f\u0131 belirtildi.<\/p>\n<p style=\"color: #222222;\">\u0130ran ile BM G\u00fcvenlik Konseyi\u2019nin 5 daimi \u00fcyesi ve Almanya (P5+1 \u00fclkeleri) aras\u0131nda Viyana\u2019da yap\u0131lan n\u00fckleer m\u00fczakereler sonras\u0131nda 14 Temmuz\u2019da anla\u015fmaya var\u0131lm\u0131\u015ft\u0131.<\/p>\n<p style=\"color: #222222;\">Kaynak: Enerji Enstit\u00fcs\u00fc<\/p>\n<p><\/p>","protected":false},"excerpt":{"rendered":"<p>Sorry, this entry is only available in Turkish. For the sake of viewer convenience, the content is shown below in the alternative language. You may click the link to switch the active language. \u0130svi\u00e7re Federal Konseyi\u2019nden yap\u0131lan a\u00e7\u0131klamaya g\u00f6re, \u0130ran ile 12 y\u0131ld\u0131r devam eden n\u00fckleer krizin sona ermesi sebebiyle ge\u00e7en y\u0131l ocak ay\u0131ndan bu [&hellip;]<\/p>\n","protected":false},"author":1,"featured_media":42904,"comment_status":"open","ping_status":"open","sticky":false,"template":"","format":"standard","meta":[],"categories":[53,43],"tags":[2987,63,67,1009,2698,165,1538,1333,23539,7266,71,21,3848,10166,12223,11822,24922],"views":947,"_links":{"self":[{"href":"https:\/\/www.enerjigazetesi.ist\/en\/wp-json\/wp\/v2\/posts\/42901"}],"collection":[{"href":"https:\/\/www.enerjigazetesi.ist\/en\/wp-json\/wp\/v2\/posts"}],"about":[{"href":"https:\/\/www.enerjigazetesi.ist\/en\/wp-json\/wp\/v2\/types\/post"}],"author":[{"embeddable":true,"href":"https:\/\/www.enerjigazetesi.ist\/en\/wp-json\/wp\/v2\/users\/1"}],"replies":[{"embeddable":true,"href":"https:\/\/www.enerjigazetesi.ist\/en\/wp-json\/wp\/v2\/comments?post=42901"}],"version-history":[{"count":2,"href":"https:\/\/www.enerjigazetesi.ist\/en\/wp-json\/wp\/v2\/posts\/42901\/revisions"}],"predecessor-version":[{"id":42905,"href":"https:\/\/www.enerjigazetesi.ist\/en\/wp-json\/wp\/v2\/posts\/42901\/revisions\/42905"}],"wp:featuredmedia":[{"embeddable":true,"href":"https:\/\/www.enerjigazetesi.ist\/en\/wp-json\/wp\/v2\/media\/42904"}],"wp:attachment":[{"href":"https:\/\/www.enerjigazetesi.ist\/en\/wp-json\/wp\/v2\/media?parent=42901"}],"wp:term":[{"taxonomy":"category","embeddable":true,"href":"https:\/\/www.enerjigazetesi.ist\/en\/wp-json\/wp\/v2\/categories?post=42901"},{"taxonomy":"post_tag","embeddable":true,"href":"https:\/\/www.enerjigazetesi.ist\/en\/wp-json\/wp\/v2\/tags?post=42901"}],"curies":[{"name":"wp","href":"https:\/\/api.w.org\/{rel}","templated":true}]}}