{"id":42883,"date":"2015-08-14T15:51:32","date_gmt":"2015-08-14T12:51:32","guid":{"rendered":"https:\/\/www.enerjigazetesi.ist\/?p=42883"},"modified":"2015-08-14T15:51:46","modified_gmt":"2015-08-14T12:51:46","slug":"5-2-milyarlik-elektrik-vergisi-geliyor","status":"publish","type":"post","link":"https:\/\/www.enerjigazetesi.ist\/en\/5-2-milyarlik-elektrik-vergisi-geliyor\/","title":{"rendered":"(Turkish) 5.2 Milyarl\u0131k Elektrik Vergisi Geliyor&#8230;"},"content":{"rendered":"<p class=\"qtranxs-available-languages-message qtranxs-available-languages-message-en\">Sorry, this entry is only available in <a href=\"https:\/\/www.enerjigazetesi.ist\/tr\/wp-json\/wp\/v2\/posts\/42883\" class=\"qtranxs-available-language-link qtranxs-available-language-link-tr\" title=\"Turkish\">Turkish<\/a>. For the sake of viewer convenience, the content is shown below in the alternative language. You may click the link to switch the active language.<\/p><p><\/p>\n<p style=\"color: #222222;\"><strong>Enerji Bakanl\u0131\u011f\u0131\u2019n\u0131n haz\u0131rlad\u0131\u011f\u0131 Ulusal Enerji Verimlili\u011fi Strateji Plan\u0131 Tasla\u011f\u0131, elektrik ve iklim de\u011fi\u015fikli\u011fi vergileri konulmas\u0131n\u0131 hedefliyor. Taslaktaki hesaplamaya g\u00f6re iki vergiyle sadece 2017\u2019de 5.2 milyar lira toplanacak. Sanayi ve ticari aboneler bunun 4.8 milyar\u0131n\u0131 \u00fcstlenecek.<\/strong><span id=\"more-73103\"><\/span><\/p>\n<p style=\"color: #222222;\">Enerji Bakanl\u0131\u011f\u0131 Yenilenebilir Enerji Genel M\u00fcd\u00fcrl\u00fc\u011f\u00fc taraf\u0131ndan haz\u0131rlanarak g\u00f6r\u00fc\u015fe a\u00e7\u0131lan Ulusal Enerji Verimlili\u011fi Strateji Plan\u0131 Tasla\u011f\u0131 oldu\u011fu gibi hayata ge\u00e7erse, hayat\u0131m\u0131za iki yeni vergi girecek. \u0130lki b\u00fct\u00fcn elektrik t\u00fcketicilerinden al\u0131nacak olan elektrik vergisi olacak. \u0130ki<a href=\"https:\/\/www.enerjigazetesi.ist\/wp-content\/uploads\/2015\/08\/5-2-milyarlik-elektrik-vergisi-geliyor.jpg\"><img loading=\"lazy\" class=\"alignleft size-medium wp-image-42884\" src=\"https:\/\/www.enerjigazetesi.ist\/wp-content\/uploads\/2015\/08\/5-2-milyarlik-elektrik-vergisi-geliyor-300x165.jpg\" alt=\"5-2-milyarlik-elektrik-vergisi-geliyor\" width=\"300\" height=\"165\" srcset=\"https:\/\/www.enerjigazetesi.ist\/wp-content\/uploads\/2015\/08\/5-2-milyarlik-elektrik-vergisi-geliyor-300x165.jpg 300w, https:\/\/www.enerjigazetesi.ist\/wp-content\/uploads\/2015\/08\/5-2-milyarlik-elektrik-vergisi-geliyor-500x276.jpg 500w, https:\/\/www.enerjigazetesi.ist\/wp-content\/uploads\/2015\/08\/5-2-milyarlik-elektrik-vergisi-geliyor-80x44.jpg 80w, https:\/\/www.enerjigazetesi.ist\/wp-content\/uploads\/2015\/08\/5-2-milyarlik-elektrik-vergisi-geliyor.jpg 696w\" sizes=\"(max-width: 300px) 100vw, 300px\" \/><\/a>nci olarak sanayi ve ticaret abonolerine hem elektrik hem de do\u011falgaz t\u00fcketiminden al\u0131nacak olan iklim de\u011fi\u015fikli\u011fi vergisi konulacak. Taslakta yer alan Amerikan Dolar\u0131 bazl\u0131 projeksiyonlara g\u00f6re iki vergiden sadece 2017 y\u0131l\u0131nda 1.8 milyar dolar gelir elde edilecek. Mevcut kurla bak\u0131l\u0131\u011f\u0131nda verimlilik i\u00e7in sadece bir y\u0131lda 5.2 milyar lira vergi \u00f6denecek.<\/p>\n<p style=\"color: #222222;\">Dolar baz\u0131nda yap\u0131lan hesaplamaya g\u00f6re elektrik vergisi, konut abonelerinden megavatt (MW) ba\u015f\u0131na 3 dolar olarak tahsil edilecek. Ticari ve sanayi abonelerinden ise 1.5 dolar al\u0131nacak. T\u00fcrkiye\u2019de konut abonelerinin y\u0131ll\u0131k ortalama elektrik t\u00fcketimi 1.5 MW seviyesinde bulunuyor. Elektrik abonesi olan 29.4 milyon konut buludu\u011fu dikkate al\u0131nd\u0131\u011f\u0131nda elektrik vergisinin konutlara getirece\u011fi ek y\u00fck 134.9 milyon dolar, yani 381.3 milyon lira olacak. Sanayi ve ticaret aboneleri iki vergiyle gelecek 5.2 milyar liral\u0131k y\u00fck\u00fcn kalan 4.8 milyar liras\u0131n\u0131 \u00fcstlenecek.<\/p>\n<p style=\"color: #222222;\"><strong>FONDAN TE\u015eV\u0130KE AKTARILACAK<\/strong><br \/>\nTasla\u011fa g\u00f6re elektrik vergisi ve iklim de\u011fi\u015fikli\u011fi vergisi gelirleri kurulacak Ulusal Enerji Verimlili\u011fi Fonu\u2019na aktar\u0131lacak. Fonda birikecek kaynak y\u00fcr\u00fcrl\u00fc\u011fe konulacak enerji verimlili\u011fi programlar\u0131 i\u00e7in te\u015fvik kayna\u011f\u0131 olarak kullan\u0131lacak.<br \/>\nKurulacak fonun hangi programlar\u0131 destekleyece\u011fi taslakta net olarak belirtilmedi. Ancak taslakta yer alan programlardan biri enerji verimlili\u011fi yat\u0131r\u0131m\u0131 yapacak \u0130SO 50001-2011 Kalite Belgesi sahibi b\u00fcy\u00fck sanayi veya ticari elektrik t\u00fcketicilerinin yat\u0131r\u0131m s\u0131ras\u0131nda elektrik t\u00fcketim bedellerinin y\u00fczde 20\u2019sinin Enereji Bakanl\u0131\u011f\u0131 taraf\u0131ndan \u00fcstlenilmesini \u00f6ng\u00f6r\u00fcyor.<\/p>\n<p style=\"color: #222222;\"><strong>\u201cVERG\u0130, KARBON EM\u0130SYONU AZALMASI \u0130\u00c7\u0130N TE\u015eV\u0130K SA\u011eLAR\u201d<\/strong><br \/>\nTasla\u011f\u0131n elektrik vergisiyle ilgili b\u00f6l\u00fcm\u00fcnde kurulacak fona kaynak sa\u011flaman\u0131n yan\u0131 s\u0131ra zam yoluyla t\u00fcketimin olumsuz etkilenece\u011fi ve azalaca\u011f\u0131 savunuldu. Verginin t\u00fcketim \u00fczerindeki etkisi \u015f\u00f6yle anlat\u0131ld\u0131: \u201cEnerji fiyat\u0131na yap\u0131lacak bir zam, enerji t\u00fcketiminin geli\u015fmesi \u00fczerinde olumsuz bir etkiye sahiptir. Enerji fiyat\u0131nda yap\u0131lacak birimlik art\u0131\u015f, enerji t\u00fcketimi \u00fczerinde y\u00fczde 0.729 oran\u0131nda azalt\u0131c\u0131 etkiye sahiptir.\u201d \u0130klim de\u011fi\u015fikli\u011fi vergisinin gerek\u00e7esi ise \u015f\u00f6yle dile getirildi: \u201c\u00dclke genelinde evsel olmayan kullan\u0131c\u0131lara sunulan, enerji \u00fczerinden al\u0131nan bir vergidir. Amac\u0131 enerji veriminin art\u0131r\u0131lmas\u0131 ve karbon emisyonlar\u0131n\u0131n azalt\u0131lmas\u0131 i\u00e7in bir te\u015fvik sa\u011flamas\u0131d\u0131r.\u201d \u0130klim de\u011fi\u015fikli\u011fi vergisi elektrikte megavat saat ba\u015f\u0131na 8 dolar, do\u011falgazda ise 3 dolar olarak \u00f6ng\u00f6r\u00fcl\u00fcyor.<\/p>\n<p style=\"color: #222222;\">Haberin Devam\u0131 i\u00e7in\u00a0<a style=\"color: #1e73be;\" href=\"http:\/\/www.haberturk.com\/ekonomi\/enerji\/haber\/1115595-52-milyarlik-elektrik-vergisi-geliyor\" target=\"_blank\" rel=\"nofollow\">t\u0131klay\u0131n\u0131z&gt;&gt;&gt;<\/a><\/p>\n<p style=\"color: #222222;\">Kaynak: Habert\u00fcrk<\/p>\n<p><\/p>","protected":false},"excerpt":{"rendered":"<p>Sorry, this entry is only available in Turkish. For the sake of viewer convenience, the content is shown below in the alternative language. You may click the link to switch the active language. Enerji Bakanl\u0131\u011f\u0131\u2019n\u0131n haz\u0131rlad\u0131\u011f\u0131 Ulusal Enerji Verimlili\u011fi Strateji Plan\u0131 Tasla\u011f\u0131, elektrik ve iklim de\u011fi\u015fikli\u011fi vergileri konulmas\u0131n\u0131 hedefliyor. Taslaktaki hesaplamaya g\u00f6re iki vergiyle sadece [&hellip;]<\/p>\n","protected":false},"author":1,"featured_media":42884,"comment_status":"open","ping_status":"open","sticky":false,"template":"","format":"standard","meta":[],"categories":[51,53],"tags":[24908,11509,63,963,24909,67,1009,2698,165,3344,24910,2168],"views":764,"_links":{"self":[{"href":"https:\/\/www.enerjigazetesi.ist\/en\/wp-json\/wp\/v2\/posts\/42883"}],"collection":[{"href":"https:\/\/www.enerjigazetesi.ist\/en\/wp-json\/wp\/v2\/posts"}],"about":[{"href":"https:\/\/www.enerjigazetesi.ist\/en\/wp-json\/wp\/v2\/types\/post"}],"author":[{"embeddable":true,"href":"https:\/\/www.enerjigazetesi.ist\/en\/wp-json\/wp\/v2\/users\/1"}],"replies":[{"embeddable":true,"href":"https:\/\/www.enerjigazetesi.ist\/en\/wp-json\/wp\/v2\/comments?post=42883"}],"version-history":[{"count":2,"href":"https:\/\/www.enerjigazetesi.ist\/en\/wp-json\/wp\/v2\/posts\/42883\/revisions"}],"predecessor-version":[{"id":42886,"href":"https:\/\/www.enerjigazetesi.ist\/en\/wp-json\/wp\/v2\/posts\/42883\/revisions\/42886"}],"wp:featuredmedia":[{"embeddable":true,"href":"https:\/\/www.enerjigazetesi.ist\/en\/wp-json\/wp\/v2\/media\/42884"}],"wp:attachment":[{"href":"https:\/\/www.enerjigazetesi.ist\/en\/wp-json\/wp\/v2\/media?parent=42883"}],"wp:term":[{"taxonomy":"category","embeddable":true,"href":"https:\/\/www.enerjigazetesi.ist\/en\/wp-json\/wp\/v2\/categories?post=42883"},{"taxonomy":"post_tag","embeddable":true,"href":"https:\/\/www.enerjigazetesi.ist\/en\/wp-json\/wp\/v2\/tags?post=42883"}],"curies":[{"name":"wp","href":"https:\/\/api.w.org\/{rel}","templated":true}]}}