{"id":42851,"date":"2015-08-13T13:38:42","date_gmt":"2015-08-13T10:38:42","guid":{"rendered":"https:\/\/www.enerjigazetesi.ist\/?p=42851"},"modified":"2015-08-13T14:10:25","modified_gmt":"2015-08-13T11:10:25","slug":"hollanda-iklim-degisikligiyle-savasiyor-asfalt-gidiyor-plastik-yollar-geliyor","status":"publish","type":"post","link":"https:\/\/www.enerjigazetesi.ist\/en\/hollanda-iklim-degisikligiyle-savasiyor-asfalt-gidiyor-plastik-yollar-geliyor\/","title":{"rendered":"(Turkish) \u0130klim De\u011fi\u015fikli\u011fi \u0130le Sava\u015f: Asfalt Gidiyor, Plastik Yollar Geliyor&#8230;"},"content":{"rendered":"<p class=\"qtranxs-available-languages-message qtranxs-available-languages-message-en\">Sorry, this entry is only available in <a href=\"https:\/\/www.enerjigazetesi.ist\/tr\/wp-json\/wp\/v2\/posts\/42851\" class=\"qtranxs-available-language-link qtranxs-available-language-link-tr\" title=\"Turkish\">Turkish<\/a>. For the sake of viewer convenience, the content is shown below in the alternative language. You may click the link to switch the active language.<\/p><p><strong><span style=\"color: #000000;\">D\u00fcnyan\u0131n ilk g\u00fcne\u015f enerjili yoluna ev sahipli\u011fi yapan Hollanda, kald\u0131r\u0131mlarda asfalt yerine geri d\u00f6n\u00fc\u015ft\u00fcr\u00fclm\u00fc\u015f plastik kullanarak bu alanda da bir ilk olmaya haz\u0131rlan\u0131yor.<\/span><\/strong><\/p>\n<p>\u015eirketin a\u00e7\u0131klamalar\u0131na g\u00f6re herhangi bir \u00e7e\u015fit geri d\u00f6n\u00fc\u015ft\u00fcr\u00fclm\u00fc\u015f plastik bu projede kullan\u0131labilir. Ana ama\u00e7 ise okyanuslar\u0131n plastiklerden temizlenmesi.<\/p>\n<p>\u015eirketin a\u00e7\u0131klamalar\u0131na g<img loading=\"lazy\" class=\"alignleft  wp-image-42852\" src=\"https:\/\/www.enerjigazetesi.ist\/wp-content\/uploads\/2015\/08\/VolkerWessels-1-310x165-300x159.jpg\" alt=\"VolkerWessels-1-310x165\" width=\"300\" height=\"152\" \/>\u00f6re herhangi bir \u00e7e\u015fit geri d\u00f6n\u00fc\u015ft\u00fcr\u00fclm\u00fc\u015f plastik bu projede kullan\u0131labilir. Ana ama\u00e7 ise okyanuslar\u0131n plastiklerden temizlenmesi.<\/p>\n<p>\u00dclkenin \u00e7e\u015fitli\u011fi yerlerinde ya\u015fanan asfalt kaynakl\u0131 problemlerden sonra projeyi ba\u015flatan firma, proje ile karbon sal\u0131m\u0131n\u0131 da d\u00fc\u015f\u00fcrmeyi hedefliyor. Asfalt\u0131n y\u0131ll\u0131k karbon ayak izinin 1.6 milyon tona denk geldi\u011fini belirten yetkililer, geri d\u00f6n\u00fc\u015ft\u00fcr\u00fclebilir yollar ile iklim de\u011fi\u015fikli\u011finin olumsuz etkilerine kar\u015f\u0131 hareket etmeyi planl\u0131yor.<a href=\"https:\/\/www.enerjigazetesi.ist\/wp-content\/uploads\/2015\/08\/VolkerWessels-3.jpg\"><img loading=\"lazy\" class=\"alignright  wp-image-42853\" src=\"https:\/\/www.enerjigazetesi.ist\/wp-content\/uploads\/2015\/08\/VolkerWessels-3-300x250.jpg\" alt=\"VolkerWessels-3\" width=\"261\" height=\"217\" srcset=\"https:\/\/www.enerjigazetesi.ist\/wp-content\/uploads\/2015\/08\/VolkerWessels-3-300x250.jpg 300w, https:\/\/www.enerjigazetesi.ist\/wp-content\/uploads\/2015\/08\/VolkerWessels-3-480x400.jpg 480w, https:\/\/www.enerjigazetesi.ist\/wp-content\/uploads\/2015\/08\/VolkerWessels-3-60x50.jpg 60w, https:\/\/www.enerjigazetesi.ist\/wp-content\/uploads\/2015\/08\/VolkerWessels-3.jpg 900w\" sizes=\"(max-width: 261px) 100vw, 261px\" \/><\/a><\/p>\n<p>Hollanda\u2019da bu konuda herhangi bir test yap\u0131lmamas\u0131na ra\u011fmen Rotterdam \u015fehri m\u00fchendislik birimi temsilcisi Jaap Peters, The Guardian\u2019a verdi\u011fi deme\u00e7te, bu tarz projeleri desteklediklerini belirtti. Peters yapt\u0131\u011f\u0131 a\u00e7\u0131klamada,\u00a0\u201cRotterdam \u015fehri yenilik\u00e7i ve deneysel projelere olduk\u00e7a a\u00e7\u0131k. \u015eehirde pek \u00e7ok alanda bu tarz projelerin test edilmesi i\u00e7in \u2018sokak laboratuvarlar\u0131\u2019 da mevcut\u201d\u00a0dedi.<\/p>\n<p>Hollanda yenilenebilir enerji ve geri d\u00f6n\u00fc\u015f\u00fcm konusunda yap\u0131lan projelere ilk defa ev sahipli\u011fi yapm\u0131yor. Ge\u00e7ti\u011fimiz sene geli\u015ftirilen\u00a0g\u00fcne\u015f enerjili bisiklet yolu projesine de ev sahipli\u011fi yapan \u00fclke, teknoloji ve iklim konusunda t\u00fcm d\u00fcnyaya \u00f6rnek olmaya devam ediyor.<\/p>\n<p><span style=\"color: #000000;\"><strong>Kaynak:<\/strong><\/span><span style=\"color: #008000;\">\u00a0<span style=\"color: #000000;\">Think Progress<\/span><\/span><\/p>","protected":false},"excerpt":{"rendered":"<p>Sorry, this entry is only available in Turkish. For the sake of viewer convenience, the content is shown below in the alternative language. You may click the link to switch the active language.D\u00fcnyan\u0131n ilk g\u00fcne\u015f enerjili yoluna ev sahipli\u011fi yapan Hollanda, kald\u0131r\u0131mlarda asfalt yerine geri d\u00f6n\u00fc\u015ft\u00fcr\u00fclm\u00fc\u015f plastik kullanarak bu alanda da bir ilk olmaya haz\u0131rlan\u0131yor. [&hellip;]<\/p>\n","protected":false},"author":1,"featured_media":42852,"comment_status":"open","ping_status":"open","sticky":false,"template":"","format":"standard","meta":[],"categories":[53],"tags":[24893,24894,63,2529,24884,1287,1999,5902,10846,24897,24895,24896],"views":1529,"_links":{"self":[{"href":"https:\/\/www.enerjigazetesi.ist\/en\/wp-json\/wp\/v2\/posts\/42851"}],"collection":[{"href":"https:\/\/www.enerjigazetesi.ist\/en\/wp-json\/wp\/v2\/posts"}],"about":[{"href":"https:\/\/www.enerjigazetesi.ist\/en\/wp-json\/wp\/v2\/types\/post"}],"author":[{"embeddable":true,"href":"https:\/\/www.enerjigazetesi.ist\/en\/wp-json\/wp\/v2\/users\/1"}],"replies":[{"embeddable":true,"href":"https:\/\/www.enerjigazetesi.ist\/en\/wp-json\/wp\/v2\/comments?post=42851"}],"version-history":[{"count":6,"href":"https:\/\/www.enerjigazetesi.ist\/en\/wp-json\/wp\/v2\/posts\/42851\/revisions"}],"predecessor-version":[{"id":42870,"href":"https:\/\/www.enerjigazetesi.ist\/en\/wp-json\/wp\/v2\/posts\/42851\/revisions\/42870"}],"wp:featuredmedia":[{"embeddable":true,"href":"https:\/\/www.enerjigazetesi.ist\/en\/wp-json\/wp\/v2\/media\/42852"}],"wp:attachment":[{"href":"https:\/\/www.enerjigazetesi.ist\/en\/wp-json\/wp\/v2\/media?parent=42851"}],"wp:term":[{"taxonomy":"category","embeddable":true,"href":"https:\/\/www.enerjigazetesi.ist\/en\/wp-json\/wp\/v2\/categories?post=42851"},{"taxonomy":"post_tag","embeddable":true,"href":"https:\/\/www.enerjigazetesi.ist\/en\/wp-json\/wp\/v2\/tags?post=42851"}],"curies":[{"name":"wp","href":"https:\/\/api.w.org\/{rel}","templated":true}]}}