{"id":42842,"date":"2015-08-13T11:04:10","date_gmt":"2015-08-13T08:04:10","guid":{"rendered":"https:\/\/www.enerjigazetesi.ist\/?p=42842"},"modified":"2015-08-13T11:04:10","modified_gmt":"2015-08-13T08:04:10","slug":"istanbulda-elektrik-kesintisi","status":"publish","type":"post","link":"https:\/\/www.enerjigazetesi.ist\/en\/istanbulda-elektrik-kesintisi\/","title":{"rendered":"(Turkish) \u0130stanbul&#8217;da Elektrik Kesintisi&#8230;"},"content":{"rendered":"<p class=\"qtranxs-available-languages-message qtranxs-available-languages-message-en\">Sorry, this entry is only available in <a href=\"https:\/\/www.enerjigazetesi.ist\/tr\/wp-json\/wp\/v2\/posts\/42842\" class=\"qtranxs-available-language-link qtranxs-available-language-link-tr\" title=\"Turkish\">Turkish<\/a>. For the sake of viewer convenience, the content is shown below in the alternative language. You may click the link to switch the active language.<\/p><p><\/p>\n<div class=\"news-kunye\" style=\"color: #666666;\">\n<div class=\"news-spot\" style=\"font-weight: bold; color: #666666;\">\n<h2 style=\"font-weight: bold; font-style: inherit; color: #666666;\">Beykoz, Maltepe, Tuzla ve \u00dcsk\u00fcdar&#8217;\u0131n baz\u0131 mahallelerinde 15 A\u011fustos&#8217;ta elektrik kesintisi uygulanacak.<\/h2>\n<p><a href=\"https:\/\/www.enerjigazetesi.ist\/wp-content\/uploads\/2015\/08\/copyright_aabadoluajansi_2015_20150813075859.jpg\"><img loading=\"lazy\" class=\"alignleft  wp-image-42843\" src=\"https:\/\/www.enerjigazetesi.ist\/wp-content\/uploads\/2015\/08\/copyright_aabadoluajansi_2015_20150813075859-300x203.jpg\" alt=\"copyright_aabadoluajansi_2015_20150813075859\" width=\"300\" height=\"241\" \/><\/a><\/p>\n<\/div>\n<\/div>\n<div id=\"news-maincontent\" style=\"color: #666666;\">\n<p style=\"color: #666666;\">\u0130STANBUL<\/p>\n<p style=\"color: #666666;\">Beykoz, Maltepe, Tuzla ve \u00dcsk\u00fcdar&#8217;\u0131n baz\u0131 mahallelerinde 15 A\u011fustos&#8217;ta\u00a0<a class=\"modp_tagclass\" style=\"color: #003866;\" href=\"http:\/\/www.aa.com.tr\/tr\/mod\/tag\/elektrik-kesintisi\">elektrik kesintisi<\/a>\u00a0uygulanacak.<\/p>\n<p style=\"color: #666666;\">\u0130stanbul Anadolu Yakas\u0131 Elektrik Da\u011f\u0131t\u0131m A\u015e&#8217;den yap\u0131lan a\u00e7\u0131klamaya g\u00f6re, kesinti program\u0131 \u015f\u00f6yle:<\/p>\n<p style=\"color: #666666;\">Beykoz&#8217;da 09.00-16.00 saatleri aras\u0131nda\u00a0Pa\u015famand\u0131ra Mahallesi, Demir Kap\u0131, Pa\u015famand\u0131ra,\u00a0De\u011firmendere,\u00a0Kuzdere \u00c7\u0131kmaz\u0131,\u00a0Kalkanl\u0131,\u00a0Nilg\u00fcn \u00c7\u0131kmaz\u0131,\u00a0\u00a0\u00d6y\u00fcmce Manolya \u00c7\u0131kmaz\u0131,\u00a0K\u00f6yi\u00e7i,\u00a0K\u00f6y Kona\u011f\u0131 \u00c7\u0131kmaz\u0131,\u00a0Cami \u00c7\u0131kmaz\u0131 sokaklar.<\/p>\n<p style=\"color: #666666;\">Maltepe&#8217;de 09.00-14.00 aras\u0131nda\u00a0Yal\u0131 Mahallesi, \u0130skele,\u00a0\u0130stasyon,\u00a0\u00a0Ba\u011flarba\u015f\u0131 Karanfil,\u00a0\u00c7ilingir,\u00a0E\u011fri,\u00a0D\u00f6rtyol,\u00a0Manolya,\u00a0Mor Lale,\u00a0\u0130kinci \u0130lkokul,\u00a0Orta Meydan, Sak\u0131za\u011fac\u0131,\u00a0Feyzullah,\u00a0\u0130n\u00f6n\u00fc,\u00a0Bostan-, Havuzlar,\u00a0Tarla,\u00a0Krizantem,\u00a0K\u00fc\u00e7\u00fckba\u011f,\u00a0Mimar Sinan,\u00a0\u00c7i\u011fdem,\u00a0\u015e\u00fckran,\u00a0Plaj Yolu,\u00a0U\u011fur,\u00a0Kaptan,\u00a0Tecer,\u00a0Yunus Emre, Hatboyu,\u00a0Menek\u015fe ve\u00a0Ba\u011fdat sokaklar.<\/p>\n<p style=\"color: #666666;\">Tuzla&#8217;da 09.00-14.00 aras\u0131nda Postane Mahallesi, Hazine,\u00a0Ergen\u00e7,\u00a0Kemal Sunal,\u00a0Zeytin,\u00a0Cafer Bey,\u00a0Kervan,\u00a0\u0130nci,\u00a0Avnibey,\u00a0Gezi,\u00a0\u015eevketbey,\u00a0Akasya,\u00a0Yonca,\u00a0Yeni Cami,\u00a0\u00d6zg\u00fc,\u00a0Rauf Orbay,\u00a0Bur\u00e7in,\u00a0\u0130lknur,\u00a0Ara,\u00a0Alt\u0131n,\u00a0Sima ve\u00a0Cesur sokaklar.<\/p>\n<p style=\"color: #666666;\">\u00dcsk\u00fcdar&#8217;da 09.00-19.00 aras\u0131nda Sultantepe Mahallesi, Yapmabebek,\u00a0Davutpa\u015fa, \u0130cadiye Cumhuriyet,\u00a0Ye\u015filada,\u00a0Davutpa\u015fa,\u00a0Davudi,\u00a0Demira\u011f ve\u00a0Cumhuriyet sokaklar.<\/p>\n<p style=\"color: #666666;\">Kaynak: AA<\/p>\n<\/div>\n<p><\/p>","protected":false},"excerpt":{"rendered":"<p>Sorry, this entry is only available in Turkish. For the sake of viewer convenience, the content is shown below in the alternative language. You may click the link to switch the active language. Beykoz, Maltepe, Tuzla ve \u00dcsk\u00fcdar&#8217;\u0131n baz\u0131 mahallelerinde 15 A\u011fustos&#8217;ta elektrik kesintisi uygulanacak. \u0130STANBUL Beykoz, Maltepe, Tuzla ve \u00dcsk\u00fcdar&#8217;\u0131n baz\u0131 mahallelerinde 15 A\u011fustos&#8217;ta\u00a0elektrik [&hellip;]<\/p>\n","protected":false},"author":1,"featured_media":42843,"comment_status":"open","ping_status":"open","sticky":false,"template":"","format":"standard","meta":[],"categories":[51,53],"tags":[24881,6317,24882],"views":1249,"_links":{"self":[{"href":"https:\/\/www.enerjigazetesi.ist\/en\/wp-json\/wp\/v2\/posts\/42842"}],"collection":[{"href":"https:\/\/www.enerjigazetesi.ist\/en\/wp-json\/wp\/v2\/posts"}],"about":[{"href":"https:\/\/www.enerjigazetesi.ist\/en\/wp-json\/wp\/v2\/types\/post"}],"author":[{"embeddable":true,"href":"https:\/\/www.enerjigazetesi.ist\/en\/wp-json\/wp\/v2\/users\/1"}],"replies":[{"embeddable":true,"href":"https:\/\/www.enerjigazetesi.ist\/en\/wp-json\/wp\/v2\/comments?post=42842"}],"version-history":[{"count":1,"href":"https:\/\/www.enerjigazetesi.ist\/en\/wp-json\/wp\/v2\/posts\/42842\/revisions"}],"predecessor-version":[{"id":42844,"href":"https:\/\/www.enerjigazetesi.ist\/en\/wp-json\/wp\/v2\/posts\/42842\/revisions\/42844"}],"wp:featuredmedia":[{"embeddable":true,"href":"https:\/\/www.enerjigazetesi.ist\/en\/wp-json\/wp\/v2\/media\/42843"}],"wp:attachment":[{"href":"https:\/\/www.enerjigazetesi.ist\/en\/wp-json\/wp\/v2\/media?parent=42842"}],"wp:term":[{"taxonomy":"category","embeddable":true,"href":"https:\/\/www.enerjigazetesi.ist\/en\/wp-json\/wp\/v2\/categories?post=42842"},{"taxonomy":"post_tag","embeddable":true,"href":"https:\/\/www.enerjigazetesi.ist\/en\/wp-json\/wp\/v2\/tags?post=42842"}],"curies":[{"name":"wp","href":"https:\/\/api.w.org\/{rel}","templated":true}]}}