{"id":42822,"date":"2015-08-13T10:02:30","date_gmt":"2015-08-13T07:02:30","guid":{"rendered":"https:\/\/www.enerjigazetesi.ist\/?p=42822"},"modified":"2015-08-13T10:02:30","modified_gmt":"2015-08-13T07:02:30","slug":"10-bin-dolara-ciraklik-umudu","status":"publish","type":"post","link":"https:\/\/www.enerjigazetesi.ist\/en\/10-bin-dolara-ciraklik-umudu\/","title":{"rendered":"(Turkish) 10 Bin Dolara \u00c7\u0131rakl\u0131k Umudu&#8230;"},"content":{"rendered":"<p class=\"qtranxs-available-languages-message qtranxs-available-languages-message-en\">Sorry, this entry is only available in <a href=\"https:\/\/www.enerjigazetesi.ist\/tr\/wp-json\/wp\/v2\/posts\/42822\" class=\"qtranxs-available-language-link qtranxs-available-language-link-tr\" title=\"Turkish\">Turkish<\/a>. For the sake of viewer convenience, the content is shown below in the alternative language. You may click the link to switch the active language.<\/p><p><\/p>\n<p style=\"color: #363636;\"><strong>Gelece\u011fini enerji sekt\u00f6r\u00fcnde planlayan onlarca gen\u00e7, IAEE Ba\u015fkan\u0131, Bo\u011fazi\u00e7i \u00dcniversitesi \u00d6\u011fretim \u00dcyesi Prof. Dr. G\u00fcrkan Kumbaro\u011flu\u2019nun \u00e7\u0131ra\u011f\u0131 olmak i\u00e7in ba\u015fvuruda bulundu.<\/strong><\/p>\n<p style=\"color: #363636;\"><a href=\"https:\/\/www.enerjigazetesi.ist\/wp-content\/uploads\/2015\/08\/timthumb-6.jpg\"><img loading=\"lazy\" class=\"alignleft  wp-image-42823\" src=\"https:\/\/www.enerjigazetesi.ist\/wp-content\/uploads\/2015\/08\/timthumb-6.jpg\" alt=\"timthumb (6)\" width=\"300\" height=\"335\" \/><\/a>Uluslararas\u0131 Enerji Ekonomisi Birli\u011fi (IAEE) Ba\u015fkan\u0131, Bo\u011fazi\u00e7i \u00dcniversitesi \u00d6\u011fretim \u00dcyesi Prof. Dr. G\u00fcrkan Kumbaro\u011flu\u2019nun, enerji sekt\u00f6r\u00fcnde h\u0131zla yol almak isteyen 3 genci, \u201cher biri 10 bin dolar kar\u015f\u0131l\u0131\u011f\u0131nda yan\u0131na \u2018\u00e7\u0131rak\u2019 olarak kabul edece\u011fi programa\u201d k\u0131sa s\u00fcrede 50\u2019yi a\u015fk\u0131n ba\u015fvuru geldi.<\/p>\n<p style=\"color: #363636;\">Prof. Dr. Kumbaro\u011flu, geli\u015fmi\u015f \u00fclkelerde olduk\u00e7a yayg\u0131n olan \u201c\u00e7\u0131rak modeli\u201dni \u00fclkemizde enerji sekt\u00f6r\u00fc ile tan\u0131\u015ft\u0131rmak i\u00e7in bir s\u00fcre \u00f6nce \u201cileti\u015fim@gurkankumbaroglu.org\u201d adresinden ba\u015fvurular\u0131 kabul etmeye ba\u015flad\u0131\u011f\u0131n\u0131 an\u0131msatt\u0131.<\/p>\n<p style=\"color: #363636;\">Kumbaro\u011flu, gen\u00e7leri e\u011fitimin yan\u0131nda, i\u015f d\u00fcnyas\u0131n\u0131n incelikleriyle tan\u0131\u015ft\u0131rarak, yurti\u00e7i ve d\u0131\u015f\u0131nda network\u2019lerini geli\u015ftirmek, rakiplerinin bir ad\u0131m \u00f6ne \u00e7\u0131kmas\u0131n\u0131 hedefledi\u011fi programa T\u00fcrkiye\u2019nin d\u0131\u015f\u0131nda Makedonya, Azerbaycan, Bel\u00e7ika\u2019dan da talep oldu\u011funu kaydetti.<\/p>\n<p style=\"color: #363636;\">\u2018Deneyim Payla\u015fma Program\u0131\u2019 olarak da adland\u0131rd\u0131\u011f\u0131 program\u0131n i\u015flerini daha da geli\u015ftirmek isteyen gen\u00e7ler kadar, \u00f6\u011frencilerin ve yeni mezunlar\u0131n, \u00e7ald\u0131klar\u0131 t\u00fcm kap\u0131lar deneyimsizlik y\u00fcz\u00fcnden y\u00fczlerine kapanan gen\u00e7lerin de ilgisini \u00e7ekti\u011fini belirten Kumbaro\u011flu, \u201cHer biri i\u00e7in 10 bin dolar bedelle ba\u015flatt\u0131\u011f\u0131m 3 ki\u015filik programa k\u0131sa s\u00fcrede 50\u2019yi a\u015fk\u0131n ba\u015fvuru geldi. M\u00fchendislikten fen ve sosyal bilimlere uzanan geni\u015f bir yelpazeden lisans e\u011fitimine dayal\u0131 \u00e7ok de\u011ferli ba\u015fvurular var. Do\u011frusu bu kadar ilgi olaca\u011f\u0131n\u0131 sanm\u0131yordum. Program\u0131n k\u0131sa s\u00fcrede b\u00fcy\u00fck ilgi g\u00f6rmesi, gen\u00e7lerin i\u015f hayat\u0131nda ilk ve do\u011fru ad\u0131mlar\u0131 atmakta ne kadar zorland\u0131klar\u0131n\u0131 da g\u00f6steriyor\u201d dedi.<\/p>\n<p style=\"color: #363636;\">Prof. Dr. Kumbaro\u011flu, programa se\u00e7ilen \u00e7\u0131raklar\u0131n A\u011fustos ay\u0131n\u0131n son haftas\u0131nda ilan edilece\u011fini s\u00f6yledi.<\/p>\n<p style=\"color: #363636;\">Kaynak: B\u00fcltenler<\/p>\n<p><\/p>","protected":false},"excerpt":{"rendered":"<p>Sorry, this entry is only available in Turkish. For the sake of viewer convenience, the content is shown below in the alternative language. You may click the link to switch the active language. Gelece\u011fini enerji sekt\u00f6r\u00fcnde planlayan onlarca gen\u00e7, IAEE Ba\u015fkan\u0131, Bo\u011fazi\u00e7i \u00dcniversitesi \u00d6\u011fretim \u00dcyesi Prof. Dr. G\u00fcrkan Kumbaro\u011flu\u2019nun \u00e7\u0131ra\u011f\u0131 olmak i\u00e7in ba\u015fvuruda bulundu. Uluslararas\u0131 [&hellip;]<\/p>\n","protected":false},"author":1,"featured_media":42823,"comment_status":"open","ping_status":"open","sticky":false,"template":"","format":"standard","meta":[],"categories":[53],"tags":[24846],"views":825,"_links":{"self":[{"href":"https:\/\/www.enerjigazetesi.ist\/en\/wp-json\/wp\/v2\/posts\/42822"}],"collection":[{"href":"https:\/\/www.enerjigazetesi.ist\/en\/wp-json\/wp\/v2\/posts"}],"about":[{"href":"https:\/\/www.enerjigazetesi.ist\/en\/wp-json\/wp\/v2\/types\/post"}],"author":[{"embeddable":true,"href":"https:\/\/www.enerjigazetesi.ist\/en\/wp-json\/wp\/v2\/users\/1"}],"replies":[{"embeddable":true,"href":"https:\/\/www.enerjigazetesi.ist\/en\/wp-json\/wp\/v2\/comments?post=42822"}],"version-history":[{"count":1,"href":"https:\/\/www.enerjigazetesi.ist\/en\/wp-json\/wp\/v2\/posts\/42822\/revisions"}],"predecessor-version":[{"id":42824,"href":"https:\/\/www.enerjigazetesi.ist\/en\/wp-json\/wp\/v2\/posts\/42822\/revisions\/42824"}],"wp:featuredmedia":[{"embeddable":true,"href":"https:\/\/www.enerjigazetesi.ist\/en\/wp-json\/wp\/v2\/media\/42823"}],"wp:attachment":[{"href":"https:\/\/www.enerjigazetesi.ist\/en\/wp-json\/wp\/v2\/media?parent=42822"}],"wp:term":[{"taxonomy":"category","embeddable":true,"href":"https:\/\/www.enerjigazetesi.ist\/en\/wp-json\/wp\/v2\/categories?post=42822"},{"taxonomy":"post_tag","embeddable":true,"href":"https:\/\/www.enerjigazetesi.ist\/en\/wp-json\/wp\/v2\/tags?post=42822"}],"curies":[{"name":"wp","href":"https:\/\/api.w.org\/{rel}","templated":true}]}}