{"id":42800,"date":"2015-08-12T17:30:03","date_gmt":"2015-08-12T14:30:03","guid":{"rendered":"https:\/\/www.enerjigazetesi.ist\/?p=42800"},"modified":"2015-08-12T17:30:18","modified_gmt":"2015-08-12T14:30:18","slug":"japonya-protestolara-ragmen-nukleer-geri-dondu","status":"publish","type":"post","link":"https:\/\/www.enerjigazetesi.ist\/en\/japonya-protestolara-ragmen-nukleer-geri-dondu\/","title":{"rendered":"(Turkish) Japonya Protestolara Ra\u011fmen N\u00fckleer Geri D\u00f6nd\u00fc!"},"content":{"rendered":"<p class=\"qtranxs-available-languages-message qtranxs-available-languages-message-en\">Sorry, this entry is only available in <a href=\"https:\/\/www.enerjigazetesi.ist\/tr\/wp-json\/wp\/v2\/posts\/42800\" class=\"qtranxs-available-language-link qtranxs-available-language-link-tr\" title=\"Turkish\">Turkish<\/a>. For the sake of viewer convenience, the content is shown below in the alternative language. You may click the link to switch the active language.<\/p><p><\/p>\n<p style=\"color: #222222;\"><strong>Japonya, 2011\u2019deki Fuku\u015fima felaketinin ard\u0131ndan uygulamaya koydu\u011fu yeni g\u00fcvenlik \u00f6nlemleriyle ilk defa bir n\u00fckleer reakt\u00f6r\u00fcn\u00fc yeniden hizmete soktu.<\/strong><span id=\"more-73081\"><\/span><\/p>\n<p style=\"color: #222222;\"><a href=\"https:\/\/www.enerjigazetesi.ist\/wp-content\/uploads\/2015\/08\/sendai-n\u00fckleer-santrali-japonya-238723983.jpg\"><img loading=\"lazy\" class=\"alignleft  wp-image-42802\" src=\"https:\/\/www.enerjigazetesi.ist\/wp-content\/uploads\/2015\/08\/sendai-n\u00fckleer-santrali-japonya-238723983-300x200.jpg\" alt=\"sendai-n\u00fckleer-santrali-japonya-238723983\" width=\"300\" height=\"224\" \/><\/a><\/p>\n<p style=\"color: #222222;\">\u00dclkede meydana gelen deprem ve ard\u0131ndan olu\u015fan tsunami nedeniyle Fuku\u015fima\u2019daki n\u00fckleer santraller devre d\u0131\u015f\u0131 b\u0131rak\u0131lm\u0131\u015ft\u0131. Kyushu Electric Power adl\u0131 i\u015fletmeci firma, Sendai santralindeki bir rekt\u00f6r\u00fcn\u00fc, g\u00fcvenlik testlerini ge\u00e7mesiyle Sal\u0131 g\u00fcn\u00fc yeniden kullan\u0131ma a\u00e7t\u0131.<\/p>\n<p style=\"color: #222222;\">Santralin yeniden devreye sokulmas\u0131na halk tepki g\u00f6steriyor. Sendai santrali d\u0131\u015f\u0131nda ve Ba\u015fbakan \u015einzo Abe\u2019nin Tokyo\u2019daki konutu \u00f6n\u00fcnde toplanan kalabal\u0131k protesto g\u00f6sterileri d\u00fczenledi.<\/p>\n<p>BBC\u2019nin Tokyo\u2019dan bildiren muhabiri Rupert Wingfield-Hayes, halk\u0131n n\u00fckleer santrallere g\u00fcveninin azald\u0131\u011f\u0131n\u0131 s\u00f6yl\u00fcyor.<\/p>\n<p>Toplam 25 santral yeniden hizmete girmek i\u00e7in ba\u015fvuruda bulundu.<\/p>\n<p>\u0130\u015fletmeci firma Kyushu, Sendai santralinin yerel saatle sabah 10.30\u2019da faaliyete girdi\u011fini duyurdu.<\/p>\n<p>\u0130K\u0130NC\u0130S\u0130 EK\u0130M\u2019DE<br \/>\nKyushu s\u00f6zc\u00fcs\u00fc Tomomitsu Sakata, reakt\u00f6r\u00fcn\u00fcn sorunsuz \u00e7al\u0131\u015ft\u0131\u011f\u0131n\u0131 s\u00f6yledi.<\/p>\n<p>Bir reakt\u00f6r\u00fcn tam olarak devreye girmesi i\u00e7in 24 saat gerekiyor. Santralin Cuma g\u00fcn\u00fcnden itibaren elektrik \u00fcretmesi bekleniyor. Gelecek ay da tam kapasite \u00e7al\u0131\u015faca\u011f\u0131 belirtiliyor.<\/p>\n<p style=\"color: #222222;\">Ba\u015fbakan \u015einzo Abe, reakt\u00f6rlerin \u2018d\u00fcnyan\u0131n en s\u0131k\u0131 g\u00fcvenlik kontrollerinden ge\u00e7ti\u011fini\u2019 s\u00f6yledi ve \u201cKyushu Electric\u2019in g\u00fcvenli\u011fi her \u015feyin \u00f6n\u00fcnde tutmas\u0131n\u0131, santral yeniden devreye girmeden t\u00fcm \u00f6nlemleri en \u00fcst seviyede almas\u0131n\u0131 istiyorum\u201d dedi.<a href=\"https:\/\/www.enerjigazetesi.ist\/wp-content\/uploads\/2015\/08\/sendai-n\u00fckleer-santrali-japonya-3297233.jpg\"><img loading=\"lazy\" class=\"alignright  wp-image-42803\" src=\"https:\/\/www.enerjigazetesi.ist\/wp-content\/uploads\/2015\/08\/sendai-n\u00fckleer-santrali-japonya-3297233-300x191.jpg\" alt=\"An aerial view shows the No.1 and No.2 reactor buildings at Kyushu Electric Power's Sendai nuclear power station in Satsumasendai\" width=\"309\" height=\"191\" \/><\/a><\/p>\n<p style=\"color: #222222;\">N\u00fckleer santrallerin kapat\u0131lmas\u0131yla Japonya, y\u00fcksek maliyetli ithal fosil yak\u0131ttan elde edilen enerjiye ba\u011f\u0131ml\u0131yd\u0131. H\u00fck\u00fcmet n\u00fckleer santralin ithalat giderlerini ve artan karbondioksit emisyonunu kesece\u011fini s\u00f6yledi.<\/p>\n<p style=\"color: #222222;\">Japonya n\u00fckleer g\u00fcvenlik birimi, ge\u00e7en Eyl\u00fcl ay\u0131nda Sendai santralinde iki reakt\u00f6re onay verdi. Di\u011fer reakt\u00f6r\u00fcn de Ekim ay\u0131nda devreye girmesi bekleniyor.<\/p>\n<p style=\"color: #222222;\">Sendai santralindeki yeni g\u00fcvenlik sisteminin maliyeti 100 milyon dolar\u0131 ge\u00e7ti.<\/p>\n<p style=\"color: #222222;\">Kaynak: Enerji Enstit\u00fcs\u00fc<\/p>\n<p><\/p>","protected":false},"excerpt":{"rendered":"<p>Sorry, this entry is only available in Turkish. For the sake of viewer convenience, the content is shown below in the alternative language. You may click the link to switch the active language. Japonya, 2011\u2019deki Fuku\u015fima felaketinin ard\u0131ndan uygulamaya koydu\u011fu yeni g\u00fcvenlik \u00f6nlemleriyle ilk defa bir n\u00fckleer reakt\u00f6r\u00fcn\u00fc yeniden hizmete soktu. \u00dclkede meydana gelen deprem [&hellip;]<\/p>\n","protected":false},"author":1,"featured_media":42801,"comment_status":"open","ping_status":"open","sticky":false,"template":"","format":"standard","meta":[],"categories":[51,53,43],"tags":[9248,1547,24835,21274,21,3020,16726,3846],"views":1589,"_links":{"self":[{"href":"https:\/\/www.enerjigazetesi.ist\/en\/wp-json\/wp\/v2\/posts\/42800"}],"collection":[{"href":"https:\/\/www.enerjigazetesi.ist\/en\/wp-json\/wp\/v2\/posts"}],"about":[{"href":"https:\/\/www.enerjigazetesi.ist\/en\/wp-json\/wp\/v2\/types\/post"}],"author":[{"embeddable":true,"href":"https:\/\/www.enerjigazetesi.ist\/en\/wp-json\/wp\/v2\/users\/1"}],"replies":[{"embeddable":true,"href":"https:\/\/www.enerjigazetesi.ist\/en\/wp-json\/wp\/v2\/comments?post=42800"}],"version-history":[{"count":2,"href":"https:\/\/www.enerjigazetesi.ist\/en\/wp-json\/wp\/v2\/posts\/42800\/revisions"}],"predecessor-version":[{"id":42805,"href":"https:\/\/www.enerjigazetesi.ist\/en\/wp-json\/wp\/v2\/posts\/42800\/revisions\/42805"}],"wp:featuredmedia":[{"embeddable":true,"href":"https:\/\/www.enerjigazetesi.ist\/en\/wp-json\/wp\/v2\/media\/42801"}],"wp:attachment":[{"href":"https:\/\/www.enerjigazetesi.ist\/en\/wp-json\/wp\/v2\/media?parent=42800"}],"wp:term":[{"taxonomy":"category","embeddable":true,"href":"https:\/\/www.enerjigazetesi.ist\/en\/wp-json\/wp\/v2\/categories?post=42800"},{"taxonomy":"post_tag","embeddable":true,"href":"https:\/\/www.enerjigazetesi.ist\/en\/wp-json\/wp\/v2\/tags?post=42800"}],"curies":[{"name":"wp","href":"https:\/\/api.w.org\/{rel}","templated":true}]}}