{"id":4279,"date":"2012-12-11T10:12:06","date_gmt":"2012-12-11T07:12:06","guid":{"rendered":"https:\/\/www.enerjigazetesi.ist\/?p=4279"},"modified":"2012-12-11T10:13:27","modified_gmt":"2012-12-11T07:13:27","slug":"taner-yildiz-rusya-ile-karsilikli-bagimliyiz","status":"publish","type":"post","link":"https:\/\/www.enerjigazetesi.ist\/en\/taner-yildiz-rusya-ile-karsilikli-bagimliyiz\/","title":{"rendered":"(Turkish) Taner Y\u0131ld\u0131z: Rusya ile Kar\u015f\u0131l\u0131kl\u0131 Ba\u011f\u0131ml\u0131y\u0131z"},"content":{"rendered":"<p class=\"qtranxs-available-languages-message qtranxs-available-languages-message-en\">Sorry, this entry is only available in <a href=\"https:\/\/www.enerjigazetesi.ist\/tr\/wp-json\/wp\/v2\/posts\/4279\" class=\"qtranxs-available-language-link qtranxs-available-language-link-tr\" title=\"Turkish\">Turkish<\/a>. For the sake of viewer convenience, the content is shown below in the alternative language. You may click the link to switch the active language.<\/p><p>Enerji ve Tabii Kaynaklar Bakan\u0131 Taner Y\u0131ld\u0131z ile Erbil-Ba\u011fdat hatt\u0131nda neler oldu\u011funu konu\u015ftuk&#8230;<\/p>\n<h2><strong> <\/strong>IRAK, GEL\u0130R\u0130 ARTARSA NORMALLE\u015e\u0130R<\/h2>\n<p><img loading=\"lazy\" class=\"alignright size-medium wp-image-4280\" title=\"taner-yildiz-rusya-kuzey-irak-petrolu-505x280\" src=\"https:\/\/www.enerjigazetesi.ist\/wp-content\/uploads\/2012\/12\/taner-yildiz-rusya-kuzey-irak-petrolu-505x280-300x166.jpg\" alt=\"\" width=\"300\" height=\"166\" srcset=\"https:\/\/www.enerjigazetesi.ist\/wp-content\/uploads\/2012\/12\/taner-yildiz-rusya-kuzey-irak-petrolu-505x280-300x166.jpg 300w, https:\/\/www.enerjigazetesi.ist\/wp-content\/uploads\/2012\/12\/taner-yildiz-rusya-kuzey-irak-petrolu-505x280-500x277.jpg 500w, https:\/\/www.enerjigazetesi.ist\/wp-content\/uploads\/2012\/12\/taner-yildiz-rusya-kuzey-irak-petrolu-505x280-80x44.jpg 80w, https:\/\/www.enerjigazetesi.ist\/wp-content\/uploads\/2012\/12\/taner-yildiz-rusya-kuzey-irak-petrolu-505x280.jpg 505w\" sizes=\"(max-width: 300px) 100vw, 300px\" \/>Siyasetin enerjiye, enerjinin de siyasete zaman zaman y\u00fck oldu\u011fu olur. Bunu kendilerine sormak laz\u0131m tabi ama e\u011fer bu Say\u0131n Tar\u0131k Ha\u015fimi\u2019den dolay\u0131 yap\u0131l\u0131yorsa \u2013ki bug\u00fcn b\u00f6yle bir deme\u00e7 g\u00f6rd\u00fck- enerji projelerini bundan izole etmek laz\u0131m. \u0130zole edelim ki kar\u015f\u0131l\u0131kl\u0131 \u00e7\u00f6z\u00fcme ula\u015fabilelim. \u00c7\u00fcnk\u00fc biz Irak\u2019\u0131n petrol ve do\u011fal yataklar\u0131nda \u00e7al\u0131\u015ft\u0131\u011f\u0131m\u0131z kadar, Irak\u2019\u0131n gelirleri artt\u0131\u011f\u0131 kadar, imar\u0131 artt\u0131\u011f\u0131 kadar, Irak halk\u0131 zenginle\u015fti\u011fi kadar Irak\u2019\u0131n normalle\u015fece\u011fine inan\u0131yoruz.<\/p>\n<h2>RUSYA \u0130LE KAR\u015eILIKLI BA\u011eIMLIYIZ<\/h2>\n<p><strong>\u0130ki liderin de uzun iktidar d\u00f6nemlerinin etkisi de vard\u0131r bu say\u0131da ama sizin \u00e7al\u0131\u015fma alan\u0131n\u0131z\u0131n, i\u015fleri iki liderin bulu\u015fmas\u0131 noktas\u0131na getiri\u015finizin etkisi nedir?<\/strong><\/p>\n<p>Tabi\u00ee ki enerji sekt\u00f6r\u00fc, her iki \u00fclke aras\u0131nda en b\u00fcy\u00fck ticari hacim olu\u015fturan yap\u0131. Yaln\u0131z biz bu yap\u0131y\u0131 d\u00fczenlerken art\u0131 bir \u015fey daha olu\u015fturduk, bu bence \u00e7ok \u00f6nemli. Biz enerjide Rusya\u2019ya ba\u011f\u0131ml\u0131y\u0131z de\u011fil mi? O zaman bir hedef koyal\u0131m ve kar\u015f\u0131l\u0131kl\u0131 ba\u011f\u0131ml\u0131 olal\u0131m dedik. Nas\u0131l olabilir? \u0130\u015f yaparak. Ve n\u00fckleer i\u015fi ba\u015flad\u0131. N\u00fckleer, muhalefet partisinin yanl\u0131\u015f anlad\u0131\u011f\u0131 ve s\u00f6yledi\u011fi \u015fekilde bizim ba\u011f\u0131ml\u0131l\u0131\u011f\u0131m\u0131z\u0131n artt\u0131\u011f\u0131 de\u011fil tam tersine kar\u015f\u0131l\u0131kl\u0131 ba\u011f\u0131ml\u0131l\u0131\u011f\u0131n artt\u0131\u011f\u0131 bir projedir. Ben Libya\u2019ya gidip onlarca m\u00fcteahhitle beraber kazand\u0131\u011f\u0131m 1.6 milyar dolarl\u0131k hak edi\u015fleri alamad\u0131\u011f\u0131mda kim kime ba\u011f\u0131ml\u0131 oluyor? Biz n\u00fckleerle ba\u011f\u0131ml\u0131l\u0131k durumunu dengeledik.<\/p>\n<p><strong>T\u00fcrkiye\u2019nin n\u00fckleere ihtiyac\u0131, Rusya\u2019ya ba\u011f\u0131ml\u0131l\u0131k ili\u015fkisini dengeleme ihtiyac\u0131ndan \u00f6nce mi gelir sonra m\u0131 gelir?<\/strong><\/p>\n<p>G\u00fczel soru. Bizim n\u00fckleere ihtiyac\u0131m\u0131z hepsinden \u00f6nce gelir. Ama bu, bir ta\u015fla ku\u015f s\u00fcr\u00fcs\u00fc vurmak gibi, ikisi bir araya geldi. Bizim n\u00fckleere ihtiyac\u0131m\u0131z var, n\u00fckleer yapaca\u011f\u0131z. Bir Kanada firmas\u0131 bize bir teklif verseydi, malum 2009 senesinde bu teklifler verildi, biz belki o firmay\u0131 de\u011ferlendirecektik, ama teklif vermediler. Ba\u015fka teklif gelmeyince biz de bu ihtiya\u00e7la bu ger\u00e7e\u011fi \u00f6rt\u00fc\u015ft\u00fcrd\u00fck.<\/p>\n<p>\u0130yi gidiyor. B\u00fcy\u00fck projelerin tehditleri de, f\u0131rsatlar\u0131 da bitmez. Bug\u00fcn iyi gidiyor, yar\u0131n bir g\u00fcn, aaa \u015f\u00f6yle mi oldu denir. Ama bu projeye ihtiya\u00e7 var. Nabucco\u2019ya da ihtiya\u00e7 vard\u0131. Nabucco\u2019nun yerine ikame edecek bir sistem kuruyoruz. Bu \u00e7ok \u00f6nemli, bir taraf \u015eahdeniz\u2019le gaz\u0131 \u00fcretmek ve Avrupa da t\u00fcketmek istiyor. Siz de bu iki talebi birle\u015ftiriyorsunuz, alan raz\u0131 satan raz\u0131, yeter ki fizibilitesini iyi yap\u0131n. Nabucco \u00f6ld\u00fc falan deniyor, h\u00e2lbuki TANAP bunun bir k\u0131sm\u0131, s\u00fcre\u011fi.<\/p>\n<h2>PETROL B\u0130R YIL \u0130\u00c7\u0130NDE 125 DOLAR OLDU<\/h2>\n<p>Aral\u0131k\u2019ta zam yok. Sonras\u0131n\u0131 bilmiyoruz. Biz o kadar ger\u00e7ek\u00e7i ve sahici davran\u0131yoruz ki. Uluslararas\u0131 Enerji Ajans\u0131 d\u00fcnyan\u0131n en sayg\u0131n enerji ajanslar\u0131ndan biridir ve bir\u00e7ok \u00fclkenin katk\u0131s\u0131 vard\u0131r. Ajans, ham petrol\u00fcn varili 2035 y\u0131l\u0131nda 125 dolar olacak, diye bir tahminde bulundu iki y\u0131l \u00f6nce. Ama 125 dolar bir y\u0131l i\u00e7inde oldu, 2035\u2019te de\u011fil. Bunlar\u0131 \u00f6ng\u00f6rmek \u00e7ok zor, \u00e7\u00fcnk\u00fc do\u011falgaz ve petrol\u00fcn arz ve talebiyle ilgili bir s\u00fcre\u00e7 i\u015flemiyor d\u00fcnyada. Siyasi istikrars\u0131zl\u0131klardan kaynaklanan bir s\u00fcre\u00e7 i\u015fliyor.<\/p>\n<h2>B\u00dcT\u00dcN ENERJ\u0130 PROJELER\u0130NE \u0130ST\u0130SNASIZ \u0130T\u0130RAZ<\/h2>\n<p>Her enerji kayna\u011f\u0131na itiraz var \u00e7\u00fcnk\u00fc. R\u00fczg\u00e2r sistemleri i\u00e7in ku\u015flar \u00f6l\u00fcyor dediler. Tamam peki. G\u00fcne\u015f? Tar\u0131m alanlar\u0131n\u0131 mahvediyor dediler. \u0130yi peki. Su? Az \u00f6nce konu\u015ftuk, co\u011frafyay\u0131 bozuyor dediler. K\u00f6m\u00fcr kirletiyor, n\u00fckleer patl\u0131yor, jeotermal yer alt\u0131 yap\u0131s\u0131n\u0131 bozuyor\u2026 Ben de diyorum ki, tamam, bunlar\u0131n hepsine peki. Ama bana ne yapaca\u011f\u0131m\u0131 s\u00f6yler misiniz? 12 saat elektri\u011fimiz var, 12 saat yok da diyebiliriz, bu bir tercihtir. Ama hem 24 saat elektrik hem itiraz\u2026 Kimseye m\u00fcbala\u011fa gelmesin ama ger\u00e7ekten b\u00fct\u00fcn enerji kaynaklar\u0131na istisnas\u0131z itiraz var. Benim \u015f\u00f6yle bir mazeretim olmad\u0131\u011f\u0131n\u0131 zannediyorum: Do\u011fal gaz\u0131 bu kadar ithal ediyoruz, sudan zaten \u00fcretim yapm\u0131yoruz napal\u0131m elektri\u011fi iki saat kesiyoruz gibi bir mazeretim olabilir mi benim?<\/p>\n<p>Kaynak: <a href=\"http:\/\/enerjienstitusu.com\/2012\/12\/10\/taner-yildiz-rusya-ile-karsilikli-bagimliyiz\/\" target=\"_blank\">Enerji Enstit\u00fcs\u00fc<\/a><\/p>","protected":false},"excerpt":{"rendered":"<p>Sorry, this entry is only available in Turkish. For the sake of viewer convenience, the content is shown below in the alternative language. You may click the link to switch the active language.Enerji ve Tabii Kaynaklar Bakan\u0131 Taner Y\u0131ld\u0131z ile Erbil-Ba\u011fdat hatt\u0131nda neler oldu\u011funu konu\u015ftuk&#8230; IRAK, GEL\u0130R\u0130 ARTARSA NORMALLE\u015e\u0130R Siyasetin enerjiye, enerjinin de siyasete zaman [&hellip;]<\/p>\n","protected":false},"author":1,"featured_media":4282,"comment_status":"open","ping_status":"open","sticky":false,"template":"","format":"standard","meta":[],"categories":[53,43,44],"tags":[1306,1308,945,1282,1307,59],"views":831,"_links":{"self":[{"href":"https:\/\/www.enerjigazetesi.ist\/en\/wp-json\/wp\/v2\/posts\/4279"}],"collection":[{"href":"https:\/\/www.enerjigazetesi.ist\/en\/wp-json\/wp\/v2\/posts"}],"about":[{"href":"https:\/\/www.enerjigazetesi.ist\/en\/wp-json\/wp\/v2\/types\/post"}],"author":[{"embeddable":true,"href":"https:\/\/www.enerjigazetesi.ist\/en\/wp-json\/wp\/v2\/users\/1"}],"replies":[{"embeddable":true,"href":"https:\/\/www.enerjigazetesi.ist\/en\/wp-json\/wp\/v2\/comments?post=4279"}],"version-history":[{"count":2,"href":"https:\/\/www.enerjigazetesi.ist\/en\/wp-json\/wp\/v2\/posts\/4279\/revisions"}],"predecessor-version":[{"id":4283,"href":"https:\/\/www.enerjigazetesi.ist\/en\/wp-json\/wp\/v2\/posts\/4279\/revisions\/4283"}],"wp:featuredmedia":[{"embeddable":true,"href":"https:\/\/www.enerjigazetesi.ist\/en\/wp-json\/wp\/v2\/media\/4282"}],"wp:attachment":[{"href":"https:\/\/www.enerjigazetesi.ist\/en\/wp-json\/wp\/v2\/media?parent=4279"}],"wp:term":[{"taxonomy":"category","embeddable":true,"href":"https:\/\/www.enerjigazetesi.ist\/en\/wp-json\/wp\/v2\/categories?post=4279"},{"taxonomy":"post_tag","embeddable":true,"href":"https:\/\/www.enerjigazetesi.ist\/en\/wp-json\/wp\/v2\/tags?post=4279"}],"curies":[{"name":"wp","href":"https:\/\/api.w.org\/{rel}","templated":true}]}}