{"id":42785,"date":"2015-08-12T16:28:54","date_gmt":"2015-08-12T13:28:54","guid":{"rendered":"https:\/\/www.enerjigazetesi.ist\/?p=42785"},"modified":"2015-08-12T16:31:12","modified_gmt":"2015-08-12T13:31:12","slug":"bu-yilin-kaynaklarinda-son-asama","status":"publish","type":"post","link":"https:\/\/www.enerjigazetesi.ist\/en\/bu-yilin-kaynaklarinda-son-asama\/","title":{"rendered":"(Turkish) Bu Y\u0131l\u0131n Kaynaklar\u0131nda Son A\u015fama&#8230;"},"content":{"rendered":"<p class=\"qtranxs-available-languages-message qtranxs-available-languages-message-en\">Sorry, this entry is only available in <a href=\"https:\/\/www.enerjigazetesi.ist\/tr\/wp-json\/wp\/v2\/posts\/42785\" class=\"qtranxs-available-language-link qtranxs-available-language-link-tr\" title=\"Turkish\">Turkish<\/a>. For the sake of viewer convenience, the content is shown below in the alternative language. You may click the link to switch the active language.<\/p><p><\/p>\n<p style=\"color: #666666;\"><span style=\"font-weight: bold; color: #222222;\">Alman \u00e7evre \u00f6rg\u00fct\u00fc Germanwatch, bu y\u0131l\u0131n kaynaklar\u0131n\u0131n 13 A\u011fustos\u2019ta t\u00fckenmi\u015f olaca\u011f\u0131n\u0131 a\u00e7\u0131klad\u0131.<\/span><\/p>\n<p style=\"color: #666666;\"><a href=\"https:\/\/www.enerjigazetesi.ist\/wp-content\/uploads\/2015\/08\/alternatif-enerji-dunya-kaynaklari-tukeniyor-500x500_c.jpg\"><img loading=\"lazy\" class=\"alignleft  wp-image-42786\" src=\"https:\/\/www.enerjigazetesi.ist\/wp-content\/uploads\/2015\/08\/alternatif-enerji-dunya-kaynaklari-tukeniyor-500x500_c-300x300.jpg\" alt=\"alternatif-enerji-dunya-kaynaklari-tukeniyor-500x500_c\" width=\"300\" height=\"225\" \/><\/a>Alman \u00e7evre \u00f6rg\u00fct\u00fc Germanwatch, Bonn\u2019daki a\u00e7\u0131klamas\u0131nda bu y\u0131l\u0131n kaynaklar\u0131n\u0131n gelecek 13 A\u011fustos Per\u015fembe g\u00fcn\u00fc t\u00fckenmi\u015f olaca\u011f\u0131n\u0131 duyurdu. Buna g\u00f6re, \u201cD\u00fcnya Limit A\u015f\u0131m G\u00fcn\u00fc\u201d olarak adland\u0131r\u0131lan\u00a0<strong style=\"font-weight: bold; color: #222222;\">y\u0131ll\u0131k kaynaklar\u0131n<\/strong>\u00a0t\u00fckendi\u011fi g\u00fcn bu y\u0131l ge\u00e7en y\u0131ldan alt\u0131 g\u00fcn daha erken bir tarihe tekab\u00fcl etti. \u00d6rg\u00fct, kaynak t\u00fcketimini ciddi bi\u00e7imde azaltma \u00e7a\u011fr\u0131s\u0131nda bulundu.<\/p>\n<p style=\"color: #666666;\">Germanwatch, d\u00fcnya n\u00fcfusunun ham madde, tar\u0131m alanlar\u0131, su, orman gibi ithiya\u00e7lar\u0131n\u0131n\u00a0<strong style=\"font-weight: bold; color: #222222;\">s\u00fcrd\u00fcr\u00fclebilir \u015fekilde\u00a0<\/strong>kar\u015f\u0131lanabilmesi i\u00e7in 1,5 d\u00fcnya daha gerekti\u011fi uyar\u0131s\u0131 yapt\u0131. Ayr\u0131ca b\u00fct\u00fcn \u00fclkelerin Almanya gibi ekonomik faaliyetlerde bulunmas\u0131 halinde bu ihtiyac\u0131n 2,6 d\u00fcnyaya \u00e7\u0131kaca\u011f\u0131 belirtildi.<\/p>\n<p style=\"color: #666666;\">Haberin devam\u0131 i\u00e7in\u00a0<span style=\"color: #99cc00;\"><a style=\"color: #fc8d8d;\" href=\"http:\/\/m.t24.com.tr\/haber\/bu-yilin-kaynaklari-tukenmek-uzere,305482\" target=\"_blank\"><span style=\"color: #99cc00;\">t\u0131klay\u0131n&gt;&gt;&gt;<\/span><\/a><\/span><\/p>\n<p style=\"color: #666666;\">Kaynak: T24<\/p>\n<p>&nbsp;<\/p>","protected":false},"excerpt":{"rendered":"<p>Sorry, this entry is only available in Turkish. For the sake of viewer convenience, the content is shown below in the alternative language. You may click the link to switch the active language. Alman \u00e7evre \u00f6rg\u00fct\u00fc Germanwatch, bu y\u0131l\u0131n kaynaklar\u0131n\u0131n 13 A\u011fustos\u2019ta t\u00fckenmi\u015f olaca\u011f\u0131n\u0131 a\u00e7\u0131klad\u0131. Alman \u00e7evre \u00f6rg\u00fct\u00fc Germanwatch, Bonn\u2019daki a\u00e7\u0131klamas\u0131nda bu y\u0131l\u0131n kaynaklar\u0131n\u0131n gelecek [&hellip;]<\/p>\n","protected":false},"author":1,"featured_media":42786,"comment_status":"open","ping_status":"open","sticky":false,"template":"","format":"standard","meta":[],"categories":[53],"tags":[1296,97],"views":1429,"_links":{"self":[{"href":"https:\/\/www.enerjigazetesi.ist\/en\/wp-json\/wp\/v2\/posts\/42785"}],"collection":[{"href":"https:\/\/www.enerjigazetesi.ist\/en\/wp-json\/wp\/v2\/posts"}],"about":[{"href":"https:\/\/www.enerjigazetesi.ist\/en\/wp-json\/wp\/v2\/types\/post"}],"author":[{"embeddable":true,"href":"https:\/\/www.enerjigazetesi.ist\/en\/wp-json\/wp\/v2\/users\/1"}],"replies":[{"embeddable":true,"href":"https:\/\/www.enerjigazetesi.ist\/en\/wp-json\/wp\/v2\/comments?post=42785"}],"version-history":[{"count":3,"href":"https:\/\/www.enerjigazetesi.ist\/en\/wp-json\/wp\/v2\/posts\/42785\/revisions"}],"predecessor-version":[{"id":42790,"href":"https:\/\/www.enerjigazetesi.ist\/en\/wp-json\/wp\/v2\/posts\/42785\/revisions\/42790"}],"wp:featuredmedia":[{"embeddable":true,"href":"https:\/\/www.enerjigazetesi.ist\/en\/wp-json\/wp\/v2\/media\/42786"}],"wp:attachment":[{"href":"https:\/\/www.enerjigazetesi.ist\/en\/wp-json\/wp\/v2\/media?parent=42785"}],"wp:term":[{"taxonomy":"category","embeddable":true,"href":"https:\/\/www.enerjigazetesi.ist\/en\/wp-json\/wp\/v2\/categories?post=42785"},{"taxonomy":"post_tag","embeddable":true,"href":"https:\/\/www.enerjigazetesi.ist\/en\/wp-json\/wp\/v2\/tags?post=42785"}],"curies":[{"name":"wp","href":"https:\/\/api.w.org\/{rel}","templated":true}]}}