{"id":42778,"date":"2015-08-12T16:20:06","date_gmt":"2015-08-12T13:20:06","guid":{"rendered":"https:\/\/www.enerjigazetesi.ist\/?p=42778"},"modified":"2015-08-12T16:20:06","modified_gmt":"2015-08-12T13:20:06","slug":"demirdokum-turkiyeyi-isuzu-ile-dolasacak","status":"publish","type":"post","link":"https:\/\/www.enerjigazetesi.ist\/en\/demirdokum-turkiyeyi-isuzu-ile-dolasacak\/","title":{"rendered":"(Turkish) DemirD\u00f6k\u00fcm T\u00fcrkiye\u2019yi Isuzu \u0130le Dola\u015facak&#8230;"},"content":{"rendered":"<p class=\"qtranxs-available-languages-message qtranxs-available-languages-message-en\">Sorry, this entry is only available in <a href=\"https:\/\/www.enerjigazetesi.ist\/tr\/wp-json\/wp\/v2\/posts\/42778\" class=\"qtranxs-available-language-link qtranxs-available-language-link-tr\" title=\"Turkish\">Turkish<\/a>. For the sake of viewer convenience, the content is shown below in the alternative language. You may click the link to switch the active language.<\/p><p><\/p>\n<p style=\"color: #363636;\"><strong>Is\u0131tma, su \u0131s\u0131tma ve iklimlendirme sekt\u00f6rlerinin k\u00f6kl\u00fc ve yenilik\u00e7i markalar\u0131ndan DemirD\u00f6k\u00fcm bu kez t\u00fcketicilerinin aya\u011f\u0131na gidiyor. <\/strong><\/p>\n<p style=\"color: #363636;\"><a href=\"https:\/\/www.enerjigazetesi.ist\/wp-content\/uploads\/2015\/08\/timthumb-4.jpg\"><img loading=\"lazy\" class=\"alignleft size-full wp-image-42779\" src=\"https:\/\/www.enerjigazetesi.ist\/wp-content\/uploads\/2015\/08\/timthumb-4.jpg\" alt=\"timthumb (4)\" width=\"300\" height=\"300\" srcset=\"https:\/\/www.enerjigazetesi.ist\/wp-content\/uploads\/2015\/08\/timthumb-4.jpg 300w, https:\/\/www.enerjigazetesi.ist\/wp-content\/uploads\/2015\/08\/timthumb-4-150x150.jpg 150w, https:\/\/www.enerjigazetesi.ist\/wp-content\/uploads\/2015\/08\/timthumb-4-50x50.jpg 50w\" sizes=\"(max-width: 300px) 100vw, 300px\" \/><\/a>\u00d6zel olarak showroom \u015feklinde dizayn edilen 4 adet Isuzu N Wide kamyonet ile T\u00fcrkiye\u2019nin farkl\u0131 illerinde t\u00fcketicilerle bulu\u015facak olan DemirD\u00f6k\u00fcm Info Mobiller; kombi se\u00e7imi ve kullan\u0131m\u0131, g\u00fcvenlik kurallar\u0131, do\u011falgazda tasarruf gibi \u00f6nemli konularda bilgilendirmeler yapacak.<\/p>\n<p style=\"color: #363636;\">61 y\u0131ld\u0131r T\u00fcrkiye\u2019de ailelerin en s\u0131cak \u00fcyesi olmay\u0131 ba\u015faran DemirD\u00f6k\u00fcm, Info Mobil ara\u00e7lar\u0131 ile \u00fclkenin d\u00f6rt bir yan\u0131n\u0131 dola\u015facak. T\u00fcrkiye\u2019nin kombisi DemirD\u00f6k\u00fcm Tabii ki reklam kampanyas\u0131n\u0131n g\u00f6rselleriyle donat\u0131lan ve \u00f6zel olarak showroom \u015feklinde dizayn edilen 4 adet Isuzu N Wide kamyonet ile yola \u00e7\u0131kan \u0130nfo Mobil ekipleri, ilk a\u015famada do\u011falgaz ile yeni tan\u0131\u015fan illeri ziyaret edecek. Kombi se\u00e7iminin p\u00fcf noktalar\u0131ndan, bilin\u00e7li kullan\u0131m ve g\u00fcvenlik kurallar\u0131na, do\u011falgaz\u0131n g\u00fcvenli kullan\u0131m\u0131 ile tasarruf i\u00e7in al\u0131nabilecek \u00f6nlemlere, DemirD\u00f6k\u00fcm \u00fcr\u00fcnleri ve \u00fcst\u00fcn hizmetlerine kadar pek \u00e7ok konuda bilgilendirme yapacak DemirD\u00f6k\u00fcm Info Mobil ara\u00e7lar\u0131 7\/24 hizmet verecek.<\/p>\n<p style=\"color: #363636;\">DemirD\u00f6k\u00fcm, Isuzu\u2019nun \u00e7evreci ve ekonomik N-Wide ara\u00e7lar\u0131n\u0131 kullanacak<\/p>\n<p style=\"color: #363636;\">Bu \u00f6nemli proje i\u00e7in, kapasite, dayan\u0131kl\u0131l\u0131k ve teknik \u00f6zellikleri ile de DemirD\u00f6k\u00fcm\u2019\u00fcn roadshowuna en uygun ara\u00e7lar olarak \u00f6ne \u00e7\u0131kan, d\u00fcnyada emisyon hacminin azalt\u0131lmas\u0131na y\u00f6nelik yap\u0131lan en son ara\u015ft\u0131rmalara ve d\u00fc\u015f\u00fck i\u015fletim gideri ihtiya\u00e7lar\u0131na paralel olarak tasarlanan Isuzu N-Wide ara\u00e7lar\u0131 tercih edildi.<\/p>\n<p style=\"color: #363636;\">DemirD\u00f6k\u00fcm Info Mobil lansman\u0131nda bir konu\u015fma yapan Y\u00f6netim Kurulu \u00dcyesi Erdem Ertuna, DemirD\u00f6k\u00fcm Info Mobil ara\u00e7lar\u0131n\u0131 tasarlarken Isuzu gibi kendi alan\u0131nda g\u00fcvenilir ve lider bir marka ile ortak \u00e7al\u0131\u015fman\u0131n projeye \u00f6nemli katk\u0131lar sa\u011flad\u0131\u011f\u0131n\u0131 belirtti. Ayn\u0131 konu\u015fmada Ertuna , \u201cg\u00fc\u00e7l\u00fc bir marka olman\u0131n en \u00f6nemli ad\u0131mlar\u0131ndan biri de m\u00fc\u015fteri beklentilerini anlamak, onlarla yal\u0131n bir dille konu\u015fabilmek. Bu nedenle DemirD\u00f6k\u00fcm Info Mobil ara\u00e7lar\u0131n\u0131n ziyaret edece\u011fi t\u00fcm illerde \u00f6nemli geri d\u00f6n\u00fc\u015fler alaca\u011f\u0131na inan\u0131yorum \u201d dedi.<\/p>\n<p style=\"color: #363636;\">Kaynak: B\u00fcltenler<\/p>\n<p><\/p>","protected":false},"excerpt":{"rendered":"<p>Sorry, this entry is only available in Turkish. For the sake of viewer convenience, the content is shown below in the alternative language. You may click the link to switch the active language. Is\u0131tma, su \u0131s\u0131tma ve iklimlendirme sekt\u00f6rlerinin k\u00f6kl\u00fc ve yenilik\u00e7i markalar\u0131ndan DemirD\u00f6k\u00fcm bu kez t\u00fcketicilerinin aya\u011f\u0131na gidiyor. \u00d6zel olarak showroom \u015feklinde dizayn edilen [&hellip;]<\/p>\n","protected":false},"author":1,"featured_media":42779,"comment_status":"open","ping_status":"open","sticky":false,"template":"","format":"standard","meta":[],"categories":[46,53],"tags":[24832],"views":1096,"_links":{"self":[{"href":"https:\/\/www.enerjigazetesi.ist\/en\/wp-json\/wp\/v2\/posts\/42778"}],"collection":[{"href":"https:\/\/www.enerjigazetesi.ist\/en\/wp-json\/wp\/v2\/posts"}],"about":[{"href":"https:\/\/www.enerjigazetesi.ist\/en\/wp-json\/wp\/v2\/types\/post"}],"author":[{"embeddable":true,"href":"https:\/\/www.enerjigazetesi.ist\/en\/wp-json\/wp\/v2\/users\/1"}],"replies":[{"embeddable":true,"href":"https:\/\/www.enerjigazetesi.ist\/en\/wp-json\/wp\/v2\/comments?post=42778"}],"version-history":[{"count":1,"href":"https:\/\/www.enerjigazetesi.ist\/en\/wp-json\/wp\/v2\/posts\/42778\/revisions"}],"predecessor-version":[{"id":42780,"href":"https:\/\/www.enerjigazetesi.ist\/en\/wp-json\/wp\/v2\/posts\/42778\/revisions\/42780"}],"wp:featuredmedia":[{"embeddable":true,"href":"https:\/\/www.enerjigazetesi.ist\/en\/wp-json\/wp\/v2\/media\/42779"}],"wp:attachment":[{"href":"https:\/\/www.enerjigazetesi.ist\/en\/wp-json\/wp\/v2\/media?parent=42778"}],"wp:term":[{"taxonomy":"category","embeddable":true,"href":"https:\/\/www.enerjigazetesi.ist\/en\/wp-json\/wp\/v2\/categories?post=42778"},{"taxonomy":"post_tag","embeddable":true,"href":"https:\/\/www.enerjigazetesi.ist\/en\/wp-json\/wp\/v2\/tags?post=42778"}],"curies":[{"name":"wp","href":"https:\/\/api.w.org\/{rel}","templated":true}]}}