{"id":42763,"date":"2015-08-12T16:04:03","date_gmt":"2015-08-12T13:04:03","guid":{"rendered":"https:\/\/www.enerjigazetesi.ist\/?p=42763"},"modified":"2015-08-12T16:32:09","modified_gmt":"2015-08-12T13:32:09","slug":"ortadogu-kuzey-afrika-ve-dogu-avrupa-elexte-bulusuyor","status":"publish","type":"post","link":"https:\/\/www.enerjigazetesi.ist\/en\/ortadogu-kuzey-afrika-ve-dogu-avrupa-elexte-bulusuyor\/","title":{"rendered":"(Turkish) Ortado\u011fu, Kuzey Afrika ve Do\u011fu Avrupa ELEX\u2019te Bulu\u015fuyor!"},"content":{"rendered":"<p class=\"qtranxs-available-languages-message qtranxs-available-languages-message-en\">Sorry, this entry is only available in <a href=\"https:\/\/www.enerjigazetesi.ist\/tr\/wp-json\/wp\/v2\/posts\/42763\" class=\"qtranxs-available-language-link qtranxs-available-language-link-tr\" title=\"Turkish\">Turkish<\/a>. For the sake of viewer convenience, the content is shown below in the alternative language. You may click the link to switch the active language.<\/p><p><\/p>\n<p style=\"color: #363636;\"><strong>01-04 Ekim 2015 tarihleri aras\u0131nda \u0130stanbul Fuar Merkezi\u2019nde ger\u00e7ekle\u015fecek olan ELEX Fuar\u0131, bu y\u0131l 4. Kez ger\u00e7ekle\u015fecek ve sekt\u00f6r\u00fcn \u00f6nde gelenleri ile profesyonelleri bir araya gelecek.<\/strong><\/p>\n<p style=\"color: #363636;\">Uluslararas\u0131 alanda sat\u0131n al\u0131m yapan t\u00fcm sekt\u00f6r profesyonellerinin ilgiyle takip etti\u011fi ELEX Fuar\u0131, bu y\u0131l da sat\u0131n al\u0131m heyetlerini a\u011f\u0131rlamaya haz\u0131rlan\u0131yor.<\/p>\n<p style=\"color: #363636;\">Bug\u00fcne kadar ziyaretleri belirlenen \u00fclkeler aras\u0131nda; Angola, Avusturya, BAE, Hindistan, Irak, \u0130ran, \u0130spanya, Kamerun, Katar, Kazakistan, Kuveyt, Libya, Nijerya, \u00d6zbekistan, Suudi Arabistan ve Ukraynagibi \u00fclkeler yer almakta.<\/p>\n<p style=\"color: #363636;\">Fuar kat\u0131l\u0131mc\u0131s\u0131 firmalar\u0131n talepleri do\u011frultusunda sat\u0131n alma heyetlerine y\u00f6nelik \u00e7al\u0131\u015fmalar\u0131n ger\u00e7ekle\u015fti\u011fi bu g\u00fcnlerde ELEX ekibi, bu y\u0131l daha fazla uluslararas\u0131 sat\u0131n al\u0131m heyetini fuara getirmeyi planl\u0131yor.<\/p>\n<p style=\"color: #363636;\">Yurt \u0130\u00e7inde ve Yurt D\u0131\u015f\u0131nda Tan\u0131t\u0131m \u00c7al\u0131\u015fmalar\u0131 Devam Ediyor<\/p>\n<p style=\"color: #363636;\"><strong>Enerji ve Tabii Kaynaklar Bakanl\u0131\u011f\u0131, TE\u0130A\u015e, TETA\u015e, TEDA\u015e, E\u00dcA\u015e\u2019\u0131n destekledi\u011fi ELEX Fuar\u0131, enstit\u00fclerin<img loading=\"lazy\" class=\"alignright  wp-image-42764\" src=\"https:\/\/www.enerjigazetesi.ist\/wp-content\/uploads\/2015\/08\/timthumb3.jpg\" alt=\"timthumb\" width=\"293\" height=\"317\" \/>, sivil toplum kurulu\u015flar\u0131-n\u0131n ve akademik \u00e7evrenin katk\u0131lar\u0131yla geli\u015ferek b\u00fcy\u00fcmeye devam ediyor.<\/strong><\/p>\n<p style=\"color: #363636;\">Elektrik Malzemeleri, Elektrik \u0130letimi ve Da\u011f\u0131t\u0131m\u0131 sekt\u00f6r\u00fcn\u00fcn tek fuar\u0131 olan ELEX\u2019in tan\u0131t\u0131m\u0131 kapsam\u0131nda yurt i\u00e7inde ve yurt d\u0131\u015f\u0131nda pek \u00e7ok \u00e7al\u0131\u015fma yap\u0131lmaktad\u0131r. Yurt d\u0131\u015f\u0131nda sekt\u00f6rle ilgili pek \u00e7ok temsilci vas\u0131tas\u0131 ile temsil edilen \u00fclkelerde ELEX Fuar\u0131\u2019n\u0131n duyurular\u0131 yap\u0131lmaya devam ederken, sekt\u00f6r i\u00e7erisinde yer alan firmalar\u0131n hizmet verdi\u011fi \u00fclkelerde tan\u0131t\u0131m aktiviteleri yap\u0131lmaya devam etmekte. ELEX Fuar\u0131, yurt d\u0131\u015f\u0131 ziyaret\u00e7i organizasyonu kapsam\u0131nda \u00e7\u00f6z\u00fcm orta\u011f\u0131 olarak Ant Expo ile ortak \u00e7al\u0131\u015fmalara imza at\u0131yor.<\/p>\n<p style=\"color: #363636;\">Bu y\u0131l \u00f6zellikle yurt d\u0131\u015f\u0131 kat\u0131l\u0131mc\u0131s\u0131n\u0131n ve ziyaret\u00e7isinin \u00f6n planda olaca\u011f\u0131n\u0131 vurgulayan ELEX ekibi, yurt d\u0131\u015f\u0131 aya\u011f\u0131n\u0131n her ge\u00e7en g\u00fcn daha da iyiye gitti\u011fini belirtmektedir. Elektrik sekt\u00f6r\u00fcn\u00fcn tek fuar\u0131 olan ELEX, yurt d\u0131\u015f\u0131 kat\u0131l\u0131mc\u0131s\u0131n\u0131 ve ziyaret\u00e7isini fuara davet etmektedir.<\/p>\n<p style=\"color: #363636;\">Bununla birlikte yurt i\u00e7inde bulunan pek \u00e7ok dernek, sanayi b\u00f6lgesi, oda gibi birimlerle g\u00f6r\u00fc\u015fmeler ve \u00e7al\u0131\u015fmalar d\u00fczenlenmektedir. Fuar\u0131n yurt i\u00e7indeki tan\u0131t\u0131mlar\u0131 kapsam\u0131nda \u0130stanbul genelinde \u00f6nemli kav\u015fak ve b\u00f6lgelerdeki 150 billboard ve 100 megalight ile ELEX Fuar\u0131\u2019n\u0131n tan\u0131t\u0131m ve duyurular\u0131 yap\u0131lmakta.<\/p>\n<p style=\"color: #363636;\">Sekt\u00f6r\u00fcn \u00d6nemli Firmalar\u0131 ELEX\u2019te<\/p>\n<p style=\"color: #363636;\">Elektrik sekt\u00f6r\u00fcn\u00fcn \u00f6nemli isimleri \u015fimdiden ELEX Fuar\u0131\u2019nda yerini ald\u0131. A\u011fartan Enerji, Ard\u0131\u00e7, Bir-Er, DE-PA, HSC Kablo, Mondial, Nacar Kablo, OBO Betterman, Simpa Elektrik, Y\u00fcceda\u011f gibi sekt\u00f6r\u00fcn \u00f6nemli isimlerinin yer ald\u0131\u011f\u0131 ELEX Fuar\u0131, fuara 3 ay kala 11. salonun b\u00fcy\u00fck bir k\u0131sm\u0131n\u0131 doldurdu.<\/p>\n<p style=\"color: #363636;\">Fuarda en yeni \u00fcr\u00fcnlerini sekt\u00f6rle bulu\u015fturacak olan firmalar, ayn\u0131 zamanda sekt\u00f6r ilgilileriyle bir araya gelecek, deneyimlerini ve d\u00fcnya elektrik sekt\u00f6r\u00fcndeki en yeni teknolojileri ziyaret\u00e7ileriyle payla\u015facak.<\/p>\n<p style=\"color: #363636;\">ELEX Konferans\u0131 Hayata Ge\u00e7iyor<\/p>\n<p style=\"color: #363636;\">Elektrik alan\u0131nda sekt\u00f6r\u00fcn g\u00fcc\u00fcn\u00fc g\u00f6sterdi\u011fi ELEX Fuar\u0131 ile e\u015f zamanl\u0131 olarak ilk kez d\u00fczenlenecek olan ELEX Konferans\u0131, sekt\u00f6r\u00fcn \u00f6nemli etkinlikleri aras\u0131nda yer almaya haz\u0131rlan\u0131yor. ELEX Konferans\u0131, \u00f6zenle se\u00e7ilmi\u015f konular\u0131, \u00f6nemli konu\u015fmac\u0131lar\u0131 ve sekt\u00f6rde ses getirecek efektif oturum ba\u015fl\u0131klar\u0131 ile \u00e7ok konu\u015fulacak.<\/p>\n<p style=\"color: #363636;\">Ak\u0131ll\u0131 \u015eehirler ve Ak\u0131ll\u0131 \u015eebekeler, Enerji Verimlili\u011fi ve End\u00fcstri 4.0 konular\u0131nda uygulamalar\u0131n ve kar\u015f\u0131la\u015f\u0131lan sorunlar\u0131n payla\u015f\u0131m\u0131 ile birlikte sekt\u00f6rdeki yeniliklerin de ortaya konulaca\u011f\u0131 ELEX Konferans\u0131\u2019n\u0131n Belediye Oturumlar\u0131 ve Sivil Toplum Kurulu\u015flar\u0131 ile kat\u0131l\u0131mc\u0131lara efektif uygulama ve deneyimler ile mevcut sorunlara kar\u015f\u0131 \u00e7\u00f6z\u00fcmler sunulacak.<\/p>\n<p style=\"color: #363636;\">Kaynak: B\u00fcltenler<\/p>\n<p><\/p>","protected":false},"excerpt":{"rendered":"<p>Sorry, this entry is only available in Turkish. For the sake of viewer convenience, the content is shown below in the alternative language. You may click the link to switch the active language. 01-04 Ekim 2015 tarihleri aras\u0131nda \u0130stanbul Fuar Merkezi\u2019nde ger\u00e7ekle\u015fecek olan ELEX Fuar\u0131, bu y\u0131l 4. Kez ger\u00e7ekle\u015fecek ve sekt\u00f6r\u00fcn \u00f6nde gelenleri ile [&hellip;]<\/p>\n","protected":false},"author":1,"featured_media":42764,"comment_status":"open","ping_status":"open","sticky":false,"template":"","format":"standard","meta":[],"categories":[51,53],"tags":[24827,1918],"views":725,"_links":{"self":[{"href":"https:\/\/www.enerjigazetesi.ist\/en\/wp-json\/wp\/v2\/posts\/42763"}],"collection":[{"href":"https:\/\/www.enerjigazetesi.ist\/en\/wp-json\/wp\/v2\/posts"}],"about":[{"href":"https:\/\/www.enerjigazetesi.ist\/en\/wp-json\/wp\/v2\/types\/post"}],"author":[{"embeddable":true,"href":"https:\/\/www.enerjigazetesi.ist\/en\/wp-json\/wp\/v2\/users\/1"}],"replies":[{"embeddable":true,"href":"https:\/\/www.enerjigazetesi.ist\/en\/wp-json\/wp\/v2\/comments?post=42763"}],"version-history":[{"count":1,"href":"https:\/\/www.enerjigazetesi.ist\/en\/wp-json\/wp\/v2\/posts\/42763\/revisions"}],"predecessor-version":[{"id":42765,"href":"https:\/\/www.enerjigazetesi.ist\/en\/wp-json\/wp\/v2\/posts\/42763\/revisions\/42765"}],"wp:featuredmedia":[{"embeddable":true,"href":"https:\/\/www.enerjigazetesi.ist\/en\/wp-json\/wp\/v2\/media\/42764"}],"wp:attachment":[{"href":"https:\/\/www.enerjigazetesi.ist\/en\/wp-json\/wp\/v2\/media?parent=42763"}],"wp:term":[{"taxonomy":"category","embeddable":true,"href":"https:\/\/www.enerjigazetesi.ist\/en\/wp-json\/wp\/v2\/categories?post=42763"},{"taxonomy":"post_tag","embeddable":true,"href":"https:\/\/www.enerjigazetesi.ist\/en\/wp-json\/wp\/v2\/tags?post=42763"}],"curies":[{"name":"wp","href":"https:\/\/api.w.org\/{rel}","templated":true}]}}