{"id":42652,"date":"2015-08-10T09:49:40","date_gmt":"2015-08-10T06:49:40","guid":{"rendered":"https:\/\/www.enerjigazetesi.ist\/?p=42652"},"modified":"2015-08-10T15:21:17","modified_gmt":"2015-08-10T12:21:17","slug":"teias-uretim-tesisleri-bolgesel-kapasite-baglanti-raporu-2020-2025","status":"publish","type":"post","link":"https:\/\/www.enerjigazetesi.ist\/en\/teias-uretim-tesisleri-bolgesel-kapasite-baglanti-raporu-2020-2025\/","title":{"rendered":"(Turkish) TE\u0130A\u015e \u00dcretim Tesisleri B\u00f6lgesel Kapasite Ba\u011flant\u0131 Raporu 2020-2025&#8230;"},"content":{"rendered":"<p class=\"qtranxs-available-languages-message qtranxs-available-languages-message-en\">Sorry, this entry is only available in <a href=\"https:\/\/www.enerjigazetesi.ist\/tr\/wp-json\/wp\/v2\/posts\/42652\" class=\"qtranxs-available-language-link qtranxs-available-language-link-tr\" title=\"Turkish\">Turkish<\/a>. For the sake of viewer convenience, the content is shown below in the alternative language. You may click the link to switch the active language.<\/p><p><\/p>\n<p style=\"color: #222222;\"><strong>TE\u0130A\u015e \u00fcretim tesisleri b\u00f6lgesel kapasite raporu 2020-2025 yay\u0131nland\u0131.<\/strong><\/p>\n<p style=\"color: #222222;\">\n<p style=\"color: #222222;\">\u00a0<a href=\"https:\/\/www.enerjigazetesi.ist\/wp-content\/uploads\/2015\/08\/teias-bolgesel-kapasite-baglanti-raporu-696x385.jpg\"><img loading=\"lazy\" class=\"alignleft size-medium wp-image-42654\" src=\"https:\/\/www.enerjigazetesi.ist\/wp-content\/uploads\/2015\/08\/teias-bolgesel-kapasite-baglanti-raporu-696x385-300x165.jpg\" alt=\"teias-bolgesel-kapasite-baglanti-raporu-696x385\" width=\"300\" height=\"165\" srcset=\"https:\/\/www.enerjigazetesi.ist\/wp-content\/uploads\/2015\/08\/teias-bolgesel-kapasite-baglanti-raporu-696x385-300x165.jpg 300w, https:\/\/www.enerjigazetesi.ist\/wp-content\/uploads\/2015\/08\/teias-bolgesel-kapasite-baglanti-raporu-696x385-500x276.jpg 500w, https:\/\/www.enerjigazetesi.ist\/wp-content\/uploads\/2015\/08\/teias-bolgesel-kapasite-baglanti-raporu-696x385-80x44.jpg 80w, https:\/\/www.enerjigazetesi.ist\/wp-content\/uploads\/2015\/08\/teias-bolgesel-kapasite-baglanti-raporu-696x385.jpg 696w\" sizes=\"(max-width: 300px) 100vw, 300px\" \/><\/a>Rapor,\u00a02020 ve 2025 y\u0131llar\u0131 i\u00e7in ba\u011flanabilir \u00fcretim kapasitesini belirlemek amac\u0131yla ger\u00e7ekle\u015ftirilen analizleri ve bu analizlerin sonu\u00e7lar\u0131n\u0131 i\u00e7eriyor. Analiz sonu\u00e7lar\u0131na g\u00f6re, 2020 y\u0131l\u0131 sonuna kadar olan be\u015f y\u0131ll\u0131k d\u00f6nemde 13 GW; 2025 y\u0131l\u0131 sonuna kadar ikinci be\u015f y\u0131ll\u0131k d\u00f6nemde 43\/45 ise 11,2 GW ilave ba\u011flanabilir \u00fcretim kapasitesi oldu\u011fu tespit edildi.<span id=\"more-73042\"><\/span><\/p>\n<p style=\"color: #222222;\">Rapora a\u015fa\u011f\u0131daki ba\u011flant\u0131dan ula\u015fabilirsiniz.<\/p>\n<p style=\"color: #222222;\"><a style=\"color: #1e73be;\" href=\"http:\/\/www.teias.gov.tr\/YayinRapor\/APK\/projeksiyon\/KapasiteRaporu.pdf\" target=\"_blank\" rel=\"nofollow\">http:\/\/www.teias.gov.tr\/YayinRapor\/APK\/projeksiyon\/KapasiteRaporu.pdf<\/a><\/p>\n<p style=\"color: #222222;\">Kaynak: EnerjiEnstit\u00fcs\u00fc<\/p>\n<p><\/p>","protected":false},"excerpt":{"rendered":"<p>Sorry, this entry is only available in Turkish. For the sake of viewer convenience, the content is shown below in the alternative language. You may click the link to switch the active language. TE\u0130A\u015e \u00fcretim tesisleri b\u00f6lgesel kapasite raporu 2020-2025 yay\u0131nland\u0131. \u00a0Rapor,\u00a02020 ve 2025 y\u0131llar\u0131 i\u00e7in ba\u011flanabilir \u00fcretim kapasitesini belirlemek amac\u0131yla ger\u00e7ekle\u015ftirilen analizleri ve bu [&hellip;]<\/p>\n","protected":false},"author":1,"featured_media":42654,"comment_status":"open","ping_status":"open","sticky":false,"template":"","format":"standard","meta":[],"categories":[51,53],"tags":[24764,24762,24763,24761],"views":1535,"_links":{"self":[{"href":"https:\/\/www.enerjigazetesi.ist\/en\/wp-json\/wp\/v2\/posts\/42652"}],"collection":[{"href":"https:\/\/www.enerjigazetesi.ist\/en\/wp-json\/wp\/v2\/posts"}],"about":[{"href":"https:\/\/www.enerjigazetesi.ist\/en\/wp-json\/wp\/v2\/types\/post"}],"author":[{"embeddable":true,"href":"https:\/\/www.enerjigazetesi.ist\/en\/wp-json\/wp\/v2\/users\/1"}],"replies":[{"embeddable":true,"href":"https:\/\/www.enerjigazetesi.ist\/en\/wp-json\/wp\/v2\/comments?post=42652"}],"version-history":[{"count":1,"href":"https:\/\/www.enerjigazetesi.ist\/en\/wp-json\/wp\/v2\/posts\/42652\/revisions"}],"predecessor-version":[{"id":42655,"href":"https:\/\/www.enerjigazetesi.ist\/en\/wp-json\/wp\/v2\/posts\/42652\/revisions\/42655"}],"wp:featuredmedia":[{"embeddable":true,"href":"https:\/\/www.enerjigazetesi.ist\/en\/wp-json\/wp\/v2\/media\/42654"}],"wp:attachment":[{"href":"https:\/\/www.enerjigazetesi.ist\/en\/wp-json\/wp\/v2\/media?parent=42652"}],"wp:term":[{"taxonomy":"category","embeddable":true,"href":"https:\/\/www.enerjigazetesi.ist\/en\/wp-json\/wp\/v2\/categories?post=42652"},{"taxonomy":"post_tag","embeddable":true,"href":"https:\/\/www.enerjigazetesi.ist\/en\/wp-json\/wp\/v2\/tags?post=42652"}],"curies":[{"name":"wp","href":"https:\/\/api.w.org\/{rel}","templated":true}]}}