{"id":42647,"date":"2015-08-09T21:47:10","date_gmt":"2015-08-09T18:47:10","guid":{"rendered":"https:\/\/www.enerjigazetesi.ist\/?p=42647"},"modified":"2015-08-09T21:47:10","modified_gmt":"2015-08-09T18:47:10","slug":"akilli-bina-ve-rezidans-kavrami-polat-tower-ile-hayatimiza-girdi","status":"publish","type":"post","link":"https:\/\/www.enerjigazetesi.ist\/en\/akilli-bina-ve-rezidans-kavrami-polat-tower-ile-hayatimiza-girdi\/","title":{"rendered":"(Turkish) Ak\u0131ll\u0131 Bina ve Rezidans Kavram\u0131 Polat Tower \u0130le Hayat\u0131m\u0131za Girdi!"},"content":{"rendered":"<p class=\"qtranxs-available-languages-message qtranxs-available-languages-message-en\">Sorry, this entry is only available in <a href=\"https:\/\/www.enerjigazetesi.ist\/tr\/wp-json\/wp\/v2\/posts\/42647\" class=\"qtranxs-available-language-link qtranxs-available-language-link-tr\" title=\"Turkish\">Turkish<\/a>. For the sake of viewer convenience, the content is shown below in the alternative language. You may click the link to switch the active language.<\/p><p><\/p>\n<p style=\"color: #535353;\"><strong>Polat Ailesi\u2019nin sahibi oldu\u011fu \u0130brahim Polat Holding\u2019ten bir holding daha \u00e7\u0131kt\u0131. Adnan Polat, \u0130brahim Polat Holding\u2019ten ayr\u0131larak Polat Holding\u2019i kurdu. Polat, \u201cH\u0131zl\u0131 karar almak i\u00e7in b\u00f6yle bir i\u015f b\u00f6l\u00fcm\u00fcne gittik. Enerji ve in\u015faatta 1.8 milyar dolarl\u0131k yat\u0131r\u0131ma imza ataca\u011f\u0131z\u201d dedi.<\/strong><\/p>\n<p style=\"color: #535353;\">Seramik, turizm, gayrimenkul ve enerji sekt\u00f6r\u00fcnde faaliyet g\u00f6steren \u0130brahim Polat Holding, ikiye b\u00f6l\u00fcnd\u00fc. 1982\u2019de holdingle\u015fen \u0130brahim Polat Holding\u2019teki ba\u015fkanl\u0131k g\u00f6revini b\u0131rakan Adnan Polat, kentsel d\u00f6n\u00fc\u015f\u00fcm ve r\u00fczgar enerjisinde milyar dolarl\u0131k yat\u0131r<a href=\"https:\/\/www.enerjigazetesi.ist\/wp-content\/uploads\/2015\/08\/akilli-bina-ve-rezidans-kavrami-polat-tower-ile-hayatimiza-girdi.jpg\"><img loading=\"lazy\" class=\"alignleft size-medium wp-image-42648\" src=\"https:\/\/www.enerjigazetesi.ist\/wp-content\/uploads\/2015\/08\/akilli-bina-ve-rezidans-kavrami-polat-tower-ile-hayatimiza-girdi-300x169.jpg\" alt=\"akilli-bina-ve-rezidans-kavrami-polat-tower-ile-hayatimiza-girdi\" width=\"300\" height=\"169\" srcset=\"https:\/\/www.enerjigazetesi.ist\/wp-content\/uploads\/2015\/08\/akilli-bina-ve-rezidans-kavrami-polat-tower-ile-hayatimiza-girdi-300x169.jpg 300w, https:\/\/www.enerjigazetesi.ist\/wp-content\/uploads\/2015\/08\/akilli-bina-ve-rezidans-kavrami-polat-tower-ile-hayatimiza-girdi-500x282.jpg 500w, https:\/\/www.enerjigazetesi.ist\/wp-content\/uploads\/2015\/08\/akilli-bina-ve-rezidans-kavrami-polat-tower-ile-hayatimiza-girdi-80x45.jpg 80w, https:\/\/www.enerjigazetesi.ist\/wp-content\/uploads\/2015\/08\/akilli-bina-ve-rezidans-kavrami-polat-tower-ile-hayatimiza-girdi.jpg 620w\" sizes=\"(max-width: 300px) 100vw, 300px\" \/><\/a>\u0131mlar i\u00e7in Kas\u0131m 2013\u2019te Polat Holding\u2019i kurdu. Polat Holding y\u00f6netiminde Adnan Polat d\u0131\u015f\u0131nda \u00e7ocuklar\u0131 Kerim Polat ve Eda Polat Gkinosatis da bulunuyor.<\/p>\n<p style=\"color: #535353;\"><strong>HIZLI KARAR ALMALI<\/strong><\/p>\n<p style=\"color: #535353;\">\u0130brahim Polat Holding\u2019in y\u00f6netiminde ise Adnan Polat\u2019\u0131n babas\u0131 \u0130brahim Polat ve karde\u015fi Murat Polat yola devam ediyorlar. Yeni yat\u0131r\u0131m planlar\u0131n\u0131 Ekonomist\u2019e anlatan Adnan Polat, \u201cAram\u0131zda herhangi bir anla\u015fmazl\u0131k s\u00f6z konusu de\u011fil. H\u0131zl\u0131 karar almak i\u00e7in b\u00f6yle bir i\u015f b\u00f6l\u00fcm\u00fcne gittik\u201d diyor. R\u00fczgar enerjisinde Avrupa\u2019n\u0131n en b\u00fcy\u00fc\u011f\u00fc olmak i\u00e7in \u00f6n\u00fcm\u00fczdeki be\u015f y\u0131lda 1 milyar dolar yat\u0131r\u0131m yapacaklar\u0131n\u0131 belirten Polat, \u0130stanbul\u2019da 800 milyon dolar yat\u0131r\u0131mla in\u015fa ettikleri \u2018Piyalepa\u015fa \u0130stanbul\u2019 projesiyle de T\u00fcrkiye\u2019de \u2018al\u0131\u015fveri\u015f soka\u011f\u0131\u2019 ad\u0131nda yeni bir trend yaratmay\u0131 hedeflediklerini s\u00f6yl\u00fcyor.<\/p>\n<p style=\"color: #535353;\"><strong>B\u0130NAYA SI\u011eAMIYORUZ<\/strong><\/p>\n<p style=\"color: #535353;\">Yap\u0131lan \u00e7al\u0131\u015fmalar hakk\u0131nda bilgi veren Adnan Polat, \u201cBen in\u015faat ve enerji i\u015flerimize yo\u011funla\u015f\u0131yorum, babam ve karde\u015flerim ise seramik ve turizme yo\u011funla\u015f\u0131yor. Hatta son d\u00f6nemlerde art\u0131k Mecidiyek\u00f6y\u2019deki binam\u0131za s\u0131\u011fam\u0131yoruz. Bunun i\u00e7in Ka\u011f\u0131thane\u2019de yeni bir yer yapt\u0131r\u0131yoruz. Y\u0131lsonuna kadar Polat Holding\u2019i b\u00fcy\u00fck oranda bu yeni binaya ta\u015f\u0131yaca\u011f\u0131z. Benim her iki binam\u0131zda da ofisim olacak\u201d \u015feklinde konu\u015ftu.<\/p>\n<p style=\"color: #535353;\"><strong>EN B\u00dcY\u00dcK SANTRAL\u0130 OLACAK<\/strong><\/p>\n<p style=\"color: #535353;\">Enerji sekt\u00f6r\u00fcndeki yat\u0131r\u0131mlar\u0131n \u00f6nemine dikkat \u00e7eken Polat, \u201c\u015eu anda 650 megavatl\u0131k kurulu g\u00fcc\u00fcm\u00fczle r\u00fczgar enerjisinde sekt\u00f6r lideri konumunday\u0131z. Toplamda 4 bin megavatl\u0131k kurulu g\u00fcc\u00fcn y\u00fczde 16.5\u2019i bize ait. Haziran\u2019da tamamlad\u0131\u011f\u0131m\u0131z ve Eyl\u00fcl ay\u0131nda a\u00e7\u0131l\u0131\u015f\u0131n\u0131 yapaca\u011f\u0131m\u0131z Soma RES, 240 megavat ile \u015fu anda T\u00fcrkiye\u2019nin tek noktadaki en b\u00fcy\u00fck r\u00fczgar enerjisi santrali oldu. Kapasite art\u0131\u015f\u0131 i\u00e7in EPDK\u2019ya ba\u015fvurduk. \u0130zin verilirse Avrupa\u2019n\u0131n en b\u00fcy\u00fck r\u00fczgar enerjisi santrali olacak\u201d dedi.<\/p>\n<p style=\"color: #535353;\"><strong><img loading=\"lazy\" class=\"aligncenter  wp-image-14181\" src=\"http:\/\/www.akillibinam.com\/wp-content\/uploads\/2015\/07\/polat2001.jpg\" alt=\"polat2001\" width=\"485\" height=\"633\" \/>YARI\u015eMA MODEL\u0130 \u00d6NEML\u0130\u00a0<\/strong><\/p>\n<p style=\"color: #535353;\">T\u00fcrkiye\u2019nin r\u00fczgar enerjisinde 2023\u2019te 20 bin megavatl\u0131k kurulu g\u00fcce ula\u015fmay\u0131 hedefledi\u011fine dikkat \u00e7eken Polat, \u015f\u00f6yle devam etti: \u201c\u015eu haliyle bu hedef m\u00fcmk\u00fcn de\u011fil. \u00c7\u00fcnk\u00fc \u015fu anki yar\u0131\u015fma modeli yat\u0131r\u0131m yap\u0131lmas\u0131na imkan vermiyor. G\u00fcne\u015f ve r\u00fczgar enerjisinde devlete kim kilovat\/saat ba\u015f\u0131na daha fazla katk\u0131 vermeyi taahh\u00fct ederse, santral kurma iznin o al\u0131yor. Ancak verilen bu rakamlar fizibilite yap\u0131lmadan, izni almak i\u00e7in ortaya at\u0131lm\u0131\u015f rakamlar oldu\u011fu i\u00e7in, \u0130\u015f Yat\u0131r\u0131m yapmaya gelince \u015firketler duruyor. Mevcut y\u00f6netmeliklere g\u00f6re \u015firkete verilen yetki de iptal edilemedi\u011fi i\u00e7in 7-8 y\u0131l at\u0131l kal\u0131yor enerji yat\u0131r\u0131mlar\u0131. Bir k\u0131sm\u0131 da yat\u0131r\u0131m\u0131 yapamayaca\u011f\u0131n\u0131 g\u00f6r\u00fcnce lisans\u0131n\u0131 satmaya ba\u015fl\u0131yor. Bu sefer lisans ticareti ba\u015fl\u0131yor.<\/p>\n<p style=\"color: #535353;\"><strong>KR\u0130TERLER \u00c7OK \u00d6NEML\u0130<\/strong><\/p>\n<p style=\"color: #535353;\">Devlet bu alanda yat\u0131r\u0131m yapacak ciddi yat\u0131r\u0131mc\u0131y\u0131 \u00f6nceden belirlemeli. \u00d6nyeterlilik kriterleri \u00e7ok a\u011f\u0131r koyulursa, yat\u0131r\u0131mc\u0131 \u00f6nceden belli yat\u0131r\u0131mlar\u0131 yap\u0131p belli ara\u015ft\u0131rmalar\u0131 yap\u0131p ondan sonra lisans alma hakk\u0131 kazan\u0131r. Devletin buradaki hedefi yaln\u0131zca \u2018buradan ne kadar para alabilirim\u2019 olmamal\u0131. \u015eu an r\u00fczgarda 20 bin megavatl\u0131k g\u00fcc\u00fcm\u00fcz olsayd\u0131, devletin kasas\u0131na bu \u015firketlerden y\u0131lda 1 milyar dolar girecekti. Ama daha da \u00f6nemlisi \u00fclkenin y\u0131ll\u0131k do\u011falgaz ithalat\u0131 faturas\u0131 5 milyar dolar d\u00fc\u015fecek. Buna g\u00fcne\u015f enerjisi eklenirse kazan\u00e7 10 milyar dolara \u00e7\u0131kacak. Devlet olaya b\u00f6yle bakmal\u0131. Ancak bu \u015fekilde giderse de\u011fil 2023, 2043\u2019e kadar da bu hedefi yakalayamay\u0131z.\u201c<\/p>\n<p style=\"color: #535353;\"><strong>Piyalepa\u015fa \u0130stanbul\u00a0 2018\u2019de tamamlanacak<\/strong><\/p>\n<p style=\"color: #535353;\">\u0130stanbul\u2019un Beyo\u011flu il\u00e7esinde Piyalepa\u015fa \u0130stanbul projesinde \u00e7al\u0131\u015fmalar\u0131n devam etti\u011fini anlatan Polat, \u201c450 bin metrekare in\u015faat alan\u0131nda projemizi y\u00fcr\u00fct\u00fcyoruz. Haziran 2018\u2019de bitti\u011finde 120 bin metrekare konut, 45 bin metrekare ofis ve 34 bin metrekarelik otel alan\u0131 olacak. 950 daire ve 190 rezidans yer alacak. Ayr\u0131ca 4 bin ara\u00e7l\u0131k bir otopark in\u015fa ediyoruz. En \u00f6nemlisi ise 550 metre uzunlu\u011fundaki \u2018Al\u0131\u015fveri\u015f Soka\u011f\u0131\u2019 ile bu t\u00fcr projelerde yeni bir trend yarataca\u011f\u0131m\u0131z\u0131 d\u00fc\u015f\u00fcn\u00fcyoruz. \u0130stiklal Caddesi geni\u015fli\u011finde bir sokak olacak. Y\u0131lda 9,5 milyon ziyaret\u00e7i \u00e7ekece\u011fini hesap ediyoruz. Proje toplamda 800 milyon dolara mal olacak. Biz Polat Tower\u2019i yapt\u0131ktan sonra da ak\u0131ll\u0131 bina ve rezidans kavramlar\u0131 ilk kez hayat\u0131m\u0131za girdi. Bundan sonra da AVM\u2019ler yerine AVS\u2019ler (al\u0131\u015fveri\u015f soka\u011f\u0131) d\u00f6nemi ba\u015flayacak\u201d dedi.<\/p>\n<p style=\"color: #535353;\"><strong>1 milyar dolar yat\u0131racak<\/strong><\/p>\n<p style=\"color: #535353;\">Bug\u00fcne kadar 1 milyar dolarl\u0131k enerji yat\u0131r\u0131m\u0131 yapt\u0131klar\u0131n\u0131 anlatan Polat, \u201cLisans alabilirsek \u00f6n\u00fcm\u00fczdeki 5 y\u0131lda Polat Enerji olarak yaln\u0131zca r\u00fczgar enerjisine 1 milyar dolar daha yat\u0131r\u0131m yapmay\u0131 hedefliyoruz. G\u00fcne\u015f enerjisinde de yat\u0131r\u0131m planlar\u0131m\u0131z var ama bu yar\u0131\u015fma usul\u00fcyle pek yap\u0131labilir g\u00f6z\u00fckm\u00fcyor. Bir\u00e7ok yabanc\u0131 \u015firket T\u00fcrkiye\u2019de \u00f6n\u00fcn\u00fc g\u00f6remedi\u011fi i\u00e7in yat\u0131r\u0131m yapmak istemesine ra\u011fmen yapm\u0131yor. Mesela Almanya \u015fu an r\u00fczgarda 36 bin megavatta, biz ise 4 bin megavattay\u0131z. Almanya\u2019da bu sekt\u00f6rde 600 bin ki\u015fi \u00e7al\u0131\u015f\u0131yor. G\u00fcne\u015f enerjisinde onlar da biz de s\u0131f\u0131rd\u0131k. \u015eu anda onlar g\u00fcne\u015fte 40 bin megavattalar, biz daha 4-5 megavattay\u0131z. \u00dcstelik do\u011fru d\u00fczg\u00fcn g\u00fcne\u015f bile yok Almanya\u2019da. Bence h\u00fck\u00fcmetin yat\u0131r\u0131mlar\u0131 h\u0131zland\u0131rmak i\u00e7in politikas\u0131n\u0131, felsefesini de\u011fi\u015ftirmesi laz\u0131m\u201d dedi.<\/p>\n<p style=\"color: #535353;\"><strong>Benden siyaset\u00e7i olmaz<\/strong><\/p>\n<p style=\"color: #535353;\">1999\u2019da CHP\u2019den \u0130stanbul Belediye Ba\u015fkanl\u0131\u011f\u0131\u2019na aday oldu\u011funun hat\u0131rlat\u0131lmas\u0131 \u00fczerine Polat, \u201cBenden siyaset\u00e7i olmaz. Siyaset\u00e7ilerde sab\u0131r var. Son s\u00f6yleyeceklerini sonda s\u00f6yl\u00fcyorlar. Ben sab\u0131rs\u0131z\u0131m, son s\u00f6yleyece\u011fimi ba\u015ftan s\u00f6yl\u00fcyorum. Onun i\u00e7in benden siyaset\u00e7i olmaz. Ben i\u015fadam\u0131 kimli\u011fimle T\u00fcrkiye\u2019ye daha faydal\u0131 olabildi\u011fimi d\u00fc\u015f\u00fcn\u00fcyorum. Seramik sekt\u00f6r\u00fcne girdi\u011fimizde toplam \u00fcretim 2 milyon metrekare bile de\u011fildi; \u015fu an 400 milyon metrekare. Federasyonumuzu kurduk, ihracatta milyar dolar s\u0131n\u0131r\u0131n\u0131 a\u015ft\u0131k.\u00a0 Yine r\u00fczgar trib\u00fcnlerini \u00fclkeye getirtmek amac\u0131yla 10 y\u0131l u\u011fra\u015ft\u0131k kanun \u00e7\u0131karabilmek i\u00e7in. Dolay\u0131s\u0131yla i\u015fadam\u0131 olarak daha fazla katk\u0131m olur bu \u00fclkeye diye d\u00fc\u015f\u00fcn\u00fcyorum\u201d diye konu\u015ftu.<\/p>\n<p style=\"color: #535353;\">Kaynak: Ak\u0131ll\u0131 Binam<\/p>\n<p><\/p>","protected":false},"excerpt":{"rendered":"<p>Sorry, this entry is only available in Turkish. For the sake of viewer convenience, the content is shown below in the alternative language. You may click the link to switch the active language. Polat Ailesi\u2019nin sahibi oldu\u011fu \u0130brahim Polat Holding\u2019ten bir holding daha \u00e7\u0131kt\u0131. Adnan Polat, \u0130brahim Polat Holding\u2019ten ayr\u0131larak Polat Holding\u2019i kurdu. Polat, \u201cH\u0131zl\u0131 [&hellip;]<\/p>\n","protected":false},"author":1,"featured_media":42648,"comment_status":"open","ping_status":"open","sticky":false,"template":"","format":"standard","meta":[],"categories":[53],"tags":[2638,63,67,1009,2698,165,227,13,4396,24760,4798,24759,474,24758,69,16,312],"views":1805,"_links":{"self":[{"href":"https:\/\/www.enerjigazetesi.ist\/en\/wp-json\/wp\/v2\/posts\/42647"}],"collection":[{"href":"https:\/\/www.enerjigazetesi.ist\/en\/wp-json\/wp\/v2\/posts"}],"about":[{"href":"https:\/\/www.enerjigazetesi.ist\/en\/wp-json\/wp\/v2\/types\/post"}],"author":[{"embeddable":true,"href":"https:\/\/www.enerjigazetesi.ist\/en\/wp-json\/wp\/v2\/users\/1"}],"replies":[{"embeddable":true,"href":"https:\/\/www.enerjigazetesi.ist\/en\/wp-json\/wp\/v2\/comments?post=42647"}],"version-history":[{"count":1,"href":"https:\/\/www.enerjigazetesi.ist\/en\/wp-json\/wp\/v2\/posts\/42647\/revisions"}],"predecessor-version":[{"id":42649,"href":"https:\/\/www.enerjigazetesi.ist\/en\/wp-json\/wp\/v2\/posts\/42647\/revisions\/42649"}],"wp:featuredmedia":[{"embeddable":true,"href":"https:\/\/www.enerjigazetesi.ist\/en\/wp-json\/wp\/v2\/media\/42648"}],"wp:attachment":[{"href":"https:\/\/www.enerjigazetesi.ist\/en\/wp-json\/wp\/v2\/media?parent=42647"}],"wp:term":[{"taxonomy":"category","embeddable":true,"href":"https:\/\/www.enerjigazetesi.ist\/en\/wp-json\/wp\/v2\/categories?post=42647"},{"taxonomy":"post_tag","embeddable":true,"href":"https:\/\/www.enerjigazetesi.ist\/en\/wp-json\/wp\/v2\/tags?post=42647"}],"curies":[{"name":"wp","href":"https:\/\/api.w.org\/{rel}","templated":true}]}}